{"id":945271,"date":"2026-04-14T14:00:15","date_gmt":"2026-04-14T14:00:15","guid":{"rendered":"https:\/\/www.europesays.com\/de\/945271\/"},"modified":"2026-04-14T14:00:15","modified_gmt":"2026-04-14T14:00:15","slug":"einbrueche-in-bottrop-polizei-recklinghausen-sucht-taeter","status":"publish","type":"post","link":"https:\/\/www.europesays.com\/de\/945271\/","title":{"rendered":"Einbr\u00fcche in Bottrop: Polizei Recklinghausen sucht T\u00e4ter"},"content":{"rendered":"<p>\t\tEinbr\u00fcche in Wohnh\u00e4user in Bottrop<br \/>\n\t\t\t\t\tT\u00e4terbeschreibungen liegen vor<\/p>\n<p>    <a href=\"https:\/\/www.recklinghaeuser-zeitung.de\/wp-content\/uploads\/2026\/04\/13\/13\/630_0900_6048309_-1648x824.jpg\" rel=\"nofollow noopener\" target=\"_blank\"><\/p>\n<p>            <img loading=\"lazy\" decoding=\"async\" src=\"https:\/\/www.europesays.com\/de\/wp-content\/uploads\/2026\/04\/630_0900_6048308_-640x426.jpg\" width=\"640\" height=\"426\"  alt=\"Blaulicht auf einem Polizeiwagen.\"\/><\/p>\n<p>    <\/a><br \/>\n    Die Polizei Recklinghausen wurde zu zwei Einbr\u00fcchen in einem Wohngebiet in Bottrop gerufen. \u00a9 Rolf Vennenbernd\/dpa<\/p>\n<p class=\"article__teaser-text\">Einbrecher treiben ihr Unwesen in Bottrop. Dort waren Verd\u00e4chtige bereits am Vortag aufgefallen.<\/p>\n<p>1 Min Lesezeit<\/p>\n<p>Gleich zwei Einbr\u00fcche in Wohngebieten in Bottrop besch\u00e4ftigen derzeit die zust\u00e4ndige <a target=\"_blank\" href=\"https:\/\/www.recklinghaeuser-zeitung.de\/blaulicht-recklinghausen\/\" rel=\"nofollow noopener\">Polizei Recklinghausen<\/a>: Am Freitag (10.4.) wurde in eine Doppelhaush\u00e4lfte am Brabecker Weg eingebrochen, zudem versuchte ein Unbekannter am selben Tag an der Stra\u00dfe Im Blankenfeld in ein Haus einzudringen.<\/p>\n<p>\t\t<a href=\"https:\/\/www.recklinghaeuser-zeitung.de\/recklinghausen\/einbruch-recklinghausen-schmalkalder-strasse-moebelhaus-zwei-tresore-polizei-sucht-zeugen-w1179070-6001259153\/\" rel=\"nofollow noopener\" aria-hidden=\"true\" tabindex=\"-1\" title=\"Polizei fahndet nach Einbruch bei Ostermann Unbekannte fl\u00fcchten mit zwei Tresoren\" aria-label=\"Polizei fahndet nach Einbruch bei Ostermann Unbekannte fl\u00fcchten mit zwei Tresoren\" target=\"_blank\"><\/p>\n<p>                <img decoding=\"async\" src=\"https:\/\/www.europesays.com\/de\/wp-content\/uploads\/2026\/04\/630_0900_6051791_-160x160.jpg\"  width=\"160\" height=\"160\" alt=\"Das M\u00f6belhaus Ostermann in Recklinghausen aus der Vogelperspektive.\" loading=\"lazy\"\/><\/p>\n<p>\t\t<\/a><\/p>\n<p>Im Fall des Einbruchs am Brabecker Weg verschafften sich unbekannte T\u00e4ter zwischen 7.15 Uhr und 18.45 Uhr \u00fcber den Garten Zugang zum Haus, indem sie eine Terrassent\u00fcr aufhebelten. Sie durchsuchten das Schlafzimmer und entwendeten Bargeld. Bereits am Vortag waren zwei verd\u00e4chtige Personen in der Stra\u00dfe aufgefallen. Ob sie mit der Tat in Verbindung stehen, ist bislang unklar. Die Polizei beschreibt sie als korpulenten Mann (25\u201330 Jahre, gelbe Daunenjacke) und sehr schlanke Frau (20\u201325 Jahre, lange rote Haare).<\/p>\n<p>\t\t<a href=\"https:\/\/www.recklinghaeuser-zeitung.de\/recklinghausen\/polizei-recklinghausen-fasst-fahrraddieb-55-jaehrigen-beisinger-weg-herrenrad-bahnhof-w1178859-6001259049\/\" rel=\"nofollow noopener\" aria-hidden=\"true\" tabindex=\"-1\" title=\"Anwohner geben Hinweis Polizei nimmt Fahrraddieb in Recklinghausen fest\" aria-label=\"Anwohner geben Hinweis Polizei nimmt Fahrraddieb in Recklinghausen fest\" target=\"_blank\"><\/p>\n<p>                <img decoding=\"async\" src=\"https:\/\/www.europesays.com\/de\/wp-content\/uploads\/2026\/04\/630_0900_6045273_-160x160.jpg\"  width=\"160\" height=\"160\" alt=\"Jemand durchtrennt mit einem Bolzenschneider ein Fahrradschloss.\" loading=\"lazy\"\/><\/p>\n<p>\t\t<\/a><\/p>\n<p>Am fr\u00fchen Freitagmorgen gegen 5 Uhr betrat ein weiterer unbekannter Mann ein Grundst\u00fcck an der Stra\u00dfe Im Blankenfeld. Er durchsuchte ein unverschlossenes Auto und versuchte anschlie\u00dfend, mit einem darin gefundenen Schl\u00fcssel die Haust\u00fcr zu \u00f6ffnen. Als dies misslang, fl\u00fcchtete er. Eine \u00dcberwachungskamera lieferte Bilder des Mannes, der etwa 30 Jahre alt ist, kurze dunkle Haare und einen Bart tr\u00e4gt sowie mit einer gr\u00fcnen Steppweste, dunklem Oberteil und heller Jeans bekleidet war.<\/p>\n<p>\t\t<a href=\"https:\/\/www.recklinghaeuser-zeitung.de\/recklinghausen\/einbruch-autodiebstahl-recklinghausen-dortmund-jugendliche-stehlen-3-autos-zum-wetterschacht-w1178774-6001258713\/\" rel=\"nofollow noopener\" aria-hidden=\"true\" tabindex=\"-1\" title=\"Einbruch in Recklinghausen Jugendliche stehlen Schl\u00fcssel und drei Autos aus Werkstatt\" aria-label=\"Einbruch in Recklinghausen Jugendliche stehlen Schl\u00fcssel und drei Autos aus Werkstatt\" target=\"_blank\"><\/p>\n<p>                <img decoding=\"async\" src=\"https:\/\/www.europesays.com\/de\/wp-content\/uploads\/2026\/04\/630_0900_6044392_-160x160.jpg\"  width=\"160\" height=\"160\" alt=\"Die Polizei wurde am Sonntagnachmittag (12.4.) nach einem Einbruch zu einer Autowerkstatt an der Stra\u00dfe Zum Wetterschacht in Recklinghausen gerufen.\" loading=\"lazy\"\/><\/p>\n<p>\t\t<\/a><\/p>\n<p>In beiden F\u00e4llen dauern die Ermittlungen an. Wer etwas beobachtet hat, wird gebeten, sich unter Tel. 0800\/2361 111 zu melden.<\/p>\n","protected":false},"excerpt":{"rendered":"Einbr\u00fcche in Wohnh\u00e4user in Bottrop T\u00e4terbeschreibungen liegen vor Die Polizei Recklinghausen wurde zu zwei Einbr\u00fcchen in einem Wohngebiet&hellip;\n","protected":false},"author":2,"featured_media":945272,"comment_status":"","ping_status":"","sticky":false,"template":"","format":"standard","meta":{"footnotes":"","_share_on_mastodon":"0"},"categories":[1834],"tags":[3364,29,18988,3688,30,1209,3826],"class_list":["post-945271","post","type-post","status-publish","format-standard","has-post-thumbnail","category-essen","tag-de","tag-deutschland","tag-einbrueche","tag-essen","tag-germany","tag-nordrhein-westfalen","tag-sicherheit-kriminalitaet"],"share_on_mastodon":{"url":"https:\/\/pubeurope.com\/@de\/116403426586874211","error":""},"_links":{"self":[{"href":"https:\/\/www.europesays.com\/de\/wp-json\/wp\/v2\/posts\/945271","targetHints":{"allow":["GET"]}}],"collection":[{"href":"https:\/\/www.europesays.com\/de\/wp-json\/wp\/v2\/posts"}],"about":[{"href":"https:\/\/www.europesays.com\/de\/wp-json\/wp\/v2\/types\/post"}],"author":[{"embeddable":true,"href":"https:\/\/www.europesays.com\/de\/wp-json\/wp\/v2\/users\/2"}],"replies":[{"embeddable":true,"href":"https:\/\/www.europesays.com\/de\/wp-json\/wp\/v2\/comments?post=945271"}],"version-history":[{"count":0,"href":"https:\/\/www.europesays.com\/de\/wp-json\/wp\/v2\/posts\/945271\/revisions"}],"wp:featuredmedia":[{"embeddable":true,"href":"https:\/\/www.europesays.com\/de\/wp-json\/wp\/v2\/media\/945272"}],"wp:attachment":[{"href":"https:\/\/www.europesays.com\/de\/wp-json\/wp\/v2\/media?parent=945271"}],"wp:term":[{"taxonomy":"category","embeddable":true,"href":"https:\/\/www.europesays.com\/de\/wp-json\/wp\/v2\/categories?post=945271"},{"taxonomy":"post_tag","embeddable":true,"href":"https:\/\/www.europesays.com\/de\/wp-json\/wp\/v2\/tags?post=945271"}],"curies":[{"name":"wp","href":"https:\/\/api.w.org\/{rel}","templated":true}]}}