{"id":945359,"date":"2026-04-14T14:50:23","date_gmt":"2026-04-14T14:50:23","guid":{"rendered":"https:\/\/www.europesays.com\/de\/945359\/"},"modified":"2026-04-14T14:50:23","modified_gmt":"2026-04-14T14:50:23","slug":"baustellen-entenfang-fuehren-zu-sev-und-umleitungen-im-oepnv-karlsruhe-bis-sommer","status":"publish","type":"post","link":"https:\/\/www.europesays.com\/de\/945359\/","title":{"rendered":"Baustellen Entenfang f\u00fchren zu SEV und Umleitungen im \u00d6PNV Karlsruhe bis Sommer"},"content":{"rendered":"<p class=\"mb-6 text-xs md:text-m lg:text-l font-serif group-[.font-sans]:font-sans \">\n    Im Zuge <a href=\"https:\/\/www.ka-news.de\/karlsruhe\/verkehr\/baustellen-karlsruhe-2026-hier-drohen-sperrungen-und-verkehrsbehinderungen-14-4-26-113686782\" target=\"_self\" class=\"underline \" rel=\"nofollow noopener\">umfangreicher Sanierungsarbeiten am Karlsruher Schienennetz<\/a> wird es <strong class=\"font-bold\">bis zu den Sommerferien zu durchgehenden Bauarbeiten im Bereich Entenfang<\/strong> kommen. Da die Verkehrsbetriebe <a href=\"https:\/\/www.ka-news.de\/promis\/karlsruhe-kulturlandschaft-technologieregion-und-residenz-des-rechts-die-faecherstadt-im-ueberblick-art-2783253\" target=\"_self\" class=\"underline \" rel=\"nofollow noopener\">Karlsruhe<\/a> (VBK) in verschiedenen Etappen die Gleise und Weichen austauschen werden, wird es zeitweise zu<strong class=\"font-bold\"> erheblichen Einschr\u00e4nkungen im Stra\u00dfenbahnverkehr<\/strong> kommen. Mehrere Linien m\u00fcssen umgeleitet werden.\n  <\/p>\n<p>    <img decoding=\"async\" src=\"https:\/\/www.europesays.com\/de\/wp-content\/uploads\/2026\/04\/img8753-1.jpg\" alt=\"Neue Dauerbaustelle am Entenfang, 14. April 2026.\" title=\"Neue Dauerbaustelle am Entenfang, 14. April 2026.\" loading=\"lazy\" class=\"h-full w-full object-cover\"\/><\/p>\n<p>      Icon vergr\u00f6\u00dfern<\/p>\n<p>    Neue Dauerbaustelle am Entenfang, 14. April 2026.<br \/>\n    Foto: Thomas Riedel<\/p>\n<p>        Schlie\u00dfen <\/p>\n<p>      Icon Schlie\u00dfen<\/p>\n<p>        Icon vergr\u00f6\u00dfern<\/p>\n<p>        Icon verkleinern<\/p>\n<p>      Icon Pfeil bewegen<\/p>\n<p>    Neue Dauerbaustelle am Entenfang, 14. April 2026.<br \/>\n    Foto: Thomas Riedel<\/p>\n<p class=\"mb-6 text-xs md:text-m lg:text-l font-serif group-[.font-sans]:font-sans \">\n    <a href=\"https:\/\/www.ka-news.de\/karlsruhe\/verkehr\/baustelle-entenfang-karlsruhe-linie-5-wird-umgeleitet-14-4-26-113904625\" target=\"_self\" class=\"underline \" rel=\"nofollow noopener\">Die Bauarbeiten im ersten Abschnitt haben am 13. April begonnen und f\u00fchren bereits zu Einschr\u00e4nkungen im Nahverkehr.<\/a> <strong class=\"font-bold\">Ab dem 11. Mai entfallen die Haltestelle Entenfang sowie mehrere Haltestellen in M\u00fchlburg vollst\u00e4ndig.<\/strong> In den betroffenen Bereichen wird ein Schienenersatzverkehr (SEV) eingerichtet.\n  <\/p>\n<p>            13. April bis 11. Mai: Streckensperrung Weinbrennerplatz\u2013Entenfang<\/p>\n<ul rel=\"\" class=\"[&amp;&gt;li]:relative list-none  [&amp;&gt;li]:pl-[1.2em] [&amp;&gt;li]:marker:text-[0] [&amp;&gt;li]:relative [&amp;&gt;li]:before:absolute [&amp;&gt;li]:before:w-3 [&amp;&gt;li]:before:h-3 [&amp;&gt;li]:before:bg-brand [&amp;&gt;li]:before:left-0 [&amp;&gt;li]:before:top-[8px] [&amp;&gt;li]:before:rounded-full  my-5\">\n<li class=\" mb-3 text-xs md:text-m lg:text-l\">Betroffene Linien? Linie 5<\/li>\n<li class=\" mb-3 text-xs md:text-m lg:text-l\">Betroffene Strecke?\u00a0Sperrung im Streckenabschnitt zwischen Weinbrennerplatz und Entenfang \u2013 Umleitung der Linie 5 \u00fcber die Schillerstra\u00dfe und Kaiserallee.<\/li>\n<li class=\" mb-3 text-xs md:text-m lg:text-l\">Ersatz\/SEV?  VBK-Buslinie 55 (Hauptbahnhof \u2013 Bannwaldallee) kann als Ersatz genutzt werden. Au\u00dferhalb der Fahrzeiten der Buslinie 55 bedient die SEV-Linie 15 die Haltestellen Weinbrennerplatz, H\u00fcbschstra\u00dfe und K\u00fchler Krug. Die Haltestelle M\u00fchlburger Feld f\u00e4llt aus.<\/li>\n<li class=\" mb-3 text-xs md:text-m lg:text-l\">Einschr\u00e4nkung Stra\u00dfenverkehr? Sperrung der Anschlussstelle 6 der B10\/S\u00fcdtangente in Richtung B36 und M\u00fchlburg\/Lameystra\u00dfe.<\/li>\n<\/ul>\n<p>    <img decoding=\"async\" src=\"https:\/\/www.europesays.com\/de\/wp-content\/uploads\/2026\/04\/img8741-2.jpg\" alt=\"Neue Dauerbaustelle am Entenfang, 14. April 2026.\" title=\"Neue Dauerbaustelle am Entenfang, 14. April 2026.\" loading=\"lazy\" class=\"h-full w-full object-cover\"\/><\/p>\n<p>      Icon vergr\u00f6\u00dfern<\/p>\n<p>    Neue Dauerbaustelle am Entenfang, 14. April 2026.<br \/>\n    Foto: Thomas Riedel<\/p>\n<p>        Schlie\u00dfen <\/p>\n<p>      Icon Schlie\u00dfen<\/p>\n<p>        Icon vergr\u00f6\u00dfern<\/p>\n<p>        Icon verkleinern<\/p>\n<p>      Icon Pfeil bewegen<\/p>\n<p>    Neue Dauerbaustelle am Entenfang, 14. April 2026.<br \/>\n    Foto: Thomas Riedel<\/p>\n<ol class=\"list-decimal my-4 list-inside\">\n<\/ol>\n<p>            11. Mai bis 21. Juni: Streckensperrung M\u00fchlburger Tor\u2013Entenfang\u2013Rheinbergstra\u00dfe<\/p>\n<ul rel=\"\" class=\"[&amp;&gt;li]:relative list-none  [&amp;&gt;li]:pl-[1.2em] [&amp;&gt;li]:marker:text-[0] [&amp;&gt;li]:relative [&amp;&gt;li]:before:absolute [&amp;&gt;li]:before:w-3 [&amp;&gt;li]:before:h-3 [&amp;&gt;li]:before:bg-brand [&amp;&gt;li]:before:left-0 [&amp;&gt;li]:before:top-[8px] [&amp;&gt;li]:before:rounded-full  my-5\">\n<li class=\" mb-3 text-xs md:text-m lg:text-l\">Betroffene Linien? S2, S5, S51, Linie 3, 5 und 17<\/li>\n<li class=\" mb-3 text-xs md:text-m lg:text-l\">Betroffene Strecke?\u00a0Sperrung im Streckenabschnitt zwischen Yorkstra\u00dfe und Entenfang \u2013 Die Linien 3, 5, 17 und S2 werden durchgehend umgeleitet. F\u00fcr die Linien S5 und S51 kommt es zu unterschiedlichen Sperrzust\u00e4nden und einer zeitweisen Umleitung auf die DB-Strecke via Karlsruhe-M\u00fchlburg und Albtalbahnhof zum Marktplatz (als S52 und S53).<\/li>\n<li class=\" mb-3 text-xs md:text-m lg:text-l\">Ersatz\/SEV?  Die SEV-Linie 14 verkehrt zwischen Entenfang und Rheinhafen. Die SEV-Linie 15 f\u00e4hrt im gesperrten Streckenbereich die Haltestellen zwischen W\u00f6rth\/Rheinbergstra\u00dfe und M\u00fchlburger Tor an.<\/li>\n<li class=\" mb-3 text-xs md:text-m lg:text-l\">Einschr\u00e4nkung Stra\u00dfenverkehr? Sperrung in eine Fahrtrichtung Am Entenfang Richtung Lameystra\u00dfe.<\/li>\n<\/ul>\n<p>    <img decoding=\"async\" src=\"https:\/\/www.europesays.com\/de\/wp-content\/uploads\/2026\/04\/img8739-2.jpg\" alt=\"Neue Dauerbaustelle am Entenfang, 14. April 2026.\" title=\"Neue Dauerbaustelle am Entenfang, 14. April 2026.\" loading=\"lazy\" class=\"h-full w-full object-cover\"\/><\/p>\n<p>      Icon vergr\u00f6\u00dfern<\/p>\n<p>    Neue Dauerbaustelle am Entenfang, 14. April 2026.<br \/>\n    Foto: Thomas Riedel<\/p>\n<p>        Schlie\u00dfen <\/p>\n<p>      Icon Schlie\u00dfen<\/p>\n<p>        Icon vergr\u00f6\u00dfern<\/p>\n<p>        Icon verkleinern<\/p>\n<p>      Icon Pfeil bewegen<\/p>\n<p>    Neue Dauerbaustelle am Entenfang, 14. April 2026.<br \/>\n    Foto: Thomas Riedel<\/p>\n<p>            21. Juni bis 30. Juli: Entenfang teilweise wieder freigegeben<\/p>\n<p class=\"mb-6 text-xs md:text-m lg:text-l font-serif group-[.font-sans]:font-sans \">\n    In der dritten und letzten Bauphase am Entenfang kommt es noch zu Einschr\u00e4nkungen auf den <strong class=\"font-bold\">Linien 3<\/strong> und <strong class=\"font-bold\">S2<\/strong> sowie den Buslinien am Entenfang, wie der Karlsruher Verkehrsbund (KVV) mitteilt. Informationen zu SEV-Linien liegen derzeit noch keine vor.\n  <\/p>\n<p class=\"mb-6 text-xs md:text-m lg:text-l font-serif group-[.font-sans]:font-sans \">\n    Laut Fahrplanauskunft der Deutschen Bahn (DB) soll die Strecke zwischen <strong class=\"font-bold\">M\u00fchlburger Tor<\/strong> und<strong class=\"font-bold\"> Entenfang<\/strong> ab dem <strong class=\"font-bold\">21. Juni wieder regul\u00e4r befahren<\/strong> werden. Am 20. Juni fahren die Linien in diesem Streckenbereich laut der DB-App noch die Umleitung.\n  <\/p>\n<ul data-module-id=\"DragDropModule\" class=\"flex flex-wrap justify-start group-[.no-bookmarks]:hidden\">\n<li class=\"mb-3 mr-3\">\n    Gerrit Lieb<\/p>\n<p>      Icon Haken im Kreis gesetzt<\/p>\n<p>      Icon Plus im Kreis<\/p>\n<\/li>\n<li class=\"mb-3 mr-3\">\n    Entenfang<\/p>\n<p>      Icon Haken im Kreis gesetzt<\/p>\n<p>      Icon Plus im Kreis<\/p>\n<\/li>\n<li class=\"mb-3 mr-3\">\n    Sperrung<\/p>\n<p>      Icon Haken im Kreis gesetzt<\/p>\n<p>      Icon Plus im Kreis<\/p>\n<\/li>\n<\/ul>\n","protected":false},"excerpt":{"rendered":"Im Zuge umfangreicher Sanierungsarbeiten am Karlsruher Schienennetz wird es bis zu den Sommerferien zu durchgehenden Bauarbeiten im Bereich&hellip;\n","protected":false},"author":2,"featured_media":945360,"comment_status":"","ping_status":"","sticky":false,"template":"","format":"standard","meta":{"footnotes":"","_share_on_mastodon":"0"},"categories":[1844],"tags":[83984,1634,2461,5219,3364,2030,29,190995,30,8903,16419,11290,2224,83797],"class_list":["post-945359","post","type-post","status-publish","format-standard","has-post-thumbnail","category-karlsruhe","tag-dauerbaustelle","tag-baden-wuerttemberg","tag-baustelle","tag-db","tag-de","tag-deutsche-bahn","tag-deutschland","tag-entenfang","tag-germany","tag-karlsruhe","tag-sanierungsarbeit","tag-sommerferien","tag-sperrung","tag-vbk"],"share_on_mastodon":{"url":"https:\/\/pubeurope.com\/@de\/116403623546724926","error":""},"_links":{"self":[{"href":"https:\/\/www.europesays.com\/de\/wp-json\/wp\/v2\/posts\/945359","targetHints":{"allow":["GET"]}}],"collection":[{"href":"https:\/\/www.europesays.com\/de\/wp-json\/wp\/v2\/posts"}],"about":[{"href":"https:\/\/www.europesays.com\/de\/wp-json\/wp\/v2\/types\/post"}],"author":[{"embeddable":true,"href":"https:\/\/www.europesays.com\/de\/wp-json\/wp\/v2\/users\/2"}],"replies":[{"embeddable":true,"href":"https:\/\/www.europesays.com\/de\/wp-json\/wp\/v2\/comments?post=945359"}],"version-history":[{"count":0,"href":"https:\/\/www.europesays.com\/de\/wp-json\/wp\/v2\/posts\/945359\/revisions"}],"wp:featuredmedia":[{"embeddable":true,"href":"https:\/\/www.europesays.com\/de\/wp-json\/wp\/v2\/media\/945360"}],"wp:attachment":[{"href":"https:\/\/www.europesays.com\/de\/wp-json\/wp\/v2\/media?parent=945359"}],"wp:term":[{"taxonomy":"category","embeddable":true,"href":"https:\/\/www.europesays.com\/de\/wp-json\/wp\/v2\/categories?post=945359"},{"taxonomy":"post_tag","embeddable":true,"href":"https:\/\/www.europesays.com\/de\/wp-json\/wp\/v2\/tags?post=945359"}],"curies":[{"name":"wp","href":"https:\/\/api.w.org\/{rel}","templated":true}]}}