{"id":945367,"date":"2026-04-14T14:54:17","date_gmt":"2026-04-14T14:54:17","guid":{"rendered":"https:\/\/www.europesays.com\/de\/945367\/"},"modified":"2026-04-14T14:54:17","modified_gmt":"2026-04-14T14:54:17","slug":"shopping-queen-in-bielefeld-startet-so-schlaegt-sich-die-erste-kandidatin","status":"publish","type":"post","link":"https:\/\/www.europesays.com\/de\/945367\/","title":{"rendered":"Shopping Queen in Bielefeld startet: So schl\u00e4gt sich die erste Kandidatin"},"content":{"rendered":"<p id=\"absatz1\" class=\"em_text\">Bielefeld. \u201eDas ist ja die Stadt, die es gar nicht geben soll.\u201c Genau 34 Sekunden Sendezeit der neuen Shopping-Queen-Woche in Bielefeld vergehen, bis es Juror und Moderator Guido Maria Kretschmer entf\u00e4hrt. Die reichlich angestaubte Erst-Assoziation mit der Stadt sei ihm verziehen. Immerhin l\u00e4sst er nach mehr als zwei Jahren Pause in Bielefeld wieder f\u00fcnf mode- und konsumbegeisterte Frauen um die Wette shoppen.<\/p>\n<p id=\"absatz2\" class=\"em_text\">Die Regeln: Kretschmer verk\u00fcndet ein Stil-Motto zu Beginn der Woche. Von Montag bis Freitag stellt sich jeweils eine Frau dazu ein Outfit zusammen. 500 Euro Budget, inklusive Accessoires und Schuhen. Vier Stunden Zeit \u2013 Shopping nur in Bielefelds L\u00e4den. Am Tagesende bewerten die Frauen gegenseitig ihr Outfit mit 1 bis 10 Punkten. Abschlie\u00dfend bewertet auch Moderator Kretschmer die Outfits. Die Kandidatin mit den meisten Punkten wird Shopping Queen und gewinnt 1.000 Euro.<\/p>\n<p id=\"absatz3\" class=\"em_text\">Das Motto f\u00fcr die Folgen 2.683 bis 2.686: \u201eBl\u00fctenzauber \u2013 kreiere ein stylisches Outfit mit floralem Print!\u201c Die f\u00fcnf Kandidatinnen sind zwischen 25 und 54 Jahre alt, kommen teilweise aus Lage oder G\u00fctersloh. Am Montag, 13. April, ist das Nesth\u00e4kchen dran: J\u00fclide, 25, studiert Englisch und Deutsch auf Lehramt, jobbt nebenbei in einem Caf\u00e9 und erw\u00e4gt den Umstieg auf Fotografie.<\/p>\n<p>\n        \u00d7\n    <\/p>\n<p>\n            Sie erhalten in wenigen Minuten eine E-Mail zur Best\u00e4tigung Ihrer Anmeldung.\n        <\/p>\n<p>Erst danach ist diese abgeschlossen.<\/p>\n<p>Bitte pr\u00fcfen Sie auch den Spam-Ordner.<\/p>\n<p>\n        \u00d7\n    <\/p>\n<p>\n            Sie haben bisher Ihre E-Mail-Adresse noch nicht best\u00e4tigt.\n        <\/p>\n<p>Erst danach ist diese abgeschlossen.<\/p>\n<p>Bitte pr\u00fcfen Sie auch den Spam-Ordner.<\/p>\n<p>\n        \u00d7\n    <\/p>\n<p>\n            Es ist einen Fehler aufgetreten\n        <\/p>\n<p>Bei Fragen hilft unser Newsletter-Support<\/p>\n<p> Newsletter<\/p>\n<p> Essen &amp; Erleben<\/p>\n<p>Die besten Restaurants, Events und Trends aus Bielefeld.<\/p>\n<p>                Jetzt anmelden<\/p>\n<p>\u201eShopping Queen\u201c-Kandidatinnen aus Bielefelder Einzugsgebiet<\/p>\n<p class=\"em_text\">Kurzvorstellung der anderen Kandidatinnen: Rosio, eine 40-j\u00e4hrige S\u00e4ngerin mit kubanischen Wurzeln, bezeichnet ihr dunkles Paillettenkleid als \u201eArbeitskleidung\u201c. Heike, 54 Jahre alt, aus Lage-Ehrentrup, ist Kosmetikerin mit Leidenschaft, \u201ePickel ausdr\u00fccken und Fu\u00dfpflege ist das Allersch\u00f6nste\u201c. Viktoria, Sachbearbeiterin und Wimpernstylistin, ist 45 Jahre alt. Ihr Sohn habe versucht, ihre Schuhpaare zu z\u00e4hlen, und bei 220 Paaren aufgeh\u00f6rt. Und Cheryn, Permanent-Make-up-Artist, hat eine eigene Marke f\u00fcr Beauty-Produkte und eine schwarze K\u00fcche. Kommentar Kretschmer: \u201eSehr dunkel, ne?\u201c<\/p>\n<p>        <a href=\"https:\/\/www.nw.de\/_em_daten\/_cache\/image\/1xblY5ZWlKTjJTYjUwc1NOV3NJVFAyUjdISTNKWGFQNnRpZS9Sc0VGTzZqTGZId25CYkQwSFpDcjZQeGJuaFAyYm5hdytUcld2NWFicUtOOEpScXR4ZVV5eEhEcVNtM1BoTUpHTUIvTS9VRXM9\/260414-1543-888704834.jpg\" class=\"nw-article-image\" title=\"Die \u00fcbrigen drei Kandidatinnen: S\u00e4ngerin Rosio (40, v. l.), Sachbearbeiterin Viktoria (45) und Kosmetikerin Heike (54).\" data-glightbox=\"type: image; description: Die \u00fcbrigen drei Kandidatinnen: S\u00e4ngerin Rosio (40, v. l.), Sachbearbeiterin Viktoria (45) und Kosmetikerin Heike (54).  | \u00a9 RTL \" rel=\"nofollow noopener\" target=\"_blank\"><br \/>\n            <img decoding=\"async\" src=\"https:\/\/www.europesays.com\/de\/wp-content\/uploads\/2026\/04\/260414-1543-888704834.jpg\" class=\"nw-img-fluid nw-w-full nw-lazy nw-rounded-t-md\" alt=\"Die \u00fcbrigen drei Kandidatinnen: S\u00e4ngerin Rosio (40, v. l.), Sachbearbeiterin Viktoria (45) und Kosmetikerin Heike (54). - \u00a9 RTL\" data-format=\"16:9\"\/><br \/>\n        <\/a><\/p>\n<p>                Die \u00fcbrigen drei Kandidatinnen: S\u00e4ngerin Rosio (40, v. l.), Sachbearbeiterin Viktoria (45) und Kosmetikerin Heike (54).<br \/>\n                                    | \u00a9 RTL<\/p>\n<p id=\"absatz5\" class=\"em_text\">J\u00fclide nimmt als Shopping-Begleitung ihren Freund Murat mit in die Innenstadt. Los geht es im Vintagestore \u201eUsed Studio\u201c an der Herforder Stra\u00dfe. \u201eDer hat wirklich viele coole Teile\u201c, sagt J\u00fclide. Verk\u00e4ufer Flo pr\u00e4sentiert zun\u00e4chst dezente Jeans-Oberteile mit Rosenprint, knallige Blusen und Hosen und ein Flower-Kleid im 80er-Jahre-Stil. Das probiert sie an und f\u00fchlt sich dabei \u201ewie eine Beate im Sekretariat\u201c, die ihre Gen-Z-Kolleginnen hasse.<\/p>\n<p id=\"absatz6\"><b class=\"bold\">\ud83d\udc55Mehr \u00fcber das \u201eUsed Studio\u201c:<\/b> <a href=\"https:\/\/www.nw.de\/lokal\/bielefeld\/mitte\/23875331_Louis-Vuitton-bis-Billigshirt-Besuch-in-einem-Bielefelder-Geschaeft-fuer-Secondhand-Mode-v1.html\" rel=\"nofollow noopener\" target=\"_blank\">Von Louis Vuitton bis zum Billigshirt<\/a><\/p>\n<p id=\"absatz7\" class=\"em_text\">J\u00fclide entscheidet sich schlie\u00dflich f\u00fcr eine wei\u00dfe Bluse mit gelbem, blauem und rotem Blumenprint, eine beige dezente Hose und einen G\u00fcrtel. Preis insgesamt: 64 Euro. Noch 2 Stunden und 46 Minuten.<\/p>\n<p id=\"absatz8\" class=\"em_text\">Ruben Deppe, Inhaber des Used Studio erkl\u00e4rt telefonisch am Tag nach der Ausstrahlung, das sei das dritte Mal, dass das Format in ihrem Store gedreht wurde. Beide Male h\u00e4tten Kunden ihn danach auf die Sendung angesprochen.<\/p>\n<p>\n                Empfohlener redaktioneller Inhalt\n            <\/p>\n<p>\n                Wir bieten an dieser Stelle weitere externe Informationen zu dem Artikel an. Mit einem Klick k\u00f6nnen Sie sich diese anzeigen lassen und auch wieder ausblenden.\n            <\/p>\n<p>\n                Wenn Sie sich externe Inhalte anzeigen lassen, erkl\u00e4ren Sie sich damit<br \/>\n                ein-verstanden, dass personenbezogene Daten an Drittplattformen<br \/>\n                \u00fcbermittelt werden.\n            <\/p>\n<p>                Weitere Hinweise dazu finden Sie in unserer<br \/>\n                <a href=\"\" class=\"nw-text-red-0\">Datenschutzerkl\u00e4rung.<\/a><\/p>\n<p>\u201eShopping Queen\u201c in Bielefeld: Pech beim Schuhekaufen<\/p>\n<p id=\"absatz9\" class=\"em_text\">N\u00e4chste Station: Bahnhofstra\u00dfe, Peek &amp; Cloppenburg. Dort kauft sie eine kleine, helle Handtasche, knapp 80 Euro. Schr\u00e4g gegen\u00fcber geht es in den \u201eVintage Schuppen\u201c, wo J\u00fclide eine rote Baskenm\u00fctze, Sonnenbrille, Kette und ein Tuch schie\u00dft: 59 Euro. Die Dreharbeiten f\u00fcr die aktuelle Folge haben schon 2025 stattgefunden, erkl\u00e4rt Ruben Deppe am Telefon. Da gab es den Vintage Schuppen noch. Seit November 2025 firmiert dort ein Blumengesch\u00e4ft. Pech f\u00fcr J\u00fclide bei einem Schuhladen in der Altstadt: Das passende Paar roter Schuhe mit Absatz hat unterschiedliche Farben \u2013 schuld ist die UV-Strahlung, weil ein Schuh offen im Schaufenster auslag. Sie schl\u00e4gt trotzdem zu. 29,99 Euro.<\/p>\n<p id=\"absatz10\" class=\"em_text\">Bevor sich J\u00fclide in der Bielefelder Stadthalle schlie\u00dflich ihren Konkurrentinnen pr\u00e4sentiert, geht sie zum Make-up-Artitsten und Friseur. Sympathisch: Von den 100 Euro, die sie dort l\u00e4sst, sind mehr als ein Viertel Trinkgeld. Sie hat beim Shoppen auf den Preis geachtet, fast 140 Euro sind \u00fcber. Und das Ergebnis?<\/p>\n<p id=\"absatz11\" class=\"em_text\">Wer die genaue Punktzahl erfahren m\u00f6chte, kann bei <a href=\"https:\/\/beta.plus.rtl.de\/shopping-queen-p_9108\/video\/tag-1-julide-bielefeld-c_1910548\" rel=\"nofollow noopener\" target=\"_blank\">RTL Plus diese<\/a> und alle weiteren Folgen streamen oder VOX einschalten, von 15 bis 16 Uhr. Nur so viel sei verraten: Die Frauen sind wohlwollend in ihrem Urteil \u2013 Empowerment schl\u00e4gt Stutenbissigkeit.<\/p>\n<p id=\"absatz12\"><b class=\"bold notion-enable-hover\">\ud83d\udcf1News direkt aufs Smartphone: <\/b><a data-token-index=\"1\" href=\"https:\/\/whatsapp.com\/channel\/0029VaeYHJ40Qeam4DWyn109\" rel=\"noopener noreferrer nofollow\" target=\"_blank\">Hier finden Sie den kostenlosen Whatsapp-Kanal der NW-Bielefeld<\/a><\/p>\n","protected":false},"excerpt":{"rendered":"Bielefeld. \u201eDas ist ja die Stadt, die es gar nicht geben soll.\u201c Genau 34 Sekunden Sendezeit der neuen&hellip;\n","protected":false},"author":2,"featured_media":945368,"comment_status":"","ping_status":"","sticky":false,"template":"","format":"standard","meta":{"footnotes":"","_share_on_mastodon":"0"},"categories":[1841],"tags":[1605,206006,102818,3364,29,206009,10120,30,20930,4280,1609,2378,10124,206008,198079,736,164252,22425,737,1209,206007,20931],"class_list":["post-945367","post","type-post","status-publish","format-standard","has-post-thumbnail","category-bielefeld","tag-bielefeld","tag-bltenzauber","tag-cnt_aufmacher","tag-de","tag-deutschland","tag-ehrentrup","tag-gtersloh","tag-germany","tag-guido-maria-kretschmer","tag-label_l-120","tag-label_plus-ok","tag-label_umfrage","tag-label_video","tag-maria-kretschmer","tag-meta_artikelklasse_seo","tag-meta_copyrights_nw","tag-meta_eo_zusammenfassung","tag-meta_themen_gastro_kochen_shopping","tag-meta_userneeds_lenkeab","tag-nordrhein-westfalen","tag-ruben-deppe","tag-shopping-queen"],"share_on_mastodon":{"url":"https:\/\/pubeurope.com\/@de\/116403638762533152","error":""},"_links":{"self":[{"href":"https:\/\/www.europesays.com\/de\/wp-json\/wp\/v2\/posts\/945367","targetHints":{"allow":["GET"]}}],"collection":[{"href":"https:\/\/www.europesays.com\/de\/wp-json\/wp\/v2\/posts"}],"about":[{"href":"https:\/\/www.europesays.com\/de\/wp-json\/wp\/v2\/types\/post"}],"author":[{"embeddable":true,"href":"https:\/\/www.europesays.com\/de\/wp-json\/wp\/v2\/users\/2"}],"replies":[{"embeddable":true,"href":"https:\/\/www.europesays.com\/de\/wp-json\/wp\/v2\/comments?post=945367"}],"version-history":[{"count":0,"href":"https:\/\/www.europesays.com\/de\/wp-json\/wp\/v2\/posts\/945367\/revisions"}],"wp:featuredmedia":[{"embeddable":true,"href":"https:\/\/www.europesays.com\/de\/wp-json\/wp\/v2\/media\/945368"}],"wp:attachment":[{"href":"https:\/\/www.europesays.com\/de\/wp-json\/wp\/v2\/media?parent=945367"}],"wp:term":[{"taxonomy":"category","embeddable":true,"href":"https:\/\/www.europesays.com\/de\/wp-json\/wp\/v2\/categories?post=945367"},{"taxonomy":"post_tag","embeddable":true,"href":"https:\/\/www.europesays.com\/de\/wp-json\/wp\/v2\/tags?post=945367"}],"curies":[{"name":"wp","href":"https:\/\/api.w.org\/{rel}","templated":true}]}}