{"id":945387,"date":"2026-04-14T15:05:23","date_gmt":"2026-04-14T15:05:23","guid":{"rendered":"https:\/\/www.europesays.com\/de\/945387\/"},"modified":"2026-04-14T15:05:23","modified_gmt":"2026-04-14T15:05:23","slug":"hilfskonferenz-in-berlin-am-mittwoch-un-warnen-europa-vor-folgen","status":"publish","type":"post","link":"https:\/\/www.europesays.com\/de\/945387\/","title":{"rendered":"Hilfskonferenz in Berlin am Mittwoch \u2013 UN warnen Europa vor Folgen"},"content":{"rendered":"<p>Gipfeltreffen am Mittwoch in Berlin <\/p>\n<p>UN warnen vor Drohnenkrieg in Sudan und Fl\u00fcchtlingswelle in Europa<\/p>\n<p>14.04.2026 &#8211; 16:30 UhrLesedauer: 2 Min.<\/p>\n<p><a href=\"#focus-0\" class=\"transition-colors duration-200 block text-current relative\" data-sctrack=\"FocusGalleryImage.Reference\"><img fetchpriority=\"high\" data-testid=\"Opener.Image\" style=\"--lqipURL:url('https:\/\/images.t-online.de\/2025\/08\/RIqL2edeCk4M\/0x190:2048x1152\/fit-in\/150x0\/filters:blur(25)\/fluechtlinge-aus-dem-sudan-archivbild.jpg')\"   loading=\"eager\" src=\"https:\/\/www.europesays.com\/de\/wp-content\/uploads\/2026\/04\/fluechtlinge-aus-dem-sudan-archivbild.jpg\" alt=\"Fl\u00fcchtlinge aus dem Sudan\" title=\"Fl\u00fcchtlinge aus dem Sudan\" width=\"2048\" height=\"1152\" class=\"bg-[url:var(--lqipURL)] bg-cover bg-center flex h-full w-full max-w-full\" decoding=\"async\"\/><img style=\"--width:32;--height:32\" loading=\"lazy\" src=\"https:\/\/www.t-online.de\/s\/paper\/_next\/static\/media\/zoom-in.f7dae02f.svg\" alt=\"Vergr\u00f6\u00dfern des Bildes\" title=\"Vergr\u00f6\u00dfern des Bildes\" class=\"block h-[calc(var(--height)_\/_16_*_1rem)] w-[calc(var(--width)_\/_16_*_1rem)] max-w-none absolute bottom-8 right-8 rounded-4 bg-snow p-8\" decoding=\"async\"\/><\/a><\/p>\n<p>Fl\u00fcchtlinge aus dem Sudan, mehr als vier Millionen Menschen haben das Land verlassen. (Archivbild) (Quelle: Eva-Maria Krafczyk\/dpa\/dpa-bilder)<\/p>\n<p class=\"font-bold text-18 leading-17 user-text-lg:text-22 user-text-xl:text-24\">In Berlin ber\u00e4t die Welt am Mittwoch \u00fcber weitere Hilfen f\u00fcr das B\u00fcrgerkriegsland Sudan. Die UN warnen vor dramatischen Folgen, sollte das Treffen scheitern.<\/p>\n<p class=\"text-18 leading-17 user-text-lg:text-22 user-text-xl:text-24\">Im B\u00fcrgerkriegsland Sudan sind UN-Angaben zufolge seit Jahresbeginn bereits fast 700 Zivilisten durch Drohnen get\u00f6tet worden. &#8222;In den ersten drei Monaten dieses Jahres wurden Berichten zufolge fast 700 Zivilisten bei Drohnenangriffen get\u00f6tet&#8220;, erkl\u00e4rte UN-Nothilfekoordinator Tom Fletcher am Dienstag. Der seit drei Jahren andauernde Krieg habe &#8222;die gr\u00f6\u00dfte humanit\u00e4re Krise der Welt&#8220; ausgel\u00f6st, f\u00fcgte er hinzu.<\/p>\n<p class=\"text-18 leading-17 user-text-lg:text-22 user-text-xl:text-24\">Am Mittwoch j\u00e4hrt sich der Beginn des Kriegs am 15. April 2023 zum dritten Mal. In <a class=\"transition-colors duration-200 cursor-pointer text-inherit no-underline text-salemsfur md:hover:text-magenta md:hover:border-magenta md:focus:text-magenta border-current border-b border-solid break-words\" data-tracking=\"{&quot;action&quot;:&quot;click&quot;,&quot;category&quot;:&quot;intextLink&quot;,&quot;label&quot;:&quot;https:\/\/berlin.t-online.de\/region\/berlin\/&quot;}\" href=\"https:\/\/berlin.t-online.de\/region\/berlin\/\" data-sctrack=\"BodyAnchor\" rel=\"nofollow noopener\" target=\"_blank\">Berlin<\/a> findet anl\u00e4sslich des Jahrestags eine internationale Sudan-Konferenz statt.<\/p>\n<p class=\"text-18 leading-17 user-text-lg:text-22 user-text-xl:text-24\">In den vergangenen Monaten fanden im Sudan fast t\u00e4glich Drohnenangriffe statt \u2013 insbesondere in der Region S\u00fcdkordofan, dem Hauptschauplatz des B\u00fcrgerkriegs, sowie in den von der RSF-Miliz kontrollierten westlichen Regionen, darunter Darfur. Millionen Menschen seien aus ihren H\u00e4usern und ihrem Land vertrieben worden, ganze Gemeinden seien entv\u00f6lkert und Familien immer wieder aufs Neue entwurzelt worden, betonte Fletcher. &#8222;Das Risiko einer zunehmenden regionalen Instabilit\u00e4t ist hoch&#8220;, warnte er.<\/p>\n<p class=\"text-18 leading-17 user-text-lg:text-22 user-text-xl:text-24\">Drei Jahre Krieg h\u00e4tten dem Land erheblichen Schaden zugef\u00fcgt. Fast 34 Millionen Menschen und damit fast zwei Drittel der Bev\u00f6lkerung ben\u00f6tigten humanit\u00e4re Hilfe. Hunderttausende Kinder seien unterern\u00e4hrt, Frauen und M\u00e4dchen seien systematischer und brutaler sexualisierter Gewalt ausgesetzt, erkl\u00e4rte Fletcher weiter. Im vergangenen Jahr habe humanit\u00e4re Hilfe 17 Millionen Menschen im Sudan erreicht \u2013 dieses Jahr werde versucht, 20 Millionen Menschen zu erreichen.<\/p>\n<p class=\"text-18 leading-17 user-text-lg:text-22 user-text-xl:text-24\">Laut UN-Angaben leben sieben von zehn Menschen im Sudan in Armut. Mit etwa 11,6 Millionen Fl\u00fcchtlingen und Binnenvertriebenen ist der B\u00fcrgerkrieg im Sudan laut <a class=\"transition-colors duration-200 cursor-pointer text-inherit no-underline text-salemsfur md:hover:text-magenta md:hover:border-magenta md:focus:text-magenta border-current border-b border-solid break-words\" data-tracking=\"{&quot;action&quot;:&quot;click&quot;,&quot;category&quot;:&quot;intextLink&quot;,&quot;label&quot;:&quot;\/themen\/un\/&quot;}\" href=\"https:\/\/www.t-online.de\/themen\/un\/\" data-sctrack=\"BodyAnchor\" rel=\"nofollow noopener\" target=\"_blank\">UN<\/a> derzeit die aktuell gr\u00f6\u00dfte humanit\u00e4re Krise. Rund 4,5 Millionen Menschen haben das Land verlassen. <a class=\"transition-colors duration-200 cursor-pointer text-inherit no-underline text-salemsfur md:hover:text-magenta md:hover:border-magenta md:focus:text-magenta border-current border-b border-solid break-words\" data-tracking=\"{&quot;action&quot;:&quot;click&quot;,&quot;category&quot;:&quot;intextLink&quot;,&quot;label&quot;:&quot;\/nachrichten\/ausland\/eu\/id_101210798\/un-warnen-eu-vor-fluechtlingswelle-sudan-konferenz-in-berlin.html&quot;}\" href=\"https:\/\/www.t-online.de\/nachrichten\/ausland\/eu\/id_101210798\/un-warnen-eu-vor-fluechtlingswelle-sudan-konferenz-in-berlin.html\" data-sctrack=\"BodyAnchor\" rel=\"nofollow noopener\" target=\"_blank\">Allein in Libyen warten demnach rund 500.000 Menschen auf eine \u00dcberfahrt nach Europa<\/a>. Wer nicht wolle, dass die Menschen in die eigenen L\u00e4nder kommen, investiere besser in die Aufnahmel\u00e4nder und die dortigen Unterk\u00fcnfte f\u00fcr Gefl\u00fcchtete, warnte der UN-Experte Mamadou Dian Balde ein entschiedenes Handeln an.<\/p>\n<p class=\"text-18 leading-17 user-text-lg:text-22 user-text-xl:text-24\">Balde warnte auch vor den Konsequenzen, sollte das Treffen in Berlin ergebnislos verlaufen. &#8222;Menschen kommen in <a class=\"transition-colors duration-200 cursor-pointer text-inherit no-underline text-salemsfur md:hover:text-magenta md:hover:border-magenta md:focus:text-magenta border-current border-b border-solid break-words\" data-tracking=\"{&quot;action&quot;:&quot;click&quot;,&quot;category&quot;:&quot;intextLink&quot;,&quot;label&quot;:&quot;\/themen\/griechenland\/&quot;}\" href=\"https:\/\/www.t-online.de\/themen\/griechenland\/\" data-sctrack=\"BodyAnchor\" rel=\"nofollow noopener\" target=\"_blank\">Griechenland<\/a> an, in <a class=\"transition-colors duration-200 cursor-pointer text-inherit no-underline text-salemsfur md:hover:text-magenta md:hover:border-magenta md:focus:text-magenta border-current border-b border-solid break-words\" data-tracking=\"{&quot;action&quot;:&quot;click&quot;,&quot;category&quot;:&quot;intextLink&quot;,&quot;label&quot;:&quot;\/themen\/italien\/&quot;}\" href=\"https:\/\/www.t-online.de\/themen\/italien\/\" data-sctrack=\"BodyAnchor\" rel=\"nofollow noopener\" target=\"_blank\">Italien<\/a>, in <a class=\"transition-colors duration-200 cursor-pointer text-inherit no-underline text-salemsfur md:hover:text-magenta md:hover:border-magenta md:focus:text-magenta border-current border-b border-solid break-words\" data-tracking=\"{&quot;action&quot;:&quot;click&quot;,&quot;category&quot;:&quot;intextLink&quot;,&quot;label&quot;:&quot;\/themen\/spanien\/&quot;}\" href=\"https:\/\/www.t-online.de\/themen\/spanien\/\" data-sctrack=\"BodyAnchor\" rel=\"nofollow noopener\" target=\"_blank\">Spanien<\/a>.&#8220; Balde: &#8222;Tatsache ist, wenn es keine Investitionen in den (Nachbar-)L\u00e4ndern gibt, die Fl\u00fcchtlinge aufgenommen haben und bereits teilen, was sie haben, werden die Leute weiterziehen.&#8220;<\/p>\n","protected":false},"excerpt":{"rendered":"Gipfeltreffen am Mittwoch in Berlin UN warnen vor Drohnenkrieg in Sudan und Fl\u00fcchtlingswelle in Europa 14.04.2026 &#8211; 16:30&hellip;\n","protected":false},"author":2,"featured_media":945388,"comment_status":"","ping_status":"","sticky":false,"template":"","format":"standard","meta":{"footnotes":"","_share_on_mastodon":"0"},"categories":[3933],"tags":[326,331,332,296,15543,206012,1478,57969,548,663,158,3934,3935,5249,206013,29479,13,669,14,15,12,17003,158089,26],"class_list":["post-945387","post","type-post","status-publish","format-standard","has-post-thumbnail","category-eu","tag-326","tag-aktuelle-nachrichten","tag-aktuelle-news","tag-berlin","tag-buergerkrieg","tag-buergerkriegsland","tag-drohne","tag-drohnenkrieg","tag-eu","tag-europa","tag-europaeische-union","tag-europe","tag-european-union","tag-fluechtlinge","tag-fluechtlingswelle","tag-gipfeltreffen","tag-headlines","tag-krise","tag-nachrichten","tag-news","tag-schlagzeilen","tag-sudan","tag-tom-fletcher","tag-un"],"share_on_mastodon":{"url":"https:\/\/pubeurope.com\/@de\/116403682109670802","error":""},"_links":{"self":[{"href":"https:\/\/www.europesays.com\/de\/wp-json\/wp\/v2\/posts\/945387","targetHints":{"allow":["GET"]}}],"collection":[{"href":"https:\/\/www.europesays.com\/de\/wp-json\/wp\/v2\/posts"}],"about":[{"href":"https:\/\/www.europesays.com\/de\/wp-json\/wp\/v2\/types\/post"}],"author":[{"embeddable":true,"href":"https:\/\/www.europesays.com\/de\/wp-json\/wp\/v2\/users\/2"}],"replies":[{"embeddable":true,"href":"https:\/\/www.europesays.com\/de\/wp-json\/wp\/v2\/comments?post=945387"}],"version-history":[{"count":0,"href":"https:\/\/www.europesays.com\/de\/wp-json\/wp\/v2\/posts\/945387\/revisions"}],"wp:featuredmedia":[{"embeddable":true,"href":"https:\/\/www.europesays.com\/de\/wp-json\/wp\/v2\/media\/945388"}],"wp:attachment":[{"href":"https:\/\/www.europesays.com\/de\/wp-json\/wp\/v2\/media?parent=945387"}],"wp:term":[{"taxonomy":"category","embeddable":true,"href":"https:\/\/www.europesays.com\/de\/wp-json\/wp\/v2\/categories?post=945387"},{"taxonomy":"post_tag","embeddable":true,"href":"https:\/\/www.europesays.com\/de\/wp-json\/wp\/v2\/tags?post=945387"}],"curies":[{"name":"wp","href":"https:\/\/api.w.org\/{rel}","templated":true}]}}