{"id":945407,"date":"2026-04-14T15:15:36","date_gmt":"2026-04-14T15:15:36","guid":{"rendered":"https:\/\/www.europesays.com\/de\/945407\/"},"modified":"2026-04-14T15:15:36","modified_gmt":"2026-04-14T15:15:36","slug":"autokratzer-serie-in-hannover-neue-details-zum-verdaechtigen","status":"publish","type":"post","link":"https:\/\/www.europesays.com\/de\/945407\/","title":{"rendered":"Autokratzer-Serie in Hannover: Neue Details zum Verd\u00e4chtigen"},"content":{"rendered":"<p>\n                Stand: 14.04.2026 13:23 Uhr<\/p>\n<p>                    <a href=\"https:\/\/www.europesays.com\/de\/wp-content\/uploads\/2026\/03\/autokratzer-104.webp.webp\" class=\"zoomimage\" title=\"Bild vergr\u00f6\u00dfern\"><\/p>\n<p>        <img decoding=\"async\" src=\"https:\/\/www.europesays.com\/de\/wp-content\/uploads\/2026\/03\/autokratzer-104.webp.webp\" alt=\"Ein Autofahrer sucht mit einem Schild selbst Zeugen einer Sachbesch\u00e4digung.\" title=\"Ein Autofahrer sucht mit einem Schild selbst Zeugen. (Archivbild) | NDR, Wolfgang Kurtz\" class=\"responsive\" loading=\"lazy\"\/><\/p>\n<p>                    <\/a><\/p>\n<p>                    Ein Autofahrer sucht mit einem Schild selbst Zeugen. (Archivbild)<\/p>\n<p class=\"\">Im Fall der Autokratzer-Serie in und um Hannover mit mehr als <a href=\"https:\/\/www.ndr.de\/nachrichten\/niedersachsen\/hannover_weser-leinegebiet\/500-zerkratzte-autos-in-hannover-polizei-ermittelt-verdaechtigen,autokratzer-112.html\" title=\"500 zerkratzte Autos in Hannover: Polizei ermittelt Verd\u00e4chtigen\" rel=\"nofollow noopener\" target=\"_blank\">500 besch\u00e4digten Fahrzeugen<\/a> hat die Polizei neue Details zu dem Verd\u00e4chtigen bekannt gegeben. Der 45-J\u00e4hrige soll f\u00fcr mehr als die H\u00e4lfte der <a href=\"https:\/\/www.ndr.de\/nachrichten\/niedersachsen\/hannover_weser-leinegebiet\/autos-zerkratzt-vandalismus-in-hannover-nimmt-immer-groessere-ausmasse-an,autokratzer-110.html\" title=\"Autos zerkratzt: Vandalismus in Hannover nimmt immer gr\u00f6\u00dfere Ausma\u00dfe an\" rel=\"nofollow noopener\" target=\"_blank\">Taten<\/a> verantwortlich sein, sagte eine Polizeisprecherin dem NDR Niedersachsen am Dienstag. Anfang April hie\u00df es noch, der Mann soll zumindest f\u00fcr einen Teil der <a href=\"https:\/\/www.ndr.de\/nachrichten\/niedersachsen\/hannover_weser-leinegebiet\/immer-neue-faelle-unbekannte-zerkratzen-400-autos-in-hannover,autokratzer-106.html\" title=\"Immer neue F\u00e4lle: Unbekannte zerkratzen 400 Autos in Hannover\" rel=\"nofollow noopener\" target=\"_blank\">Taten<\/a> verantwortlich sein. Nach einer sogenannten Gef\u00e4hrderansprache bei dem Mann seien die F\u00e4lle stark zur\u00fcckgegangen, hatte die Polizei mitgeteilt. Nun teilte die Polizeisprecherin mit, dass der Mann seitdem mindestens zwei weitere Autos zerkratzt haben soll. Ihn festzunehmen sei aus &#8222;rechtlichen Gr\u00fcnden&#8220; aktuell nicht m\u00f6glich, so die Sprecherin weiter. Der Vorwurf der Sachbesch\u00e4digung &#8211; auch bei so vielen Taten &#8211; reiche nicht f\u00fcr eine Untersuchungshaft.<\/p>\n<p>        <img decoding=\"async\" src=\"https:\/\/www.europesays.com\/de\/wp-content\/uploads\/2026\/03\/polizei5412.webp.webp\" alt=\"Ein Streifenwagen der Polizei nach Messerangriff in Wolfenb\u00fcttel als Symbolbild.\" title=\"Ein Streifenwagen der Polizei nach Messerangriff in Wolfenb\u00fcttel als Symbolbild. | NDR, Julius Matuschik\" class=\"responsive\" loading=\"lazy\"\/><\/p>\n<p>Der 45-J\u00e4hrige soll f\u00fcr einen Teil der Taten verantwortlich sein. F\u00fcr eine Festnahme reichte es laut Polizei nicht.<\/p>\n<p>        <img decoding=\"async\" src=\"https:\/\/www.europesays.com\/de\/wp-content\/uploads\/2026\/03\/1774518675_147_polizei4046.webp.webp\" alt=\"Ein Polizeiauto im Einsatz. \" title=\"Ein Polizeiauto im Einsatz.  | NDR, Thomas Hans\" class=\"responsive\" loading=\"lazy\"\/><\/p>\n<p>Die Polizei z\u00e4hlt inzwischen rund 500 F\u00e4lle in Stadt und Region. Viele Betroffene melden sich bei Lackiereien.<\/p>\n<p>        <img decoding=\"async\" src=\"https:\/\/www.europesays.com\/de\/wp-content\/uploads\/2026\/04\/autobahnpolizei-142.webp.webp\" alt=\"Ein Bulli der Autobahnpolizei f\u00e4hrt \u00fcber die Autobahn.\" title=\"Ein Bulli der Autobahnpolizei f\u00e4hrt \u00fcber die Autobahn. | Julius Matuschik\" class=\"responsive\" loading=\"lazy\"\/><\/p>\n<p>Die T\u00e4ter waren in mehr als 40 Stadtteilen unterwegs. Die Polizei gibt Tipps, wie sich Autobesitzer sch\u00fctzen k\u00f6nnen.<\/p>\n<p>Dieses Thema im Programm:<\/p>\n<p>                NDR 1 Niedersachsen | Aktuell | 14.04.2026 | 11:00 Uhr<\/p>\n<p>        Schlagw\u00f6rter zu diesem Artikel<\/p>\n<p>            <a href=\"https:\/\/www.ndr.de\/nachrichten\/niedersachsen\/hannover_weser-leinegebiet\/Hannover-Aktuelle-News-und-Nachrichten,hannover18518.html\" rel=\"nofollow noopener\" target=\"_blank\">Hannover<\/a><\/p>\n","protected":false},"excerpt":{"rendered":"Stand: 14.04.2026 13:23 Uhr Ein Autofahrer sucht mit einem Schild selbst Zeugen. (Archivbild) Im Fall der Autokratzer-Serie in&hellip;\n","protected":false},"author":2,"featured_media":896206,"comment_status":"","ping_status":"","sticky":false,"template":"","format":"standard","meta":{"footnotes":"","_share_on_mastodon":"0"},"categories":[1836],"tags":[4067,590,3985,3364,29,30,46,14,15,1411,121,32113,196924],"class_list":["post-945407","post","type-post","status-publish","format-standard","has-post-thumbnail","category-hannover","tag-ermittlungen","tag-aktuell","tag-autos","tag-de","tag-deutschland","tag-germany","tag-hannover","tag-nachrichten","tag-news","tag-niedersachsen","tag-polizei","tag-verdaechtiger","tag-zerkratzt"],"share_on_mastodon":{"url":"https:\/\/pubeurope.com\/@de\/116403721463428230","error":""},"_links":{"self":[{"href":"https:\/\/www.europesays.com\/de\/wp-json\/wp\/v2\/posts\/945407","targetHints":{"allow":["GET"]}}],"collection":[{"href":"https:\/\/www.europesays.com\/de\/wp-json\/wp\/v2\/posts"}],"about":[{"href":"https:\/\/www.europesays.com\/de\/wp-json\/wp\/v2\/types\/post"}],"author":[{"embeddable":true,"href":"https:\/\/www.europesays.com\/de\/wp-json\/wp\/v2\/users\/2"}],"replies":[{"embeddable":true,"href":"https:\/\/www.europesays.com\/de\/wp-json\/wp\/v2\/comments?post=945407"}],"version-history":[{"count":0,"href":"https:\/\/www.europesays.com\/de\/wp-json\/wp\/v2\/posts\/945407\/revisions"}],"wp:featuredmedia":[{"embeddable":true,"href":"https:\/\/www.europesays.com\/de\/wp-json\/wp\/v2\/media\/896206"}],"wp:attachment":[{"href":"https:\/\/www.europesays.com\/de\/wp-json\/wp\/v2\/media?parent=945407"}],"wp:term":[{"taxonomy":"category","embeddable":true,"href":"https:\/\/www.europesays.com\/de\/wp-json\/wp\/v2\/categories?post=945407"},{"taxonomy":"post_tag","embeddable":true,"href":"https:\/\/www.europesays.com\/de\/wp-json\/wp\/v2\/tags?post=945407"}],"curies":[{"name":"wp","href":"https:\/\/api.w.org\/{rel}","templated":true}]}}