{"id":945725,"date":"2026-04-14T18:10:29","date_gmt":"2026-04-14T18:10:29","guid":{"rendered":"https:\/\/www.europesays.com\/de\/945725\/"},"modified":"2026-04-14T18:10:29","modified_gmt":"2026-04-14T18:10:29","slug":"einsatz-in-stuttgart-feuerwehr-rettet-eule-aus-den-baerenseen","status":"publish","type":"post","link":"https:\/\/www.europesays.com\/de\/945725\/","title":{"rendered":"Einsatz in Stuttgart: Feuerwehr rettet Eule aus den B\u00e4renseen"},"content":{"rendered":"<p>\t\t\t\t\t\t\t\t\t\t\t\t\t\t\t\t\t\t\t\t\t\t\t\t\t\t\t\t      \t\t            \t\t             \t\t\t\t   \t\t\t\t\t   <img decoding=\"async\" id=\"article-image\" fetchpriority=\"high\" alt=\"Einsatz in Stuttgart: Feuerwehr rettet Eule aus den B\u00e4renseen\" title=\"Einsatz in Stuttgart: Feuerwehr rettet Eule aus den B\u00e4renseen\" src=\"https:\/\/www.europesays.com\/de\/wp-content\/uploads\/2026\/04\/media.media.7b7443a0-a42c-4be4-b227-59b66b60635b.16x9_700.jpg\" data-linkto=\"https:\/\/www.stuttgarter-nachrichten.de\/javascript:void(0);\"\/>\t\t\t\t\t\t\t\t\t\t\t\t\t\t\t\t\t\t\t\t\t\t\t\tDiese Eule wurde von der Feuerwehr aus dem Neuen See in Stuttgart gerettet.\u00a0Foto: Feuerwehr Stuttgart\t\t\t<\/p>\n<p>Die Feuerwehr Stuttgart hat einen Kauz aus einem der B\u00e4renseen in Stuttgart gerettet. Das Tier hatte sich in einer Angelschnur verfangen \u2013 und stand offenbar kurz vor dem Ertrinken.<\/p>\n<p>Die <a href=\"https:\/\/www.stuttgarter-nachrichten.de\/thema\/Feuerwehr\" title=\"Feuerwehr\" class=\"art_thema\" rel=\"nofollow noopener\" target=\"_blank\">Feuerwehr<\/a> hat am Dienstag eine <a href=\"https:\/\/www.stuttgarter-nachrichten.de\/thema\/Eule\" title=\"Eule\" class=\"art_thema\" rel=\"nofollow noopener\" target=\"_blank\">Eule<\/a> aus einem der B\u00e4renseen in <a href=\"https:\/\/www.stuttgarter-nachrichten.de\/thema\/Stuttgart\" title=\"Stuttgart\" class=\"art_thema\" rel=\"nofollow noopener\" target=\"_blank\">Stuttgart<\/a> gerettet. Der Kauz hatte sich mit dem Fl\u00fcgel in einer Angelschnur verfangen, schwamm mit dem Kopf knapp oberhalb der Wasseroberfl\u00e4che und \u201edrohte zu ersticken\u201c, wie Feuerwehrsprecher Daniel Anand unserer Redaktion mitteilte.<\/p>\n<p>Der st\u00e4dtische Tiernotdienst war demnach gegen 10 Uhr alarmiert worden. Daraufhin r\u00fcckte die Wasserrettung der Feuerwehr zum Neuen See aus, dem mittleren der drei Seen beim B\u00e4renschl\u00f6sschen im Rotwildpark. <\/p>\n<p>Angelschnur um den Fl\u00fcgel gewickelt <\/p>\n<p>Als die Beamten eintrafen, fanden sie den Kauz im Wasser vor. Die Angelschnur, die sich um den Fl\u00fcgel der Eule gewickelt hatte, hing laut Anand von einem Ast knapp \u00fcber der Wasseroberfl\u00e4che herab.<\/p>\n<p>Die Beamten fischten den Kauz mit einem Kescher aus dem Wasser und schnitten die Angelschnur durch, wie Anand unserer Redaktion mitteilte. Die Feuerwehr habe das Tier daraufhin mit Sauerstoff versorgt und in eine Tierklinik gebracht.<\/p>\n<p>  <img decoding=\"async\" loading=\"lazy\" src=\"https:\/\/www.europesays.com\/de\/wp-content\/uploads\/2026\/04\/media.media.1bf2fdac-8796-4113-bbb2-d93d55ab2b15.original1024.media.jpeg\"\/>     Die Beamten holten den Kauz mit einem Kescher aus dem Wasser und zerschnitten die Angelschnur.    Foto: Feuerwehr Stuttgart    <\/p>\n<p>Die Wasserrettung der Berufsfeuerwehr Stuttgart ist rund um die Uhr einsatzbereit. Bei Wassernotf\u00e4llen, Tierrettungen und Umwelteins\u00e4tzen r\u00fccken unter anderem Rettungsschwimmer aus, sobald sie \u00fcber die Notrufnummer 112 alarmiert werden.<\/p>\n","protected":false},"excerpt":{"rendered":"Diese Eule wurde von der Feuerwehr aus dem Neuen See in Stuttgart gerettet.\u00a0Foto: Feuerwehr Stuttgart Die Feuerwehr Stuttgart&hellip;\n","protected":false},"author":2,"featured_media":945726,"comment_status":"","ping_status":"","sticky":false,"template":"","format":"standard","meta":{"footnotes":"","_share_on_mastodon":"0"},"categories":[1830],"tags":[1634,3364,29,30486,985,30,206018,8248,1441],"class_list":["post-945725","post","type-post","status-publish","format-standard","has-post-thumbnail","category-stuttgart","tag-baden-wuerttemberg","tag-de","tag-deutschland","tag-eule","tag-feuerwehr","tag-germany","tag-kauz","tag-polizeibericht-stuttgart","tag-stuttgart"],"share_on_mastodon":{"url":"https:\/\/pubeurope.com\/@de\/116404409378461548","error":""},"_links":{"self":[{"href":"https:\/\/www.europesays.com\/de\/wp-json\/wp\/v2\/posts\/945725","targetHints":{"allow":["GET"]}}],"collection":[{"href":"https:\/\/www.europesays.com\/de\/wp-json\/wp\/v2\/posts"}],"about":[{"href":"https:\/\/www.europesays.com\/de\/wp-json\/wp\/v2\/types\/post"}],"author":[{"embeddable":true,"href":"https:\/\/www.europesays.com\/de\/wp-json\/wp\/v2\/users\/2"}],"replies":[{"embeddable":true,"href":"https:\/\/www.europesays.com\/de\/wp-json\/wp\/v2\/comments?post=945725"}],"version-history":[{"count":0,"href":"https:\/\/www.europesays.com\/de\/wp-json\/wp\/v2\/posts\/945725\/revisions"}],"wp:featuredmedia":[{"embeddable":true,"href":"https:\/\/www.europesays.com\/de\/wp-json\/wp\/v2\/media\/945726"}],"wp:attachment":[{"href":"https:\/\/www.europesays.com\/de\/wp-json\/wp\/v2\/media?parent=945725"}],"wp:term":[{"taxonomy":"category","embeddable":true,"href":"https:\/\/www.europesays.com\/de\/wp-json\/wp\/v2\/categories?post=945725"},{"taxonomy":"post_tag","embeddable":true,"href":"https:\/\/www.europesays.com\/de\/wp-json\/wp\/v2\/tags?post=945725"}],"curies":[{"name":"wp","href":"https:\/\/api.w.org\/{rel}","templated":true}]}}