{"id":94578,"date":"2025-05-08T15:24:18","date_gmt":"2025-05-08T15:24:18","guid":{"rendered":"https:\/\/www.europesays.com\/de\/94578\/"},"modified":"2025-05-08T15:24:18","modified_gmt":"2025-05-08T15:24:18","slug":"leute-in-lu-marco-wessling-bringt-sein-schuelerwerk-auf-die-buehne-ludwigshafen","status":"publish","type":"post","link":"https:\/\/www.europesays.com\/de\/94578\/","title":{"rendered":"Leute in LU: Marco We\u00dfling bringt sein Sch\u00fclerwerk auf die B\u00fchne &#8211; Ludwigshafen"},"content":{"rendered":"<p class=\"rhp-dpa-teaser\"><b>Im Alter von 17 Jahren hat Marco We\u00dfling als Sch\u00fcler ein St\u00fcck geschrieben. Nun, 24 Jahre sp\u00e4ter, erlebt  \u201eRobin Hood  \u2013 Held oder Idiot?\u201c  eine Neuauflage. So kam es dazu.<\/b><\/p>\n<p>   Am 13. Mai wird  das St\u00fcck,  das Marco We\u00dfling  einst f\u00fcr die Theater-AG der Anne-Frank-Realschule schrieb, ab 18 Uhr im Gemeinschaftshaus <a class=\"rtr-entity\" data-rtr-entity=\"Ruchheim\" data-rtr-id=\"1e260030657690a43d1f792f2092033d80ae190f\" data-rtr-score=\"21.751204957539592\" data-rtr-etype=\"location\" data-rtr-index=\"16\" href=\"https:\/\/www.rheinpfalz.de\/themen\/ludwigshafen-ruchheim?utm_source=rheinpfalz.de&amp;utm_medium=tms&amp;utm_campaign=intext\" rel=\"nofollow noopener\" target=\"_blank\">Ruchheim<\/a> <\/p>\n<p class=\"\">Bitte loggen Sie sich ein um den Artikel im Klartext zu sehen.<\/p>\n<p class=\"\">uz eesnh nise n&amp;sahd; uaf edi n&amp;uheuB;lm chtebarg mov sKur eealsndDetrls lpeSi siener Teothcr nYleai (51) na edr tnIeeirgtenr lustcGseaehm rEnst Bchlo SGI(O.L) lWei rde ;rilhj-&amp;4m1eagu artlieazbirSeo hcua als sk,riMeu utdozrneP und Vsaraelntret t,iuatfrt hta er csih mu ide nmteinAgu sde eitpolSsr <\/p>\n","protected":false},"excerpt":{"rendered":"Im Alter von 17 Jahren hat Marco We\u00dfling als Sch\u00fcler ein St\u00fcck geschrieben. Nun, 24 Jahre sp\u00e4ter, erlebt&hellip;\n","protected":false},"author":2,"featured_media":94579,"comment_status":"","ping_status":"","sticky":false,"template":"","format":"standard","meta":{"footnotes":""},"categories":[1845],"tags":[37341,1634,3364,29,38581,33924,548,663,3934,30,13,4060,25476,2096,14,15,38582,34574,12,38580],"class_list":{"0":"post-94578","1":"post","2":"type-post","3":"status-publish","4":"format-standard","5":"has-post-thumbnail","7":"category-mannheim","8":"tag-bad-duerkheim","9":"tag-baden-wuerttemberg","10":"tag-de","11":"tag-deutschland","12":"tag-empowerment","13":"tag-ernst-bloch","14":"tag-eu","15":"tag-europa","16":"tag-europe","17":"tag-germany","18":"tag-headlines","19":"tag-lokal","20":"tag-ludwigshafen","21":"tag-mannheim","22":"tag-nachrichten","23":"tag-news","24":"tag-robin-hood","25":"tag-ruchheim","26":"tag-schlagzeilen","27":"tag-wessling"},"share_on_mastodon":{"url":"https:\/\/pubeurope.com\/@de\/114472908524923459","error":""},"_links":{"self":[{"href":"https:\/\/www.europesays.com\/de\/wp-json\/wp\/v2\/posts\/94578","targetHints":{"allow":["GET"]}}],"collection":[{"href":"https:\/\/www.europesays.com\/de\/wp-json\/wp\/v2\/posts"}],"about":[{"href":"https:\/\/www.europesays.com\/de\/wp-json\/wp\/v2\/types\/post"}],"author":[{"embeddable":true,"href":"https:\/\/www.europesays.com\/de\/wp-json\/wp\/v2\/users\/2"}],"replies":[{"embeddable":true,"href":"https:\/\/www.europesays.com\/de\/wp-json\/wp\/v2\/comments?post=94578"}],"version-history":[{"count":0,"href":"https:\/\/www.europesays.com\/de\/wp-json\/wp\/v2\/posts\/94578\/revisions"}],"wp:featuredmedia":[{"embeddable":true,"href":"https:\/\/www.europesays.com\/de\/wp-json\/wp\/v2\/media\/94579"}],"wp:attachment":[{"href":"https:\/\/www.europesays.com\/de\/wp-json\/wp\/v2\/media?parent=94578"}],"wp:term":[{"taxonomy":"category","embeddable":true,"href":"https:\/\/www.europesays.com\/de\/wp-json\/wp\/v2\/categories?post=94578"},{"taxonomy":"post_tag","embeddable":true,"href":"https:\/\/www.europesays.com\/de\/wp-json\/wp\/v2\/tags?post=94578"}],"curies":[{"name":"wp","href":"https:\/\/api.w.org\/{rel}","templated":true}]}}