{"id":945878,"date":"2026-04-14T19:36:14","date_gmt":"2026-04-14T19:36:14","guid":{"rendered":"https:\/\/www.europesays.com\/de\/945878\/"},"modified":"2026-04-14T19:36:14","modified_gmt":"2026-04-14T19:36:14","slug":"hells-angel-in-den-kopf-geschossen-mutmasslicher-killer-rocker-verhaftet-regional","status":"publish","type":"post","link":"https:\/\/www.europesays.com\/de\/945878\/","title":{"rendered":"Hells Angel in den Kopf geschossen: Mutma\u00dflicher Killer-Rocker verhaftet | Regional"},"content":{"rendered":"<p><b>Es war eine Hinrichtung unter Rocker-Br\u00fcdern: Ex-Hells-Angel Eren Y. (\u202035) wurde vor drei Jahren in K\u00f6ln-M\u00fclheim mit zwei Sch\u00fcssen in R\u00fccken und Kopf erschossen. Die Polizei suchte seitdem nach zwei Tatverd\u00e4chtigen. Einer von ihnen wurde jetzt in der T\u00fcrkei festgenommen!<\/b><\/p>\n<p>Mit BILDplus lesen Sie, um wen es sich bei dem mutma\u00dflichen Killer handelt und was sein Verteidiger gegen\u00fcber BILD exklusiv erz\u00e4hlt.<\/p>\n","protected":false},"excerpt":{"rendered":"Es war eine Hinrichtung unter Rocker-Br\u00fcdern: Ex-Hells-Angel Eren Y. (\u202035) wurde vor drei Jahren in K\u00f6ln-M\u00fclheim mit zwei&hellip;\n","protected":false},"author":2,"featured_media":945879,"comment_status":"","ping_status":"","sticky":false,"template":"","format":"standard","meta":{"footnotes":"","_share_on_mastodon":"0"},"categories":[1828],"tags":[74540,29,30,12087,145,1420,2800,2183,28662,1209,121,1997,45,73738],"class_list":["post-945878","post","type-post","status-publish","format-standard","has-post-thumbnail","category-koeln","tag-auslieferung","tag-deutschland","tag-germany","tag-hells-angels","tag-istanbul","tag-koeln","tag-landgericht-koeln","tag-mord","tag-motorradclub","tag-nordrhein-westfalen","tag-polizei","tag-staatsanwaltschaft","tag-texttospeech","tag-xanthopoulos-georgios"],"share_on_mastodon":{"url":"https:\/\/pubeurope.com\/@de\/116404747426177049","error":""},"_links":{"self":[{"href":"https:\/\/www.europesays.com\/de\/wp-json\/wp\/v2\/posts\/945878","targetHints":{"allow":["GET"]}}],"collection":[{"href":"https:\/\/www.europesays.com\/de\/wp-json\/wp\/v2\/posts"}],"about":[{"href":"https:\/\/www.europesays.com\/de\/wp-json\/wp\/v2\/types\/post"}],"author":[{"embeddable":true,"href":"https:\/\/www.europesays.com\/de\/wp-json\/wp\/v2\/users\/2"}],"replies":[{"embeddable":true,"href":"https:\/\/www.europesays.com\/de\/wp-json\/wp\/v2\/comments?post=945878"}],"version-history":[{"count":0,"href":"https:\/\/www.europesays.com\/de\/wp-json\/wp\/v2\/posts\/945878\/revisions"}],"wp:featuredmedia":[{"embeddable":true,"href":"https:\/\/www.europesays.com\/de\/wp-json\/wp\/v2\/media\/945879"}],"wp:attachment":[{"href":"https:\/\/www.europesays.com\/de\/wp-json\/wp\/v2\/media?parent=945878"}],"wp:term":[{"taxonomy":"category","embeddable":true,"href":"https:\/\/www.europesays.com\/de\/wp-json\/wp\/v2\/categories?post=945878"},{"taxonomy":"post_tag","embeddable":true,"href":"https:\/\/www.europesays.com\/de\/wp-json\/wp\/v2\/tags?post=945878"}],"curies":[{"name":"wp","href":"https:\/\/api.w.org\/{rel}","templated":true}]}}