{"id":945923,"date":"2026-04-14T20:00:14","date_gmt":"2026-04-14T20:00:14","guid":{"rendered":"https:\/\/www.europesays.com\/de\/945923\/"},"modified":"2026-04-14T20:00:14","modified_gmt":"2026-04-14T20:00:14","slug":"tarifstreit-pilotengewerkschaft-kuendigt-weitere-streiks-bei-lufthansa-an","status":"publish","type":"post","link":"https:\/\/www.europesays.com\/de\/945923\/","title":{"rendered":"Tarifstreit: Pilotengewerkschaft k\u00fcndigt weitere Streiks bei Lufthansa an"},"content":{"rendered":"<p class=\"is-first-paragraph\" data-external=\"Article.FirstParagraph\">Die Pilotengewerkschaft Vereinigung Cockpit (VC) k\u00fcndigt weitere Streiks bei der Lufthansa und ihren T\u00f6chtern CityLine und Eurowings f\u00fcr Donnerstag und Freitag an. Zugleich schl\u00e4gt VC ein Schlichtungsverfahren vor, wie die Gewerkschaft in Frankfurt\/Main mitteilte.<\/p>\n<p>Im Tarifstreit \u00fcber die betriebliche Altersvorsorge habe die Lufthansa trotz des aktuell noch bis Dienstagabend laufenden Arbeitskampfes kein Angebot vorgelegt, erkl\u00e4rte die VC. Den Konflikt auszusitzen sei \u2060aber keine \u200bL\u00f6sung. Vor diesem Hintergrund \u200cschlage die VC der Arbeitgeberseite ein verbindliches Schlichtungsverfahren f\u00fcr die Tarifkonflikte vor. \u201eDie Situation ist festgefahren\u201c, erkl\u00e4rte VC-Pr\u00e4sident Andreas Pinheiro. \u201eEin Schlichtungsverfahren bietet die Chance, die bestehenden Tarifkonflikte durch einen unabh\u00e4ngigen Dritten zu l\u00f6sen und eine weitere Eskalation zu vermeiden.\u201c<\/p>\n<p>Ein Lufthansa-Sprecher erkl\u00e4rte, das Unternehmen sei zu einer Schlichtung bereit. \u201eWir bieten eine Schlichtung aller Tarifthemen im Sinne einer nachhaltigen Befriedung an\u201c, sagte der Sprecher. Das betrifft neben der betrieblichen Altersvorsorge auch die \u200c\u00dcbergangsversorgung f\u00fcr Piloten, die einige Jahre vor Erreichen des Rentenalters \u2060ausscheiden wollen. Ob die Schlichtung \u200bzustande kommt, bleibt abzuwarten. Sollten sich die Tarifparteien auf das Prozedere einigen, w\u00fcrde es neben Lufthansa und \u2060Cityline, wo es um h\u00f6here Verg\u00fctung geht, auch Eurowings umfassen.<\/p>\n<p>Die Lufthansa-Piloten streiken in dieser Woche bereits zum dritten Mal in diesem Jahr. An jedem Streiktag fallen Hunderte Fl\u00fcge aus, \u200cZehntausende Flugg\u00e4ste m\u00fcssen ihre \u2060Reisepl\u00e4ne \u00e4ndern oder \u200caufgeben. Das f\u00fchrt zu \u200bhohen \u2060Kosten bei der Airline. \u200bAm Mittwoch und Donnerstag legen die Flugbegleiter von Lufthansa und Cityline die \u200cArbeit \u200bnieder. Ihre Gewerkschaft UFO k\u00e4mpft f\u00fcr bessere Arbeitsbedingungen bei der Lufthansa \u200cund \u200cf\u00fcr einen Sozialtarifvertrag bei Cityline, die vor der Schlie\u00dfung steht. Bislang lehnt die Lufthansa alle Forderungen ab. <\/p>\n","protected":false},"excerpt":{"rendered":"Die Pilotengewerkschaft Vereinigung Cockpit (VC) k\u00fcndigt weitere Streiks bei der Lufthansa und ihren T\u00f6chtern CityLine und Eurowings f\u00fcr&hellip;\n","protected":false},"author":2,"featured_media":945924,"comment_status":"","ping_status":"","sticky":false,"template":"","format":"standard","meta":{"footnotes":"","_share_on_mastodon":"0"},"categories":[2],"tags":[29,177747,30,13,2108,14,15,110,12,2459,45,10,8,9,11],"class_list":["post-945923","post","type-post","status-publish","format-standard","has-post-thumbnail","category-deutschland","tag-deutschland","tag-flugverkehr-ks","tag-germany","tag-headlines","tag-lufthansa","tag-nachrichten","tag-news","tag-newsteam","tag-schlagzeilen","tag-streiks","tag-texttospeech","tag-top-news","tag-top-meldungen","tag-topmeldungen","tag-topnews"],"share_on_mastodon":{"url":"https:\/\/pubeurope.com\/@de\/116404841949471862","error":""},"_links":{"self":[{"href":"https:\/\/www.europesays.com\/de\/wp-json\/wp\/v2\/posts\/945923","targetHints":{"allow":["GET"]}}],"collection":[{"href":"https:\/\/www.europesays.com\/de\/wp-json\/wp\/v2\/posts"}],"about":[{"href":"https:\/\/www.europesays.com\/de\/wp-json\/wp\/v2\/types\/post"}],"author":[{"embeddable":true,"href":"https:\/\/www.europesays.com\/de\/wp-json\/wp\/v2\/users\/2"}],"replies":[{"embeddable":true,"href":"https:\/\/www.europesays.com\/de\/wp-json\/wp\/v2\/comments?post=945923"}],"version-history":[{"count":0,"href":"https:\/\/www.europesays.com\/de\/wp-json\/wp\/v2\/posts\/945923\/revisions"}],"wp:featuredmedia":[{"embeddable":true,"href":"https:\/\/www.europesays.com\/de\/wp-json\/wp\/v2\/media\/945924"}],"wp:attachment":[{"href":"https:\/\/www.europesays.com\/de\/wp-json\/wp\/v2\/media?parent=945923"}],"wp:term":[{"taxonomy":"category","embeddable":true,"href":"https:\/\/www.europesays.com\/de\/wp-json\/wp\/v2\/categories?post=945923"},{"taxonomy":"post_tag","embeddable":true,"href":"https:\/\/www.europesays.com\/de\/wp-json\/wp\/v2\/tags?post=945923"}],"curies":[{"name":"wp","href":"https:\/\/api.w.org\/{rel}","templated":true}]}}