{"id":945952,"date":"2026-04-14T20:17:18","date_gmt":"2026-04-14T20:17:18","guid":{"rendered":"https:\/\/www.europesays.com\/de\/945952\/"},"modified":"2026-04-14T20:17:18","modified_gmt":"2026-04-14T20:17:18","slug":"baeckerei-aus-werther-wird-fuer-hochwertige-produkte-ausgezeichnet-haller-kreisblatt","status":"publish","type":"post","link":"https:\/\/www.europesays.com\/de\/945952\/","title":{"rendered":"B\u00e4ckerei aus Werther wird f\u00fcr hochwertige Produkte ausgezeichnet | Haller Kreisblatt"},"content":{"rendered":"<p id=\"absatz1\" class=\"em_text\">D\u00fcsseldorf. Das Land Nordrhein-Westfalen hat in diesem Jahr 86 Betriebe des Lebensmittelhandwerks mit dem Ehrenpreis \u201eMeister.Werk.NRW\u201c ausgezeichnet. Darunter sind zw\u00f6lf Betriebe aus Ostwestfalen-Lippe. Die Auszeichnung w\u00fcrdigt Unternehmen aus dem B\u00e4cker-, Konditor-, Fleischer- und Brauerhandwerk f\u00fcr besonders hochwertige Produkte sowie eine verantwortungsvolle Betriebsf\u00fchrung.<\/p>\n<p id=\"absatz2\" class=\"em_text\">Die Urkunden sind am Montag in D\u00fcsseldorf von Landwirtschaftsministerin Silke Gori\u00dfen \u00fcberreicht worden. Der Preis wurde gemeinsam vom Land und den Fachverb\u00e4nden des Lebensmittelhandwerks vergeben.<\/p>\n<p id=\"absatz3\" class=\"em_text\">Zu den Auswahlkriterien z\u00e4hlten neben der Qualit\u00e4t der Erzeugnisse auch regionale Verwurzelung, eigene Produktlinien sowie das Engagement in der Ausbildung. Ziel der Auszeichnung ist es, Betriebe hervorzuheben, die sich durch besondere Leistungen und Verantwortung in ihrer Branche auszeichnen.<\/p>\n<p>Das sind die Preistr\u00e4ger aus Ostwestfalen-Lippe<br \/>\nFleischereien<\/p>\n<ul>\n<li>Fleischerei Timmerberg, 32545 Bad Oeynhausen<\/li>\n<li>\nFleischerei M\u00fcnch, 33649 Bielefeld<\/li>\n<\/ul>\n<p>Konditoreien<\/p>\n<ul>\n<li>Die Nascherei, 32425 Minden<\/li>\n<\/ul>\n<p>Brauereien<\/p>\n<ul>\n<li>Privatbrauerei Ernst Barre, 32312 L\u00fcbbecke<\/li>\n<li>\nPrivatbrauerei Strate Detmold, 32756 Detmold<\/li>\n<li>\nPrivatbrauerei Hohenfelde, 33449 Langenberg<\/li>\n<\/ul>\n<p>B\u00e4ckereien<\/p>\n<ul>\n<li>B\u00e4ckerei Konditorei Hermann Oltersdorf, 32312 L\u00fcbbecke<\/li>\n<li>\nB\u00e4ckerei Bertermann, 32423 Minden<\/li>\n<li>\nVollkorn und Biob\u00e4ckerei Meffert, 32657 Lemgo<\/li>\n<li>\nGoeken backen, 33014 Bad Driburg<\/li>\n<li>\nB\u00e4ckerei Lamm, 33609 Bielefeld<\/li>\n<li>\nCaf\u00e9 Bossert, 33824 Werther<\/li>\n<\/ul>\n","protected":false},"excerpt":{"rendered":"D\u00fcsseldorf. Das Land Nordrhein-Westfalen hat in diesem Jahr 86 Betriebe des Lebensmittelhandwerks mit dem Ehrenpreis \u201eMeister.Werk.NRW\u201c ausgezeichnet. Darunter&hellip;\n","protected":false},"author":2,"featured_media":945953,"comment_status":"","ping_status":"","sticky":false,"template":"","format":"standard","meta":{"footnotes":"","_share_on_mastodon":"0"},"categories":[1841],"tags":[35812,1605,8406,3364,29,30,732,1611,16383,729,22595,42500,702,166774,198715,2381,1612,1613,22055,1209,176,22058,10123,206149,51249,6715],"class_list":["post-945952","post","type-post","status-publish","format-standard","has-post-thumbnail","category-bielefeld","tag-bckerei","tag-bielefeld","tag-dsseldorf","tag-de","tag-deutschland","tag-germany","tag-label_frei","tag-label_informiere-mich","tag-label_print-platziert","tag-label_s-50","tag-label_sperrfrist","tag-label_wirtschaft","tag-lebensmittel","tag-lebensmittelhandwerk","tag-meta_artikelklasse_nische","tag-meta_copyrights_rgowl_freier_mitarbeiter","tag-meta_themen_wirtschaft","tag-meta_userneeds_informieremich","tag-minden","tag-nordrhein-westfalen","tag-nrw","tag-ostwestfalen-lippe","tag-serie_nlmittagsnotiz","tag-silke-gorien","tag-verleihung","tag-werther"],"share_on_mastodon":{"url":"","error":"Validation failed: Text character limit of 500 exceeded"},"_links":{"self":[{"href":"https:\/\/www.europesays.com\/de\/wp-json\/wp\/v2\/posts\/945952","targetHints":{"allow":["GET"]}}],"collection":[{"href":"https:\/\/www.europesays.com\/de\/wp-json\/wp\/v2\/posts"}],"about":[{"href":"https:\/\/www.europesays.com\/de\/wp-json\/wp\/v2\/types\/post"}],"author":[{"embeddable":true,"href":"https:\/\/www.europesays.com\/de\/wp-json\/wp\/v2\/users\/2"}],"replies":[{"embeddable":true,"href":"https:\/\/www.europesays.com\/de\/wp-json\/wp\/v2\/comments?post=945952"}],"version-history":[{"count":0,"href":"https:\/\/www.europesays.com\/de\/wp-json\/wp\/v2\/posts\/945952\/revisions"}],"wp:featuredmedia":[{"embeddable":true,"href":"https:\/\/www.europesays.com\/de\/wp-json\/wp\/v2\/media\/945953"}],"wp:attachment":[{"href":"https:\/\/www.europesays.com\/de\/wp-json\/wp\/v2\/media?parent=945952"}],"wp:term":[{"taxonomy":"category","embeddable":true,"href":"https:\/\/www.europesays.com\/de\/wp-json\/wp\/v2\/categories?post=945952"},{"taxonomy":"post_tag","embeddable":true,"href":"https:\/\/www.europesays.com\/de\/wp-json\/wp\/v2\/tags?post=945952"}],"curies":[{"name":"wp","href":"https:\/\/api.w.org\/{rel}","templated":true}]}}