{"id":945972,"date":"2026-04-14T20:28:41","date_gmt":"2026-04-14T20:28:41","guid":{"rendered":"https:\/\/www.europesays.com\/de\/945972\/"},"modified":"2026-04-14T20:28:41","modified_gmt":"2026-04-14T20:28:41","slug":"alba-boss-baldi-ueber-nba-europe-entscheidung-in-den-naechsten-zwei-drei-monaten-sportmix","status":"publish","type":"post","link":"https:\/\/www.europesays.com\/de\/945972\/","title":{"rendered":"Alba-Boss Baldi \u00fcber NBA Europe: Entscheidung in den n\u00e4chsten zwei, drei Monaten | Sportmix"},"content":{"rendered":"<p><a class=\"skip-content skip-content--link\" href=\"#in-content-skip-link-target-v-0-0\">TTS-Player \u00fcberspringen\u21b5<\/a><a id=\"in-content-skip-link-target-v-0-0\" class=\"skip-content--target-link-hidden skip-content skip-content--target-link\" href=\"#in-content-skip-link-target-v-0-0\">Artikel weiterlesen<\/a><\/p>\n<p><b>Vor drei Wochen platzte die Nachricht, dass Alba eine eigene Halle in Berlin bauen will. Jetzt hat Albas Gesch\u00e4ftsf\u00fchrer Marco Baldi (63) im Dyn <\/b><a href=\"https:\/\/sportbild.bild.de\/sportmix\/basketball\/basketball\/home-44119656.sport.html\" class=\"text-link\" rel=\"nofollow noopener\" target=\"_blank\"><b>Basketball<\/b><\/a><b>-Podcast \u201eTimeout\u201c weitere Einblicke gegeben.<\/b><\/p>\n<p><b>Baldi \u00fcber &#8230;<\/b><\/p>\n<p><b>&#8230; Champions League\/ Euroleague: <\/b>Es war schon mit Schmerz verbunden, auf die Euroleague zu verzichten. Auch wenn wir in den letzten Jahren nicht mehr wettbewerbsf\u00e4hig waren. Rein ergebnistechnisch w\u00fcrde ich sagen, war es gut, dass wir in der Champions League unter den letzten acht waren.<\/p>\n<p>Alba-Boss Marco Baldi \u00fcber die NBA Europe: Entscheidung in den n\u00e4chsten zwei, drei Monaten<\/p>\n<p><b>&#8230; zwei parallele Ligen Euroleague und NBA Europe:<\/b> Wenn sie mit der Fiba und der NBA die zwei st\u00e4rksten Basketball-Institutionen zusammen tun, dann wird das am Ende die Liga sein, die da steht. Aber es w\u00e4re gut, wenn es nicht zu lange dauert, weil man dadurch nur Zeit verliert.<\/p>\n<p><b>&#8230; die Teilnahme an der NBA Europe:<\/b> Wer da am Ende wirklich spielt, wird sich in den n\u00e4chsten zwei, drei Monaten herauskristallisieren. Die M\u00e4rkte sind definiert, aber nicht als Klubs. Und auf diese M\u00e4rkte kann man sich bewerben.<\/p>\n<p><img decoding=\"async\" width=\"992\" height=\"558\" alt=\"Vor drei Wochen stellte Alba die Pl\u00e4ne einer neuen Halle in Adlershof im Sportausschuss des Berliner Senats vor\" src=\"https:\/\/www.europesays.com\/de\/wp-content\/uploads\/2026\/04\/a25c55035c90c97c062a922cd5b8a77f,9d9d88a3.jpeg\"   class=\"landscape\" loading=\"lazy\"\/><\/p>\n<p class=\"fig__caption__text\">Vor drei Wochen stellte Alba die Pl\u00e4ne einer neuen Halle in Adlershof im Sportausschuss des Berliner Senats vor<\/p>\n<p>Foto: Oliver Knaack<\/p>\n<p><b>&#8230; den Umgang mit zuk\u00fcnftigen Investoren bei Alba:<\/b> Wo Alba Berlin draufsteht, soll auch Alba Berlin drin sein. Das ist f\u00fcr uns ein ganz klares Kriterium. Viel mehr m\u00f6chte ich dazu nicht sagen, weil das alles in massiver Bewegung ist. Es kam aber von Anfang im Investorenbereich an ein Riese-Interesse auf uns zu. Die h\u00f6ren schon das Gras wachsen. Das hat eine hohe Geschwindigkeit.<\/p>\n<p><a class=\"article-image__anchor\" href=\"https:\/\/www.dyn.sport\/sport_basketball\" target=\"_blank\" rel=\"noopener nofollow\"><img decoding=\"async\" width=\"992\" height=\"84\" alt=\"\" src=\"https:\/\/www.europesays.com\/de\/wp-content\/uploads\/2026\/04\/2489bbbe5516505166b883e20652ab37,72e17567.png\"   class=\"dynamic\" loading=\"lazy\"\/><\/a><\/p>\n<p>Foto: BILD<\/p>\n<p><b>&#8230; die Finanzierung der geplanten Arena in Adlershof: <\/b>Da sind wir ganz am Anfang, das muss man schon sagen. Das sind wirklich dicke Bretter. Es ist nicht so, dass wir da mal schnell eine Halle bauen. Am Ende muss es sich so konfigurieren, dass man mit starken Partnern das gleiche Ziel verfolgt. Wie es sich genau herauskristallisiert, das kann ich beim besten Willen nicht sagen. Das wissen wir noch nicht.<b>  <\/b><\/p>\n<p><b> &#8230; Albas Zukunft in der BBL:<\/b> Es ist ganz klar gewollt, dass die Klubs, die in der NBA Europa spielen, dass die auch in ihren nationalen Meisterschaften spielen. Es macht auch Sinn, das man das kombiniert. Es wird da auch kein Team A und Team B geben. Am Anfang werden es auch nicht so viele Spiele sein, wie es jetzt in der Euroleague sind. Es ist auch machbar.<\/p>\n","protected":false},"excerpt":{"rendered":"TTS-Player \u00fcberspringen\u21b5Artikel weiterlesen Vor drei Wochen platzte die Nachricht, dass Alba eine eigene Halle in Berlin bauen will.&hellip;\n","protected":false},"author":2,"featured_media":945973,"comment_status":"","ping_status":"","sticky":false,"template":"","format":"standard","meta":{"footnotes":"","_share_on_mastodon":"0"},"categories":[3933],"tags":[331,332,2471,5844,2493,2472,5841,548,5842,663,158,3934,3935,20285,13,5845,14,15918,15,12,45],"class_list":["post-945972","post","type-post","status-publish","format-standard","has-post-thumbnail","category-eu","tag-aktuelle-nachrichten","tag-aktuelle-news","tag-alba-berlin","tag-baldi-marco","tag-basketball","tag-bbl","tag-dyn-basketball","tag-eu","tag-euroleague","tag-europa","tag-europaeische-union","tag-europe","tag-european-union","tag-fc-bayern-muenchen-baskets","tag-headlines","tag-knaack-oliver","tag-nachrichten","tag-nba","tag-news","tag-schlagzeilen","tag-texttospeech"],"share_on_mastodon":{"url":"https:\/\/pubeurope.com\/@de\/116404952078562159","error":""},"_links":{"self":[{"href":"https:\/\/www.europesays.com\/de\/wp-json\/wp\/v2\/posts\/945972","targetHints":{"allow":["GET"]}}],"collection":[{"href":"https:\/\/www.europesays.com\/de\/wp-json\/wp\/v2\/posts"}],"about":[{"href":"https:\/\/www.europesays.com\/de\/wp-json\/wp\/v2\/types\/post"}],"author":[{"embeddable":true,"href":"https:\/\/www.europesays.com\/de\/wp-json\/wp\/v2\/users\/2"}],"replies":[{"embeddable":true,"href":"https:\/\/www.europesays.com\/de\/wp-json\/wp\/v2\/comments?post=945972"}],"version-history":[{"count":0,"href":"https:\/\/www.europesays.com\/de\/wp-json\/wp\/v2\/posts\/945972\/revisions"}],"wp:featuredmedia":[{"embeddable":true,"href":"https:\/\/www.europesays.com\/de\/wp-json\/wp\/v2\/media\/945973"}],"wp:attachment":[{"href":"https:\/\/www.europesays.com\/de\/wp-json\/wp\/v2\/media?parent=945972"}],"wp:term":[{"taxonomy":"category","embeddable":true,"href":"https:\/\/www.europesays.com\/de\/wp-json\/wp\/v2\/categories?post=945972"},{"taxonomy":"post_tag","embeddable":true,"href":"https:\/\/www.europesays.com\/de\/wp-json\/wp\/v2\/tags?post=945972"}],"curies":[{"name":"wp","href":"https:\/\/api.w.org\/{rel}","templated":true}]}}