{"id":946195,"date":"2026-04-14T22:31:17","date_gmt":"2026-04-14T22:31:17","guid":{"rendered":"https:\/\/www.europesays.com\/de\/946195\/"},"modified":"2026-04-14T22:31:17","modified_gmt":"2026-04-14T22:31:17","slug":"bei-mir-gehts-nicht-mehr-barbara-schoeneberger-will-nicht-in-den-playboy","status":"publish","type":"post","link":"https:\/\/www.europesays.com\/de\/946195\/","title":{"rendered":"Bei mir geht&#8217;s nicht mehr&#8220;: Barbara Sch\u00f6neberger will nicht in den &#8222;Playboy"},"content":{"rendered":"<p>&#8222;Bei mir geht&#8217;s nicht mehr&#8220;Barbara Sch\u00f6neberger will nicht in den &#8222;Playboy&#8220;<\/p>\n<p>14.04.2026, 18:47 Uhr <\/p>\n<p>Artikel anh\u00f6ren(04:06 min)<\/p>\n<p><img decoding=\"async\" class=\"Image_img__fQCi0 Image_Img_16_9__4BLfH widget-picture-inline_maximizable__t_E7h\" loading=\"eager\" fetchpriority=\"high\" src=\"https:\/\/www.europesays.com\/de\/wp-content\/uploads\/2026\/04\/13-06-2025-Hamburg-Barbara-Schoeneberger-Moderatorin-vor-der-Aufzeichnung-der-NDR-Talk-Show.webp.webp\" alt=\"13-06-2025-Hamburg-Barbara-Schoeneberger-Moderatorin-vor-der-Aufzeichnung-der-NDR-Talk-Show\"\/>M\u00f6chte nicht (mehr) in den &#8222;Playboy&#8220;: Barbara Sch\u00f6neberger. (Foto: picture alliance \/ dpa)TeilenFolgen auf:<a href=\"https:\/\/www.whatsapp.com\/channel\/0029Va5cdVJD8SDp5YZgYF01\" title=\"Auf WhatsApp folgen\" target=\"_blank\" rel=\"nofollow noopener\"><img decoding=\"async\" src=\"https:\/\/www.n-tv.de\/socialIcons\/whatsapp.svg\" alt=\"whatsapp\" class=\"ArticleShare_icon__FsrC2\"\/><\/a><a href=\"https:\/\/news.google.com\/publications\/CAAiEPMdif5mpRNxiLOeUpHCwwsqFAgKIhDzHYn-ZqUTcYiznlKRwsML?hl=de&amp;gl=DE&amp;ceid=DE%3Ade\" title=\"Auf Google News folgen\" target=\"_blank\" rel=\"nofollow noopener\"><img decoding=\"async\" src=\"https:\/\/www.n-tv.de\/socialIcons\/google.svg\" alt=\"whatsapp\" class=\"ArticleShare_icon__FsrC2\"\/><\/a><\/p>\n<p class=\"Typography_text-m__XI0da Typography_weight-bold__uT6mq storyline_lead_text_leadtext__q_wg8\">Sich wenigstens einmal im Leben im &#8222;Playboy&#8220; zu entbl\u00e4ttern, ist f\u00fcr manche Prominente inzwischen ja schon fester Bestandteil der &#8222;Bucket List&#8220;. Nicht jedoch f\u00fcr Barbara Sch\u00f6neberger. Jedenfalls nicht mehr.<\/p>\n<p class=\"Typography_text-default__P3otY Typography_weight-normal__pqUbH storyline_paragraph_p__qSR5N\">Es geht um den Ballermann, &#8222;Deutschland sucht den Superstar&#8220; (DSDS), die Abneigung gegen Essger\u00e4usche &#8211; und den &#8222;Playboy&#8220;. Barbara Sch\u00f6neberger hat in der aktuellen Ausgabe ihres Podcasts &#8222;Mit den Waffeln einer Frau&#8220; die Partyschlager-S\u00e4ngerin und DSDS-Jurorin Isi Gl\u00fcck zu Gast. Und im Gespr\u00e4ch der beiden geht es am Ende auch um nackte Tatsachen. <\/p>\n<p class=\"Typography_text-default__P3otY Typography_weight-normal__pqUbH storyline_paragraph_p__qSR5N\">Schlie\u00dflich ist es noch gar nicht allzu lange her, dass sich Isabel G\u00fclck, wie der Star von der Platja de Palma mit b\u00fcrgerlichem Namen hei\u00dft, im &#8222;Playboy&#8220; ausgezogen hat. Erst im Juli vergangenen Jahres posierte die 35-J\u00e4hrige in dem Magazin mit den sch\u00f6nen Interviews.<\/p>\n<p class=\"Typography_text-default__P3otY Typography_weight-normal__pqUbH storyline_paragraph_p__qSR5N\">&#8222;Du warst im &#8218;Playboy&#8216; und hast tolle Fotos gemacht&#8220;, schw\u00e4rmt Barbara Sch\u00f6neberger im Gespr\u00e4ch mit ihrer G\u00e4stin. Gl\u00fcck ger\u00e4t dabei ins Plaudern &#8211; dar\u00fcber, dass sie eigentlich einst &#8222;niemals&#8220; zu Nacktfotos gesagt hatte, wie ihr Mann die Fotos eigentlich fand und wie sie sich unter anderem mit Rollschuhen und Boxsack besonders &#8222;sporty&#8220; pr\u00e4sentieren wollte.<\/p>\n<p>&#8222;Auch hei\u00df&#8220;<\/p>\n<p class=\"Typography_text-default__P3otY Typography_weight-normal__pqUbH storyline_paragraph_p__qSR5N\">&#8222;So w\u00fcrde ich mich auch gerne inszenieren&#8220;, bei\u00dft Sch\u00f6neberger direkt an. &#8222;So ein Skateboard w\u00fcrde auch mal gut zu mir passen&#8220;, l\u00e4sst sie ihre Gedanken schweifen. &#8222;Weil so dick rumliegen mit der Corsage, das kann ja jeder.&#8220;<\/p>\n<p class=\"Typography_text-default__P3otY Typography_weight-normal__pqUbH storyline_paragraph_p__qSR5N\">Jede Frau habe ja eine andere Vorstellung von sich im &#8222;Playboy&#8220;, befeuert Isi Gl\u00fcck die Fantasien. Manche s\u00e4hen sich vielleicht &#8222;vertr\u00e4umt mit vielen T\u00fcchern im Bett&#8220;, andere dagegen in der &#8222;Sporty Spice&#8220;-Rolle, die Sch\u00f6neberger vorschwebt. <\/p>\n<p class=\"Typography_text-default__P3otY Typography_weight-normal__pqUbH storyline_paragraph_p__qSR5N\">&#8222;Ich m\u00fcsste halt viel machen, wo man die H\u00e4nde nach oben nimmt&#8220;, scherzt Sch\u00f6neberger \u00fcber sich selbst, nat\u00fcrlich nicht ohne den Widerspruch ihrer Gespr\u00e4chspartnerin. &#8222;Kokosn\u00fcsse pfl\u00fccken, W\u00e4sche aufh\u00e4ngen&#8220;, sagt Sch\u00f6neberger lachend und erg\u00e4nzt: &#8222;Ich k\u00f6nnte so einen Hausfrauen-Report machen.&#8220; Gl\u00fcck steigt mit ein: &#8222;Auch hei\u00df.&#8220;<\/p>\n<p>&#8222;Habe mich da mal so rangerobbt&#8220;<\/p>\n<p class=\"Typography_text-default__P3otY Typography_weight-normal__pqUbH storyline_paragraph_p__qSR5N\">Dann jedoch geht es in dem Talk ans Eingemachte. &#8222;W\u00fcrdest du dich jemals &#8230; Nee, du w\u00fcrdest das nicht machen, oder?\u201c, fragt die S\u00e4ngerin und pfeift sich dabei gleich selbst zur\u00fcck. Doch Sch\u00f6neberger ist um keine Antwort verlegen. &#8222;Bei mir geht&#8217;s irgendwie jetzt nicht mehr&#8220;, findet die 52-J\u00e4hrige. &#8222;Ich habe auch Kinder und so, das will ich denen wirklich nicht antun.&#8220;<\/p>\n<p class=\"Typography_text-default__P3otY Typography_weight-normal__pqUbH storyline_paragraph_p__qSR5N\">Und Sch\u00f6neberger legt noch nach: &#8222;Jetzt mal ganz ehrlich, wenn die Frauen dann immer sagen &#8218;Meine Familie war total stolz auf mich&#8216; &#8211; also kein Kind zwischen 10 und 30, sag ich mal, findet das geil: &#8218;\u00c4hh, deine Mama ist ja nackig.'&#8220; Mit Kindern sei das noch mal etwas anderes, stimmt ihr Isi Gl\u00fcck zu. &#8222;Das geht einfach nicht&#8220;, so Sch\u00f6nebergers Fazit.<\/p>\n<p class=\"Typography_text-default__P3otY Typography_weight-normal__pqUbH storyline_paragraph_p__qSR5N\">Ein bisschen scheint die Moderatorin gleichwohl zu bereuen, nicht fr\u00fcher beim &#8222;Playboy&#8220; angeklopft zu haben. &#8222;Ich habe mich da mal so rangerobbt, auch so in deinem Alter, w\u00fcrde ich sagen, auch so Anfang 30&#8220;, plaudert sie aus. Damals habe sie etwa f\u00fcr Zeitschriften wie &#8222;FHM&#8220; oder &#8222;Maxim&#8220; durchaus ein wenig tiefer bei sich blicken lassen. <\/p>\n<p class=\"Typography_text-default__P3otY Typography_weight-normal__pqUbH storyline_paragraph_p__qSR5N\">&#8222;Das war auch ganz cool. Ich wollte das auch machen&#8220;, erinnert sich Sch\u00f6neberger und gr\u00e4mt sich: &#8222;Ich habe mich v\u00f6llig &#8211; total falscherma\u00dfen &#8211; zur\u00fcckgehalten.&#8220; Eigentlich h\u00e4tte sie seinerzeit doch viel mehr Leuten zeigen sollen, &#8222;wie super alles war&#8220;.<\/p>\n<p class=\"Typography_text-s__wu_cm Typography_weight-normal__pqUbH Typography_color-darkgrey__sZEnP article-detail-footer_source__KslPc\">Quelle: ntv.de, vpr<\/p>\n","protected":false},"excerpt":{"rendered":"&#8222;Bei mir geht&#8217;s nicht mehr&#8220;Barbara Sch\u00f6neberger will nicht in den &#8222;Playboy&#8220; 14.04.2026, 18:47 Uhr Artikel anh\u00f6ren(04:06 min) M\u00f6chte&hellip;\n","protected":false},"author":2,"featured_media":946196,"comment_status":"","ping_status":"","sticky":false,"template":"","format":"standard","meta":{"footnotes":"","_share_on_mastodon":"0"},"categories":[1776],"tags":[1801,29,214,30,18792,7705,1802,215],"class_list":["post-946195","post","type-post","status-publish","format-standard","has-post-thumbnail","category-prominente","tag-celebrities","tag-deutschland","tag-entertainment","tag-germany","tag-nacktfotos","tag-playboy","tag-prominente","tag-unterhaltung"],"share_on_mastodon":{"url":"https:\/\/pubeurope.com\/@de\/116405435701658329","error":""},"_links":{"self":[{"href":"https:\/\/www.europesays.com\/de\/wp-json\/wp\/v2\/posts\/946195","targetHints":{"allow":["GET"]}}],"collection":[{"href":"https:\/\/www.europesays.com\/de\/wp-json\/wp\/v2\/posts"}],"about":[{"href":"https:\/\/www.europesays.com\/de\/wp-json\/wp\/v2\/types\/post"}],"author":[{"embeddable":true,"href":"https:\/\/www.europesays.com\/de\/wp-json\/wp\/v2\/users\/2"}],"replies":[{"embeddable":true,"href":"https:\/\/www.europesays.com\/de\/wp-json\/wp\/v2\/comments?post=946195"}],"version-history":[{"count":0,"href":"https:\/\/www.europesays.com\/de\/wp-json\/wp\/v2\/posts\/946195\/revisions"}],"wp:featuredmedia":[{"embeddable":true,"href":"https:\/\/www.europesays.com\/de\/wp-json\/wp\/v2\/media\/946196"}],"wp:attachment":[{"href":"https:\/\/www.europesays.com\/de\/wp-json\/wp\/v2\/media?parent=946195"}],"wp:term":[{"taxonomy":"category","embeddable":true,"href":"https:\/\/www.europesays.com\/de\/wp-json\/wp\/v2\/categories?post=946195"},{"taxonomy":"post_tag","embeddable":true,"href":"https:\/\/www.europesays.com\/de\/wp-json\/wp\/v2\/tags?post=946195"}],"curies":[{"name":"wp","href":"https:\/\/api.w.org\/{rel}","templated":true}]}}