{"id":946366,"date":"2026-04-15T00:12:16","date_gmt":"2026-04-15T00:12:16","guid":{"rendered":"https:\/\/www.europesays.com\/de\/946366\/"},"modified":"2026-04-15T00:12:16","modified_gmt":"2026-04-15T00:12:16","slug":"blitzermarathon-findet-auch-in-moenchengladbach-statt","status":"publish","type":"post","link":"https:\/\/www.europesays.com\/de\/946366\/","title":{"rendered":"Blitzermarathon findet auch in M\u00f6nchengladbach statt"},"content":{"rendered":"<p class=\"text_ohne_einzug richtext text-em-55 !leading-serif mx-6 desktop:mx-0\"> In Deutschland gibt es in dieser Woche verst\u00e4rkt Geschwindigkeitskontrollen durch die <a href=\"https:\/\/rp-online.de\/thema\/polizei\/\" rel=\"nofollow noopener\" target=\"_blank\">Polizei<\/a>. Das gilt auch f\u00fcr NRW \u2013 und auch f\u00fcr M\u00f6nchengladbach, wie eine Polizeisprecherin auf Anfrage best\u00e4tigt. Innerorts, aber auch auf Autobahnen und Bundesstra\u00dfen wird kontrolliert. Schwerpunkt ist der Mittwoch, 15. April. Im Fokus stehen bei der Aktion Stra\u00dfen, auf denen besonders h\u00e4ufig Unf\u00e4lle passieren, Baustellenbereiche und Stra\u00dfen vor Schulen und Krankenh\u00e4usern.<\/p>\n","protected":false},"excerpt":{"rendered":"In Deutschland gibt es in dieser Woche verst\u00e4rkt Geschwindigkeitskontrollen durch die Polizei. Das gilt auch f\u00fcr NRW \u2013&hellip;\n","protected":false},"author":2,"featured_media":946367,"comment_status":"","ping_status":"","sticky":false,"template":"","format":"standard","meta":{"footnotes":"","_share_on_mastodon":"0"},"categories":[1849],"tags":[100790,3364,29,548,663,3934,30,13,4455,14,15,1209,12,62530,8025],"class_list":["post-946366","post","type-post","status-publish","format-standard","has-post-thumbnail","category-moenchengladbach","tag-bundesstrassen","tag-de","tag-deutschland","tag-eu","tag-europa","tag-europe","tag-germany","tag-headlines","tag-moenchengladbach","tag-nachrichten","tag-news","tag-nordrhein-westfalen","tag-schlagzeilen","tag-schwerpunkt","tag-strassen"],"share_on_mastodon":{"url":"https:\/\/pubeurope.com\/@de\/116405832852689982","error":""},"_links":{"self":[{"href":"https:\/\/www.europesays.com\/de\/wp-json\/wp\/v2\/posts\/946366","targetHints":{"allow":["GET"]}}],"collection":[{"href":"https:\/\/www.europesays.com\/de\/wp-json\/wp\/v2\/posts"}],"about":[{"href":"https:\/\/www.europesays.com\/de\/wp-json\/wp\/v2\/types\/post"}],"author":[{"embeddable":true,"href":"https:\/\/www.europesays.com\/de\/wp-json\/wp\/v2\/users\/2"}],"replies":[{"embeddable":true,"href":"https:\/\/www.europesays.com\/de\/wp-json\/wp\/v2\/comments?post=946366"}],"version-history":[{"count":0,"href":"https:\/\/www.europesays.com\/de\/wp-json\/wp\/v2\/posts\/946366\/revisions"}],"wp:featuredmedia":[{"embeddable":true,"href":"https:\/\/www.europesays.com\/de\/wp-json\/wp\/v2\/media\/946367"}],"wp:attachment":[{"href":"https:\/\/www.europesays.com\/de\/wp-json\/wp\/v2\/media?parent=946366"}],"wp:term":[{"taxonomy":"category","embeddable":true,"href":"https:\/\/www.europesays.com\/de\/wp-json\/wp\/v2\/categories?post=946366"},{"taxonomy":"post_tag","embeddable":true,"href":"https:\/\/www.europesays.com\/de\/wp-json\/wp\/v2\/tags?post=946366"}],"curies":[{"name":"wp","href":"https:\/\/api.w.org\/{rel}","templated":true}]}}