{"id":946584,"date":"2026-04-15T02:20:17","date_gmt":"2026-04-15T02:20:17","guid":{"rendered":"https:\/\/www.europesays.com\/de\/946584\/"},"modified":"2026-04-15T02:20:17","modified_gmt":"2026-04-15T02:20:17","slug":"mit-bus-und-bahn-zum-fruehlingsfest-in-stuttgart-das-muessen-besucher-2026-wissen-nachrichten-aus-stuttgart","status":"publish","type":"post","link":"https:\/\/www.europesays.com\/de\/946584\/","title":{"rendered":"Mit Bus und Bahn zum Fr\u00fchlingsfest in Stuttgart: Das m\u00fcssen Besucher 2026 wissen &#8211; Nachrichten aus Stuttgart"},"content":{"rendered":"<p><strong>Stuttgart. <\/strong> Das  86. Stuttgarter Fr\u00fchlingsfest steht in den Startl\u00f6chern. Wer keine Lust auf Stau und Parkplatzsuche hat, reist am besten mit Bus und Bahn an. Wir verraten, wie Sie am besten mit dem \u00d6ffentlichen Nahverkehr zum Cannstatter Wasen kommen und welche VVS-Aktionen mit Erm\u00e4\u00dfigungen es in diesem Jahr gibt.<\/p>\n<p>VVS-Wasentag und Hocketse: Erm\u00e4\u00dfigungen und ein kostenloses Bier<\/p>\n<p>Am 20. April ist VVS-Wasentag auf dem Fr\u00fchlingsfest. Wer im Besitz eines<\/p>\n","protected":false},"excerpt":{"rendered":"Stuttgart. Das 86. Stuttgarter Fr\u00fchlingsfest steht in den Startl\u00f6chern. Wer keine Lust auf Stau und Parkplatzsuche hat, reist&hellip;\n","protected":false},"author":2,"featured_media":946585,"comment_status":"","ping_status":"","sticky":false,"template":"","format":"standard","meta":{"footnotes":"","_share_on_mastodon":"0"},"categories":[1830],"tags":[1634,19378,3364,29,196959,18883,30,1441,6843,206232,14976],"class_list":["post-946584","post","type-post","status-publish","format-standard","has-post-thumbnail","category-stuttgart","tag-baden-wuerttemberg","tag-cannstatter-volksfest","tag-de","tag-deutschland","tag-fruehlingsfest-2026","tag-fruehlingsfest-stuttgart","tag-germany","tag-stuttgart","tag-vvs","tag-vvs-wasen","tag-wasen"],"share_on_mastodon":{"url":"https:\/\/pubeurope.com\/@de\/116406336221063060","error":""},"_links":{"self":[{"href":"https:\/\/www.europesays.com\/de\/wp-json\/wp\/v2\/posts\/946584","targetHints":{"allow":["GET"]}}],"collection":[{"href":"https:\/\/www.europesays.com\/de\/wp-json\/wp\/v2\/posts"}],"about":[{"href":"https:\/\/www.europesays.com\/de\/wp-json\/wp\/v2\/types\/post"}],"author":[{"embeddable":true,"href":"https:\/\/www.europesays.com\/de\/wp-json\/wp\/v2\/users\/2"}],"replies":[{"embeddable":true,"href":"https:\/\/www.europesays.com\/de\/wp-json\/wp\/v2\/comments?post=946584"}],"version-history":[{"count":0,"href":"https:\/\/www.europesays.com\/de\/wp-json\/wp\/v2\/posts\/946584\/revisions"}],"wp:featuredmedia":[{"embeddable":true,"href":"https:\/\/www.europesays.com\/de\/wp-json\/wp\/v2\/media\/946585"}],"wp:attachment":[{"href":"https:\/\/www.europesays.com\/de\/wp-json\/wp\/v2\/media?parent=946584"}],"wp:term":[{"taxonomy":"category","embeddable":true,"href":"https:\/\/www.europesays.com\/de\/wp-json\/wp\/v2\/categories?post=946584"},{"taxonomy":"post_tag","embeddable":true,"href":"https:\/\/www.europesays.com\/de\/wp-json\/wp\/v2\/tags?post=946584"}],"curies":[{"name":"wp","href":"https:\/\/api.w.org\/{rel}","templated":true}]}}