{"id":946634,"date":"2026-04-15T02:48:14","date_gmt":"2026-04-15T02:48:14","guid":{"rendered":"https:\/\/www.europesays.com\/de\/946634\/"},"modified":"2026-04-15T02:48:14","modified_gmt":"2026-04-15T02:48:14","slug":"tarifstreit-streiks-bei-lufthansa-gehen-weiter-20-000-flugbegleiter-im-ausstand","status":"publish","type":"post","link":"https:\/\/www.europesays.com\/de\/946634\/","title":{"rendered":"Tarifstreit: Streiks bei Lufthansa gehen weiter \u2013 20.000 Flugbegleiter im Ausstand"},"content":{"rendered":"<p>Die Lufthansa kommt aus ihrem Streik-Problem nicht heraus: Auf die Piloten folgen die Flugbegleiter, und auch die Piloten verl\u00e4ngern ihren Arbeitskampf um zwei Tage. Die Lufthansa habe noch kein Angebot vorgelegt, kritisierte die Pilotengewerkschaft VC.<\/p>\n<p class=\"is-first-paragraph\" data-external=\"Article.FirstParagraph\">Passagiere der Lufthansa m\u00fcssen trotz des beendeten Pilotenstreiks auch an diesem Mittwoch mit zahlreichen Flugausf\u00e4llen rechnen. Seit Mitternacht befinden sich die rund 20.000 Flugbegleiter der Lufthansa und ihrer Regionaltochter CityLine im Ausstand. <\/p>\n<p>Zu dieser Streikwelle des fliegenden Personals bis einschlie\u00dflich Donnerstag hat die Kabinengewerkschaft Ufo aufgerufen. Sie will in dem Tarifkonflikt bessere Arbeitsbedingungen im Manteltarif erreichen. Vor allem an den Drehkreuzen Frankfurt und M\u00fcnchen d\u00fcrften erneut Hunderte Fl\u00fcge ausfallen. <\/p>\n<p>Zudem k\u00fcndigte die Pilotengewerkschaft Vereinigung Cockpit (VC) schon die n\u00e4chsten Streiks bei der Lufthansa an: So soll ein Ausstand am Donnerstag und Freitag die Kerngesellschaft Lufthansa, die Frachtgesellschaft Cargo AG und die Regionalgesellschaft CityLine treffen. Der Ferienflieger Eurowings soll ferner am Donnerstag bestreikt werden. Zugleich schl\u00e4gt VC ein Schlichtungsverfahren vor, um den Tarifkonflikt zu l\u00f6sen, wozu die Lufthansa sich grunds\u00e4tzlich bereit erkl\u00e4rte.<\/p>\n<p>Die Streiks \u00fcberschatten damit den Festakt zu \u201e100 Jahre Lufthansa\u201c. In das neue Besucherzentrum \u201eHangar One\u201c sind unter anderen Kanzler Friedrich Merz und Verkehrsminister Patrick Schnieder (beide CDU) geladen.<\/p>\n<p>Ufo rief zu einer Protestkundgebung auf, um nach eigenen Angaben ein Zeichen gegen die \u201ePolitik der harten Hand\u201c im Unternehmen zu setzen. Auch die Pilotengewerkschaft forderte ihre Mitglieder auf, an der Kundgebung teilzunehmen. Sie k\u00e4mpft um h\u00f6here Betriebsrenten.<\/p>\n<p>dpa\/s\u00e4d\/jmr<\/p>\n","protected":false},"excerpt":{"rendered":"Die Lufthansa kommt aus ihrem Streik-Problem nicht heraus: Auf die Piloten folgen die Flugbegleiter, und auch die Piloten&hellip;\n","protected":false},"author":2,"featured_media":945924,"comment_status":"","ping_status":"","sticky":false,"template":"","format":"standard","meta":{"footnotes":"","_share_on_mastodon":"0"},"categories":[2],"tags":[29,177747,30,13,2108,14,15,110,12,2459,45,10,8,9,11],"class_list":["post-946634","post","type-post","status-publish","format-standard","has-post-thumbnail","category-deutschland","tag-deutschland","tag-flugverkehr-ks","tag-germany","tag-headlines","tag-lufthansa","tag-nachrichten","tag-news","tag-newsteam","tag-schlagzeilen","tag-streiks","tag-texttospeech","tag-top-news","tag-top-meldungen","tag-topmeldungen","tag-topnews"],"share_on_mastodon":{"url":"https:\/\/pubeurope.com\/@de\/116406446441246276","error":""},"_links":{"self":[{"href":"https:\/\/www.europesays.com\/de\/wp-json\/wp\/v2\/posts\/946634","targetHints":{"allow":["GET"]}}],"collection":[{"href":"https:\/\/www.europesays.com\/de\/wp-json\/wp\/v2\/posts"}],"about":[{"href":"https:\/\/www.europesays.com\/de\/wp-json\/wp\/v2\/types\/post"}],"author":[{"embeddable":true,"href":"https:\/\/www.europesays.com\/de\/wp-json\/wp\/v2\/users\/2"}],"replies":[{"embeddable":true,"href":"https:\/\/www.europesays.com\/de\/wp-json\/wp\/v2\/comments?post=946634"}],"version-history":[{"count":0,"href":"https:\/\/www.europesays.com\/de\/wp-json\/wp\/v2\/posts\/946634\/revisions"}],"wp:featuredmedia":[{"embeddable":true,"href":"https:\/\/www.europesays.com\/de\/wp-json\/wp\/v2\/media\/945924"}],"wp:attachment":[{"href":"https:\/\/www.europesays.com\/de\/wp-json\/wp\/v2\/media?parent=946634"}],"wp:term":[{"taxonomy":"category","embeddable":true,"href":"https:\/\/www.europesays.com\/de\/wp-json\/wp\/v2\/categories?post=946634"},{"taxonomy":"post_tag","embeddable":true,"href":"https:\/\/www.europesays.com\/de\/wp-json\/wp\/v2\/tags?post=946634"}],"curies":[{"name":"wp","href":"https:\/\/api.w.org\/{rel}","templated":true}]}}