{"id":946862,"date":"2026-04-15T05:08:18","date_gmt":"2026-04-15T05:08:18","guid":{"rendered":"https:\/\/www.europesays.com\/de\/946862\/"},"modified":"2026-04-15T05:08:18","modified_gmt":"2026-04-15T05:08:18","slug":"brand-bei-alba-in-waiblingen-100-000-euro-schaden-grosseinsatz-der-feuerwehr-nachrichten-aus-waiblingen","status":"publish","type":"post","link":"https:\/\/www.europesays.com\/de\/946862\/","title":{"rendered":"Brand bei Alba in Waiblingen: 100.000 Euro Schaden, Gro\u00dfeinsatz der Feuerwehr &#8211; Nachrichten aus Waiblingen"},"content":{"rendered":"<p><strong>Waiblingen.<\/strong> Am Dienstagabend, 14. April, ist es beim Entsorgungsunternehmen Alba im Eisental zu einer Rauchentwicklung in einem Betriebsgeb\u00e4ude gekommen. Nach ersten Informationen der Polizei am Abend wurde dabei ein kleineres Feuer festgestellt, das jedoch unter Kontrolle gebracht werden konnte. Nach ersten Sch\u00e4tzungen der Polizei am fr\u00fchen Morgen wurde das Ausma\u00df des Brandes deutlich: Es sei ein Schaden von etwa 100.000 Euro entstanden.<\/p>\n<p>Die Flammen seien im Bereich<\/p>\n","protected":false},"excerpt":{"rendered":"Waiblingen. Am Dienstagabend, 14. April, ist es beim Entsorgungsunternehmen Alba im Eisental zu einer Rauchentwicklung in einem Betriebsgeb\u00e4ude&hellip;\n","protected":false},"author":2,"featured_media":946863,"comment_status":"","ping_status":"","sticky":false,"template":"","format":"standard","meta":{"footnotes":"","_share_on_mastodon":"0"},"categories":[1830],"tags":[13329,1634,1950,2919,3364,29,107792,30,1441,9887],"class_list":["post-946862","post","type-post","status-publish","format-standard","has-post-thumbnail","category-stuttgart","tag-alba","tag-baden-wuerttemberg","tag-blaulicht","tag-brand","tag-de","tag-deutschland","tag-eisental","tag-germany","tag-stuttgart","tag-waiblingen"],"share_on_mastodon":{"url":"https:\/\/pubeurope.com\/@de\/116406996742410333","error":""},"_links":{"self":[{"href":"https:\/\/www.europesays.com\/de\/wp-json\/wp\/v2\/posts\/946862","targetHints":{"allow":["GET"]}}],"collection":[{"href":"https:\/\/www.europesays.com\/de\/wp-json\/wp\/v2\/posts"}],"about":[{"href":"https:\/\/www.europesays.com\/de\/wp-json\/wp\/v2\/types\/post"}],"author":[{"embeddable":true,"href":"https:\/\/www.europesays.com\/de\/wp-json\/wp\/v2\/users\/2"}],"replies":[{"embeddable":true,"href":"https:\/\/www.europesays.com\/de\/wp-json\/wp\/v2\/comments?post=946862"}],"version-history":[{"count":0,"href":"https:\/\/www.europesays.com\/de\/wp-json\/wp\/v2\/posts\/946862\/revisions"}],"wp:featuredmedia":[{"embeddable":true,"href":"https:\/\/www.europesays.com\/de\/wp-json\/wp\/v2\/media\/946863"}],"wp:attachment":[{"href":"https:\/\/www.europesays.com\/de\/wp-json\/wp\/v2\/media?parent=946862"}],"wp:term":[{"taxonomy":"category","embeddable":true,"href":"https:\/\/www.europesays.com\/de\/wp-json\/wp\/v2\/categories?post=946862"},{"taxonomy":"post_tag","embeddable":true,"href":"https:\/\/www.europesays.com\/de\/wp-json\/wp\/v2\/tags?post=946862"}],"curies":[{"name":"wp","href":"https:\/\/api.w.org\/{rel}","templated":true}]}}