{"id":946979,"date":"2026-04-15T06:17:35","date_gmt":"2026-04-15T06:17:35","guid":{"rendered":"https:\/\/www.europesays.com\/de\/946979\/"},"modified":"2026-04-15T06:17:35","modified_gmt":"2026-04-15T06:17:35","slug":"unfall-an-kreuzung-floesserstrasse-und-pieschener-strasse","status":"publish","type":"post","link":"https:\/\/www.europesays.com\/de\/946979\/","title":{"rendered":"Unfall an Kreuzung Fl\u00f6\u00dferstra\u00dfe und Pieschener Stra\u00dfe"},"content":{"rendered":"\n<p>Am 12. April 2026 kam es gegen 11.10 Uhr in Mickten an der Kreuzung Fl\u00f6\u00dferstra\u00dfe und Pieschener Stra\u00dfe zu einem Verkehrsunfall. Ein VW Passat fuhr auf der Fl\u00f6\u00dferstra\u00dfe und kollidierte mit einer Stra\u00dfenbahn der Linie 9. <img fetchpriority=\"high\" decoding=\"async\" src=\"https:\/\/pieschen-aktuell.de\/wp-content\/uploads\/2026\/04\/2026-04-14-Verkehrsunfall-jpg.avif\" alt=\"Verkehrsunfall an der Pieschener Stra\u00dfe - Foto: Roland Halkasch\" width=\"1800\" height=\"1013\" class=\"size-full wp-image-74510\"  \/>Verkehrsunfall an der Pieschener Stra\u00dfe \u2013 Foto: Roland Halkasch <\/p>\n<p>Durch den Zusammensto\u00df wurde der Passat in das Gleisbett geschoben. Personen wurden nicht verletzt. Beide Fahrzeuge wurden jedoch stark besch\u00e4digt. Am Passat entstand vermutlich Totalschaden. <\/p>\n<p>Einschr\u00e4kungen im Nahverkehr <\/p>\n<p>Die Stra\u00dfenbahn vom Typ NGT D12 DD setzte ihre Fahrt aus eigener Kraft bis zum Betriebshof Gorbitz fort. Der Betrieb der Stra\u00dfenbahnlinien 9 und 13 sowie der Buslinie 72 war zeitweise gest\u00f6rt.<\/p>\n<p>Anzeige<\/p>\n<p><a class=\"gofollow\" data-track=\"MTQ0LDcsNjA=\" href=\"https:\/\/babicka-im-rausch.de\/\" target=\"_blank\" rel=\"noopener nofollow\"><img loading=\"lazy\" decoding=\"async\" src=\"https:\/\/www.europesays.com\/de\/wp-content\/uploads\/2026\/02\/2026-02-16-Anzeige-Baicka2.jpg\" alt=\"Babicka Dresden\" width=\"300\" height=\"250\"\/><\/a> <\/p>\n<p>Die Fl\u00f6\u00dferstra\u00dfe wurde nach dem Unfall gesperrt. Gegen 12.40 Uhr hob die Polizei die Sperrung auf. Um 12.42 meldeten die Dresdner Verkehrsbetriebe \u00fcber den <a href=\"https:\/\/x.com\/DVBAG\/status\/2044003456940126549\" rel=\"nofollow\">Kurznachrichtendienst X<\/a>, dass die St\u00f6rung beendet ist. <\/p>\n<p>Polizei ermittelt <\/p>\n<p>Der Verkehrsunfalldienst der Polizei ermittelt zur Ursache des Unfalls. <\/p>\n","protected":false},"excerpt":{"rendered":"Am 12. April 2026 kam es gegen 11.10 Uhr in Mickten an der Kreuzung Fl\u00f6\u00dferstra\u00dfe und Pieschener Stra\u00dfe&hellip;\n","protected":false},"author":2,"featured_media":946980,"comment_status":"","ping_status":"","sticky":false,"template":"","format":"standard","meta":{"footnotes":"","_share_on_mastodon":"0"},"categories":[1835],"tags":[3364,29,2386,30,85416,859,4900,1284],"class_list":["post-946979","post","type-post","status-publish","format-standard","has-post-thumbnail","category-dresden","tag-de","tag-deutschland","tag-dresden","tag-germany","tag-mickten","tag-sachsen","tag-strassenbahn","tag-unfall"],"share_on_mastodon":{"url":"https:\/\/pubeurope.com\/@de\/116407268045727333","error":""},"_links":{"self":[{"href":"https:\/\/www.europesays.com\/de\/wp-json\/wp\/v2\/posts\/946979","targetHints":{"allow":["GET"]}}],"collection":[{"href":"https:\/\/www.europesays.com\/de\/wp-json\/wp\/v2\/posts"}],"about":[{"href":"https:\/\/www.europesays.com\/de\/wp-json\/wp\/v2\/types\/post"}],"author":[{"embeddable":true,"href":"https:\/\/www.europesays.com\/de\/wp-json\/wp\/v2\/users\/2"}],"replies":[{"embeddable":true,"href":"https:\/\/www.europesays.com\/de\/wp-json\/wp\/v2\/comments?post=946979"}],"version-history":[{"count":0,"href":"https:\/\/www.europesays.com\/de\/wp-json\/wp\/v2\/posts\/946979\/revisions"}],"wp:featuredmedia":[{"embeddable":true,"href":"https:\/\/www.europesays.com\/de\/wp-json\/wp\/v2\/media\/946980"}],"wp:attachment":[{"href":"https:\/\/www.europesays.com\/de\/wp-json\/wp\/v2\/media?parent=946979"}],"wp:term":[{"taxonomy":"category","embeddable":true,"href":"https:\/\/www.europesays.com\/de\/wp-json\/wp\/v2\/categories?post=946979"},{"taxonomy":"post_tag","embeddable":true,"href":"https:\/\/www.europesays.com\/de\/wp-json\/wp\/v2\/tags?post=946979"}],"curies":[{"name":"wp","href":"https:\/\/api.w.org\/{rel}","templated":true}]}}