{"id":947025,"date":"2026-04-15T06:42:22","date_gmt":"2026-04-15T06:42:22","guid":{"rendered":"https:\/\/www.europesays.com\/de\/947025\/"},"modified":"2026-04-15T06:42:22","modified_gmt":"2026-04-15T06:42:22","slug":"die-suche-nach-dem-weg-aus-der-humanitaeren-katastrophe","status":"publish","type":"post","link":"https:\/\/www.europesays.com\/de\/947025\/","title":{"rendered":"Die Suche nach dem Weg aus der humanit\u00e4ren Katastrophe"},"content":{"rendered":"<p class=\"tspBPlq tspBPlr\">Drei Jahre nach Beginn des B\u00fcrgerkriegs im Sudan nehmen Spitzenpolitiker aus Europa und Afrika sowie Vertreter ziviler Gruppen einen neuen Anlauf hin zu einer Friedensl\u00f6sung f\u00fcr den blutigen Konflikt. Die <strong>internationale Sudan-Konferenz in Berlin<\/strong> soll auch daf\u00fcr sorgen, dass die laut UN aktuell gr\u00f6\u00dfte humanit\u00e4re Krise weltweit angesichts der Kriege im Iran und der Ukraine nicht aus dem Blick der \u00d6ffentlichkeit ger\u00e4t. <a href=\"https:\/\/www.tagesspiegel.de\/internationales\/drei-jahre-krieg-im-sudan-das-schutzversprechen-darf-kein-lippenbekenntnis-sein-15458074.html?icid=in-text-link_15475711\" class=\"link link--internal\" data-gtm-class=\"article-text-link\" data-gtm-val=\"internal\" rel=\"nofollow noopener\" target=\"_blank\">Ein Durchbruch hin zu einem Waffenstillstand wird nicht erwartet.<\/a><\/p>\n<p class=\"tspBPlq\">Die bislang<strong> dritte Sudan-Konferenz<\/strong> nach Treffen in Paris und London wird von der Bundesregierung zusammen mit Gro\u00dfbritannien, Frankreich, den USA sowie der Europ\u00e4ischen und Afrikanischen Union ausgerichtet. Die Veranstaltung am dritten Jahrestag des Beginns des Konflikts besteht aus einem Treffen von Au\u00dfenministern, einer humanit\u00e4ren Konferenz mit Finanzierungszusagen und einer Zusammenkunft ziviler Akteure, um einen Friedensfahrplan auszuhandeln.\u00a0<\/p>\n<p class=\"tspBPlq\"><strong>Insgesamt sind 120 Delegationen ins Ausw\u00e4rtige Amt eingeladen, etwa 60 davon aus der Zivilgesellschaft.<\/strong> Von den Beratungen der zivilen Vertreter aus dem Sudan wie aus dem Exil verspricht man sich in Berlin viel. Die Gefahr sei gro\u00df, dass am Ende sonst erneut milit\u00e4rische Kr\u00e4fte die Macht \u00fcbernehmen w\u00fcrden, wird gewarnt. In Paris hatte es humanit\u00e4re Hilfszusagen in H\u00f6he von etwa zwei Milliarden Euro und in London von etwa einer Milliarde Euro gegeben. Man hofft, bei den Zusagen wieder im Bereich von London zu landen.\u00a0<\/p>\n<p> Wer gegen wen im Sudan k\u00e4mpft <\/p>\n<p class=\"tspBPlq\"><a href=\"https:\/\/www.tagesspiegel.de\/internationales\/drei-jahre-krieg-im-sudan-der-iran-konflikt-konnte-die-machtverhaltnisse-verandern-15470632.html?icid=in-text-link_15475711\" class=\"link link--internal\" data-gtm-class=\"article-text-link\" data-gtm-val=\"internal\" rel=\"nofollow noopener\" target=\"_blank\">Der B\u00fcrgerkrieg im drittgr\u00f6\u00dften Land Afrikas begann am 15. April 2023.<\/a> Seit drei Jahren k\u00e4mpfen die sudanesische Regierungsarmee SAF des<strong> De-facto-Machthabers Abdel-Fattah al-Burhan und die Miliz RSF unter Mohamed Hamdan Daglo<\/strong> erbittert um die <strong>Vorherrschaft im Land.<\/strong> Einst hatten sich die beiden gemeinsam an die Macht geputscht \u2013 Daglo war al-Burhans Stellvertreter.\u00a0<\/p>\n<p class=\"tspBPlq\">Mittlerweile ist das Land zu weiten Teilen in Kontrollsph\u00e4ren aufgeteilt: Die Armee kontrolliert seit dem vergangenen Jahr wieder die zu gro\u00dfen Teilen zerst\u00f6rte Hauptstadt Khartum und den Osten des Sudans. Die <strong>RSF hat mit der Eroberung der Stadt Al-Faschir die gro\u00dfe Region Darfur im Westen unter Kontrolle<\/strong>. Dort hat sie nicht nur Zugang zu Versorgungsrouten aus dem Tschad, Libyen und der Zentralafrikanischen Republik, sondern kann mit der Kontrolle \u00fcber wichtige Goldvorkommen auch Waffenk\u00e4ufe finanzieren.\u00a0<\/p>\n<p class=\"tspBPlq\">Derzeit wird vor allem <strong>in der weiter s\u00fcdlich gelegenen Region Kordofan heftig gek\u00e4mpft<\/strong>. Experten wie Alan Boswell von der International Crisis Group sehen die Gefahr einer dauernden Teilung des Landes.<\/p>\n<p> Wer unter Menschenrechts- und Kriegsverbrechen leiden muss <\/p>\n<p class=\"tspBPlq\">Menschenrechtsorganisationen werfen sowohl der SAF als auch der Miliz RSF <strong>Menschenrechts- und Kriegsverbrechen<\/strong> vor. Die Vereinten Nationen sprechen angesichts von weit verbreitetem Hunger und derzeit 11,6 Millionen Fl\u00fcchtlingen und Binnenvertriebenen von der <strong>gr\u00f6\u00dften humanit\u00e4ren Krise der Welt.<\/strong> 19 Millionen Menschen sind von Hunger bedroht, bis zu 80 Prozent der Gesundheitseinrichtungen sind nach Angaben des Internationalen Komitees vom Roten Kreuz (IKRK) zerst\u00f6rt oder nicht arbeitsf\u00e4hig.<\/p>\n<p class=\"tspBPlq\">Der SAF werden willk\u00fcrliche Bombardierungen auch von Wohngebieten vorgeworfen. Die RSF setzt <strong>sexuelle Gewalt als Kriegswaffe<\/strong> ein, besonders gegen die nicht-arabischen Bev\u00f6lkerungsgruppen in Darfur.\u00a0<\/p>\n<p class=\"tspBPlq\">Sexuelle Gewalt sei zu einem pr\u00e4genden und allgegenw\u00e4rtigen Merkmal des Konflikts geworden, hie\u00df es in einem Ende M\u00e4rz vorgestellten Bericht der \u00c4rzte ohne Grenzen.<strong> \u201eDieser Krieg wurde in vielerlei Hinsicht auf dem R\u00fccken und den K\u00f6rpern von Frauen und M\u00e4dchen gef\u00fchrt.\u201c<\/strong> Zudem gibt es Berichte \u00fcber Massaker, Folter\u00a0und Massenerschie\u00dfungen, besonders in Darfur. UN-Ermittler sehen Merkmale von V\u00f6lkermord.<\/p>\n<p> Wer im Land noch mitmischt\u00a0 <\/p>\n<p class=\"tspBPlq\">In dem B\u00fcrgerkrieg geht es auch um Einflusssph\u00e4ren: Es gilt als unstrittig, <strong>dass die RSF Unterst\u00fctzung durch die Vereinigten Arabischen Emirate (VAE) erh\u00e4lt.<\/strong> Anfang 2025 verf\u00fcgten die USA Sanktionen gegen ein Netzwerk von Unternehmen in den Emiraten, die Daglo und seiner Familie geh\u00f6ren beziehungsweise von ihnen kontrolliert werden. <strong>Die Regierung wiederum wird von Nachbarland \u00c4gypten und von Saudi-Arabien unterst\u00fctzt.<\/strong><\/p>\n<p>Mehr auf Tagesspiegel.de<a href=\"https:\/\/www.tagesspiegel.de\/internationales\/drei-jahre-krieg-im-sudan-der-iran-konflikt-konnte-die-machtverhaltnisse-verandern-15470632.html?icid=topic-list_15475711___\" data-gtm-class=\"article-mzt-link\" data-hydrate-fingerprint=\"09740a54944caac75fd2c0c63fd5c5df\" data-hydrate-props=\"{&amp;escapedquot;element&amp;escapedquot;:{&amp;escapedquot;type&amp;escapedquot;:&amp;escapedquot;relatedContent&amp;escapedquot;,&amp;escapedquot;fieldMap&amp;escapedquot;:{},&amp;escapedquot;relation&amp;escapedquot;:{&amp;escapedquot;fields&amp;escapedquot;:{&amp;escapedquot;isPaid&amp;escapedquot;:true},&amp;escapedquot;href&amp;escapedquot;:&amp;escapedquot;\/internationales\/drei-jahre-krieg-im-sudan-der-iran-konflikt-konnte-die-machtverhaltnisse-verandern-15470632.html&amp;escapedquot;,&amp;escapedquot;teaserTitle&amp;escapedquot;:{&amp;escapedquot;kicker&amp;escapedquot;:&amp;escapedquot;Drei Jahre Krieg im Sudan&amp;escapedquot;,&amp;escapedquot;headline&amp;escapedquot;:&amp;escapedquot;Der Iran-Konflikt k\u00f6nnte die Machtverh\u00e4ltnisse ver\u00e4ndern &amp;escapedquot;},&amp;escapedquot;id&amp;escapedquot;:&amp;escapedquot;15470632&amp;escapedquot;,&amp;escapedquot;type&amp;escapedquot;:&amp;escapedquot;story&amp;escapedquot;},&amp;escapedquot;isPartOfList&amp;escapedquot;:true,&amp;escapedquot;topicListType&amp;escapedquot;:&amp;escapedquot;topic-list&amp;escapedquot;},&amp;escapedquot;showArrow&amp;escapedquot;:true}\" data-hydrate-slots=\"{&#039;default&#039;:[]}\" class=\"tspCTpu tspCVp2\" rel=\"nofollow noopener\" target=\"_blank\">Drei Jahre Krieg im Sudan Der Iran-Konflikt k\u00f6nnte die Machtverh\u00e4ltnisse ver\u00e4ndern  <\/a><a href=\"https:\/\/www.tagesspiegel.de\/internationales\/drei-jahre-krieg-im-sudan-das-schutzversprechen-darf-kein-lippenbekenntnis-sein-15458074.html?icid=topic-list_15475711___\" data-gtm-class=\"article-mzt-link\" data-hydrate-fingerprint=\"09740a54944caac75fd2c0c63fd5c5df\" data-hydrate-props=\"{&amp;escapedquot;element&amp;escapedquot;:{&amp;escapedquot;type&amp;escapedquot;:&amp;escapedquot;relatedContent&amp;escapedquot;,&amp;escapedquot;fieldMap&amp;escapedquot;:{},&amp;escapedquot;relation&amp;escapedquot;:{&amp;escapedquot;fields&amp;escapedquot;:{&amp;escapedquot;isPaid&amp;escapedquot;:null},&amp;escapedquot;href&amp;escapedquot;:&amp;escapedquot;\/internationales\/drei-jahre-krieg-im-sudan-das-schutzversprechen-darf-kein-lippenbekenntnis-sein-15458074.html&amp;escapedquot;,&amp;escapedquot;teaserTitle&amp;escapedquot;:{&amp;escapedquot;kicker&amp;escapedquot;:&amp;escapedquot;Drei Jahre Krieg im Sudan &amp;escapedquot;,&amp;escapedquot;headline&amp;escapedquot;:&amp;escapedquot;Das Schutzversprechen darf kein Lippenbekenntnis sein&amp;escapedquot;},&amp;escapedquot;id&amp;escapedquot;:&amp;escapedquot;15458074&amp;escapedquot;,&amp;escapedquot;type&amp;escapedquot;:&amp;escapedquot;story&amp;escapedquot;},&amp;escapedquot;isPartOfList&amp;escapedquot;:true,&amp;escapedquot;topicListType&amp;escapedquot;:&amp;escapedquot;topic-list&amp;escapedquot;},&amp;escapedquot;showArrow&amp;escapedquot;:true}\" data-hydrate-slots=\"{&#039;default&#039;:[]}\" class=\"tspCTpu tspCVp2\" rel=\"nofollow noopener\" target=\"_blank\">Drei Jahre Krieg im Sudan  Das Schutzversprechen darf kein Lippenbekenntnis sein <\/a><a href=\"https:\/\/www.tagesspiegel.de\/politik\/berliner-friedenskonferenz-fur-den-sudan-linke-beklagt-doppelmoral-der-bundesregierung-15453383.html?icid=topic-list_15475711___\" data-gtm-class=\"article-mzt-link\" data-hydrate-fingerprint=\"09740a54944caac75fd2c0c63fd5c5df\" data-hydrate-props=\"{&amp;escapedquot;element&amp;escapedquot;:{&amp;escapedquot;type&amp;escapedquot;:&amp;escapedquot;relatedContent&amp;escapedquot;,&amp;escapedquot;fieldMap&amp;escapedquot;:{},&amp;escapedquot;relation&amp;escapedquot;:{&amp;escapedquot;fields&amp;escapedquot;:{&amp;escapedquot;isPaid&amp;escapedquot;:false},&amp;escapedquot;href&amp;escapedquot;:&amp;escapedquot;\/politik\/berliner-friedenskonferenz-fur-den-sudan-linke-beklagt-doppelmoral-der-bundesregierung-15453383.html&amp;escapedquot;,&amp;escapedquot;teaserTitle&amp;escapedquot;:{&amp;escapedquot;kicker&amp;escapedquot;:&amp;escapedquot;Berliner Friedenskonferenz f\u00fcr den Sudan&amp;escapedquot;,&amp;escapedquot;headline&amp;escapedquot;:&amp;escapedquot;Linke beklagt Doppelmoral der Bundesregierung &amp;escapedquot;},&amp;escapedquot;id&amp;escapedquot;:&amp;escapedquot;15453383&amp;escapedquot;,&amp;escapedquot;type&amp;escapedquot;:&amp;escapedquot;story&amp;escapedquot;},&amp;escapedquot;isPartOfList&amp;escapedquot;:true,&amp;escapedquot;topicListType&amp;escapedquot;:&amp;escapedquot;topic-list&amp;escapedquot;},&amp;escapedquot;showArrow&amp;escapedquot;:true}\" data-hydrate-slots=\"{&#039;default&#039;:[]}\" class=\"tspCTpu tspCVp2\" rel=\"nofollow noopener\" target=\"_blank\">Berliner Friedenskonferenz f\u00fcr den Sudan Linke beklagt Doppelmoral der Bundesregierung  <\/a><\/p>\n<p class=\"tspBPlq\">Vermittlungsversuche von au\u00dfen blieben bislang erfolglos, auch weil es nicht gelang, die Konfliktparteien an einen Verhandlungstisch zu bringen. Zudem sind in der sogenannten Quad-Gruppe au\u00dfer den USA \u00c4gypten, Saudi-Arabien und die VAE vertreten\u00a0\u2013 <strong>Staaten, die im Sudan auch eigene Interessen verfolgen.<\/strong><\/p>\n<p> Zahl der Toten l\u00e4sst sich nur sch\u00e4tzen <\/p>\n<p class=\"tspBPlq\">Das IKRK berichtete am Dienstag, allein in Khartum seien mehr als 20.000 Leichen geborgen und beigesetzt worden. In Sch\u00e4tzungen ist von deutlich <strong>mehr als 150.000 Toten<\/strong> die Rede. Angesichts von Massakern und Massengr\u00e4bern, die Wissenschaftler etwa des Humanitarian Research Lab der Yale Medical School auf Satellitenaufnahmen identifizierten, d\u00fcrfte die wahre Zahl der Opfer erst nach dem Ende des Krieges festgestellt werden k\u00f6nnen. (dpa)<\/p>\n","protected":false},"excerpt":{"rendered":"Drei Jahre nach Beginn des B\u00fcrgerkriegs im Sudan nehmen Spitzenpolitiker aus Europa und Afrika sowie Vertreter ziviler Gruppen&hellip;\n","protected":false},"author":2,"featured_media":947026,"comment_status":"","ping_status":"","sticky":false,"template":"","format":"standard","meta":{"footnotes":"","_share_on_mastodon":"0"},"categories":[1825],"tags":[16302,296,1173,29,156,30,551,345,1435,130,17003,317,64],"class_list":["post-947025","post","type-post","status-publish","format-standard","has-post-thumbnail","category-berlin","tag-afrika","tag-berlin","tag-bundesregierung","tag-deutschland","tag-frankreich","tag-germany","tag-grossbritannien","tag-iran","tag-krieg-in-der-ukraine","tag-menschenrechte","tag-sudan","tag-ukraine","tag-usa"],"share_on_mastodon":{"url":"https:\/\/pubeurope.com\/@de\/116407366296003170","error":""},"_links":{"self":[{"href":"https:\/\/www.europesays.com\/de\/wp-json\/wp\/v2\/posts\/947025","targetHints":{"allow":["GET"]}}],"collection":[{"href":"https:\/\/www.europesays.com\/de\/wp-json\/wp\/v2\/posts"}],"about":[{"href":"https:\/\/www.europesays.com\/de\/wp-json\/wp\/v2\/types\/post"}],"author":[{"embeddable":true,"href":"https:\/\/www.europesays.com\/de\/wp-json\/wp\/v2\/users\/2"}],"replies":[{"embeddable":true,"href":"https:\/\/www.europesays.com\/de\/wp-json\/wp\/v2\/comments?post=947025"}],"version-history":[{"count":0,"href":"https:\/\/www.europesays.com\/de\/wp-json\/wp\/v2\/posts\/947025\/revisions"}],"wp:featuredmedia":[{"embeddable":true,"href":"https:\/\/www.europesays.com\/de\/wp-json\/wp\/v2\/media\/947026"}],"wp:attachment":[{"href":"https:\/\/www.europesays.com\/de\/wp-json\/wp\/v2\/media?parent=947025"}],"wp:term":[{"taxonomy":"category","embeddable":true,"href":"https:\/\/www.europesays.com\/de\/wp-json\/wp\/v2\/categories?post=947025"},{"taxonomy":"post_tag","embeddable":true,"href":"https:\/\/www.europesays.com\/de\/wp-json\/wp\/v2\/tags?post=947025"}],"curies":[{"name":"wp","href":"https:\/\/api.w.org\/{rel}","templated":true}]}}