{"id":94714,"date":"2025-05-08T16:35:09","date_gmt":"2025-05-08T16:35:09","guid":{"rendered":"https:\/\/www.europesays.com\/de\/94714\/"},"modified":"2025-05-08T16:35:09","modified_gmt":"2025-05-08T16:35:09","slug":"neue-halle-fuer-den-katastrophenschutz-in-neubrandenburg-ndr-de-nachrichten-mecklenburg-vorpommern","status":"publish","type":"post","link":"https:\/\/www.europesays.com\/de\/94714\/","title":{"rendered":"Neue Halle f\u00fcr den Katastrophenschutz in Neubrandenburg | NDR.de &#8211; Nachrichten &#8211; Mecklenburg-Vorpommern"},"content":{"rendered":"<p>\nStand: 08.05.2025 18:24 Uhr\n<\/p>\n<p><a href=\"https:\/\/www.europesays.com\/de\/wp-content\/uploads\/2025\/05\/mvfoto5184_v-contentgross.jpg\" class=\"zoomimage\" title=\"Der Katastrophenschutz f\u00fcr die Mecklenburgische Seenplatte hat in Neubrandenburg eine neue Halle f\u00fcr Fahrzeuge und Material. \u00a9 Landkreis Mecklenburgische Seenplatte Foto: Marten Schr\u00f6der\"><\/p>\n<p><img decoding=\"async\" src=\"https:\/\/www.europesays.com\/de\/wp-content\/uploads\/2025\/05\/mvfoto5184_v-contentgross.jpg\" alt=\"Der Katastrophenschutz f\u00fcr die Mecklenburgische Seenplatte hat in Neubrandenburg eine neue Halle f\u00fcr Fahrzeuge und Material. \u00a9 Landkreis Mecklenburgische Seenplatte Foto: Marten Schr\u00f6der\" title=\"Der Katastrophenschutz f\u00fcr die Mecklenburgische Seenplatte hat in Neubrandenburg eine neue Halle f\u00fcr Fahrzeuge und Material.\" class=\"responsive\"\/><\/p>\n<p><\/a><br \/>\nDer Katastrophenschutz f\u00fcr die Mecklenburgische Seenplatte hat in Neubrandenburg eine neue Halle f\u00fcr Fahrzeuge und Material.<\/p>\n<p>Der Katastrophenschutz f\u00fcr die Mecklenburgische Seenplatte hat eine neue Halle. In Neubrandenburg ist nun auf fast 2000 Quadratmetern Platz f\u00fcr 29 Fahrzeuge und Anh\u00e4nger, ein Lager und f\u00fcr B\u00fcros. Au\u00dferdem gibt es Gemeinschaftsr\u00e4ume, einen Ausbildungsraum, ein Sanit\u00e4tslager und Platz, um die Fahrzeuge nach den Eins\u00e4tzen zu reinigen, hei\u00dft es von der Landkreisverwaltung. &#8222;Jetzt haben wir f\u00fcr die n\u00e4chsten zehn Jahre Stabilit\u00e4t im Katastrophenschutz in der Stadt Neubrandenburg geschaffen&#8220;, so Dirk Rautmann, Amtsleiter Zentrale Dienste\/Schulverwaltungsamt, bei der Einweihung.<\/p>\n<p>Dieses Thema im Programm:<\/p>\n<p>NDR 1 Radio MV |<br \/>\nRegionalnachrichten aus Neubrandenburg |<br \/>\n08.05.2025 | 18:30 Uhr<\/p>\n<p><img decoding=\"async\" src=\"https:\/\/www.europesays.com\/de\/wp-content\/uploads\/2025\/03\/ndr_printlogo.gif\" alt=\"NDR Logo\" title=\"NDR Logo\"\/><\/p>\n","protected":false},"excerpt":{"rendered":"Stand: 08.05.2025 18:24 Uhr Der Katastrophenschutz f\u00fcr die Mecklenburgische Seenplatte hat in Neubrandenburg eine neue Halle f\u00fcr Fahrzeuge&hellip;\n","protected":false},"author":2,"featured_media":94715,"comment_status":"","ping_status":"","sticky":false,"template":"","format":"standard","meta":{"footnotes":""},"categories":[1860],"tags":[590,1349,3364,29,548,663,3934,30,4062,17332,13,1351,1352,1353,14,1350,15,1354,17331,860,12],"class_list":{"0":"post-94714","1":"post","2":"type-post","3":"status-publish","4":"format-standard","5":"has-post-thumbnail","7":"category-halle-saale","8":"tag-aktuell","9":"tag-aktuelles","10":"tag-de","11":"tag-deutschland","12":"tag-eu","13":"tag-europa","14":"tag-europe","15":"tag-germany","16":"tag-halle","17":"tag-halle-saale","18":"tag-headlines","19":"tag-mecklenburg-vorpommern","20":"tag-mv","21":"tag-mv-news","22":"tag-nachrichten","23":"tag-neuigkeiten","24":"tag-news","25":"tag-news-mv","26":"tag-saale","27":"tag-sachsen-anhalt","28":"tag-schlagzeilen"},"share_on_mastodon":{"url":"https:\/\/pubeurope.com\/@de\/114473187666518582","error":""},"_links":{"self":[{"href":"https:\/\/www.europesays.com\/de\/wp-json\/wp\/v2\/posts\/94714","targetHints":{"allow":["GET"]}}],"collection":[{"href":"https:\/\/www.europesays.com\/de\/wp-json\/wp\/v2\/posts"}],"about":[{"href":"https:\/\/www.europesays.com\/de\/wp-json\/wp\/v2\/types\/post"}],"author":[{"embeddable":true,"href":"https:\/\/www.europesays.com\/de\/wp-json\/wp\/v2\/users\/2"}],"replies":[{"embeddable":true,"href":"https:\/\/www.europesays.com\/de\/wp-json\/wp\/v2\/comments?post=94714"}],"version-history":[{"count":0,"href":"https:\/\/www.europesays.com\/de\/wp-json\/wp\/v2\/posts\/94714\/revisions"}],"wp:featuredmedia":[{"embeddable":true,"href":"https:\/\/www.europesays.com\/de\/wp-json\/wp\/v2\/media\/94715"}],"wp:attachment":[{"href":"https:\/\/www.europesays.com\/de\/wp-json\/wp\/v2\/media?parent=94714"}],"wp:term":[{"taxonomy":"category","embeddable":true,"href":"https:\/\/www.europesays.com\/de\/wp-json\/wp\/v2\/categories?post=94714"},{"taxonomy":"post_tag","embeddable":true,"href":"https:\/\/www.europesays.com\/de\/wp-json\/wp\/v2\/tags?post=94714"}],"curies":[{"name":"wp","href":"https:\/\/api.w.org\/{rel}","templated":true}]}}