{"id":947332,"date":"2026-04-15T09:46:16","date_gmt":"2026-04-15T09:46:16","guid":{"rendered":"https:\/\/www.europesays.com\/de\/947332\/"},"modified":"2026-04-15T09:46:16","modified_gmt":"2026-04-15T09:46:16","slug":"ungarn-peter-magyar-will-staatlichen-rundfunk-vorerst-einstellen","status":"publish","type":"post","link":"https:\/\/www.europesays.com\/de\/947332\/","title":{"rendered":"Ungarn: P\u00e9ter Magyar will staatlichen Rundfunk vorerst einstellen"},"content":{"rendered":"<p class=\"paragraph article__item\">Nach seinem <a href=\"https:\/\/www.zeit.de\/politik\/ausland\/2026-04\/peter-magyar-sieg-ungarn-parlamentswahlen-orban\" target=\"_blank\" rel=\"nofollow noopener\">Wahlsieg<\/a> will <a class=\"rtr-entity\" href=\"https:\/\/www.zeit.de\/thema\/peter-magyar\" rel=\"nofollow noopener\" target=\"_blank\">P\u00e9ter Magyar<\/a> die Sendungen der staatlichen Medien aussetzen. Seine Regierung werde ein neues Mediengesetz verabschieden, um die Pressefreiheit zu garantieren. \u00bbAlle Ungarn verdienen einen \u00f6ffentlichen Rundfunk, der die Wahrheit berichtet\u00ab, sagte Magyar am Mittwoch.\n<\/p>\n<p class=\"paragraph article__item\">Man werde ein wenig Zeit brauchen, um ein neues Gesetz zu verabschieden, sagte Magyar beim staatlichen Radiosender Kossuth \u2013 dem Sender, in dem der abgew\u00e4hlte Ministerpr\u00e4sident Viktor Orb\u00e1n die letzten 16 Jahre beinahe w\u00f6chentlich zu h\u00f6ren war.  Zudem solle eine neue Medienbeh\u00f6rde eingerichtet und die \u00bbfachlichen Voraussetzungen\u00ab geschaffen werden, damit \u00bbdie staatlichen Medien tats\u00e4chlich das tun, wozu sie bestimmt sind\u00ab, f\u00fcgte Magyar hinzu.\n<\/p>\n<p class=\"paragraph article__item\">Die staatlichen Medien in <a class=\"rtr-entity\" href=\"https:\/\/www.zeit.de\/thema\/ungarn\" rel=\"nofollow noopener\" target=\"_blank\">Ungarn<\/a> standen vermehrt in der Kritik, als Sprachrohr der Regierung von Viktor Orb\u00e1n zu fungieren. Kritiker werfen ihm zudem vor, unabh\u00e4ngige Medien untergraben und Verb\u00fcndeten seiner Fidesz-Partei die Kontrolle \u00fcber private Medienunternehmen erm\u00f6glicht zu haben. Orb\u00e1n weist die Vorw\u00fcrfe zur\u00fcck.\n<\/p>\n<p class=\"paragraph article__item\">Am <a href=\"https:\/\/www.zeit.de\/feuilleton\/2026-04\/wahl-ungarn-budapest-viktor-orban-peter-magyar-jubel\" target=\"_blank\" rel=\"nofollow noopener\">Sonntag<\/a> gewann Magyar mit seiner Partei Tisza die Parlamentswahl in Ungarn <a href=\"https:\/\/www.zeit.de\/politik\/ausland\/2026-04\/ungarn-parlamentswahl-viktor-orban-niederlage\" target=\"_blank\" rel=\"nofollow noopener\">deutlich<\/a>. Die 53,06 Prozent brachten der Partei 138 von 199 Sitzen im Parlament. Sie verf\u00fcgt damit \u00fcber eine Zweidrittelmehrheit, die es ihr erm\u00f6glicht, Verfassungs\u00e4nderungen ohne Unterst\u00fctzung der Opposition durchzusetzen. Die rechtspopulistische Fidesz-Partei kam auf 38,43 Prozent der Stimmen, womit Orb\u00e1ns 16-j\u00e4hrige Amtszeit endete.\n<\/p>\n<p>Mehr zum Thema<\/p>\n<p>            Wahl in Ungarn        <\/p>\n<p>                <a href=\"https:\/\/www.zeit.de\/politik\/ausland\/2026-04\/ungarn-rechtsstaat-peter-magyar-parlamentswahl-wahlsieger\" data-ct-label=\"Ungarn: Nun soll Orb\u00e1ns System weichen\" data-uuid=\"d578043a-8837-4077-8aa1-229f2ae96831\" rel=\"nofollow noopener\" target=\"_blank\"><\/p>\n<p>        Z+ (abopflichtiger Inhalt);<\/p>\n<p>    Ungarn:<br \/>\n                        Nun soll Orb\u00e1ns System weichen<\/p>\n<p>                <\/a><\/p>\n<p>                <a href=\"https:\/\/www.zeit.de\/politik\/2026-04\/rechtspopulismus-europa-viktor-orban-usa-donald-trump\" data-ct-label=\"Rechtspopulismus: Die Wut-Wonne der Rechtspopulisten ist vorbei\" data-uuid=\"ec6bfb19-3ace-4551-a5b1-fe3f2e3e639f\" rel=\"nofollow noopener\" target=\"_blank\"><\/p>\n<p>        Z+ (abopflichtiger Inhalt);<\/p>\n<p>    Rechtspopulismus:<br \/>\n                        Die Wut-Wonne der Rechtspopulisten ist vorbei<\/p>\n<p>                <\/a><\/p>\n<p>                <a href=\"https:\/\/www.zeit.de\/politik\/ausland\/2026-04\/wladimir-putin-abwahl-viktor-orban-parlamentswahl-ungarn\" data-ct-label=\"Putin und Orb\u00e1n: Putins Standleitung ist gekappt\" data-uuid=\"69bd081f-e677-4486-b938-27bfc805ba59\" rel=\"nofollow noopener\" target=\"_blank\"><\/p>\n<p>        Z+ (abopflichtiger Inhalt);<\/p>\n<p>    Putin und Orb\u00e1n:<br \/>\n                        Putins Standleitung ist gekappt<\/p>\n<p>                <\/a><\/p>\n","protected":false},"excerpt":{"rendered":"Nach seinem Wahlsieg will P\u00e9ter Magyar die Sendungen der staatlichen Medien aussetzen. Seine Regierung werde ein neues Mediengesetz&hellip;\n","protected":false},"author":2,"featured_media":947333,"comment_status":"","ping_status":"","sticky":false,"template":"","format":"standard","meta":{"footnotes":"","_share_on_mastodon":"0"},"categories":[3],"tags":[13,5508,14,15,853,129057,16,9823,4486,12,10,8,9,11,501,103,104],"class_list":["post-947332","post","type-post","status-publish","format-standard","has-post-thumbnail","category-welt","tag-headlines","tag-journalismus","tag-nachrichten","tag-news","tag-parlamentswahl","tag-peter-magyar","tag-politik","tag-pressefreiheit","tag-rundfunk","tag-schlagzeilen","tag-top-news","tag-top-meldungen","tag-topmeldungen","tag-topnews","tag-ungarn","tag-welt","tag-world"],"share_on_mastodon":{"url":"https:\/\/pubeurope.com\/@de\/116408089914655825","error":""},"_links":{"self":[{"href":"https:\/\/www.europesays.com\/de\/wp-json\/wp\/v2\/posts\/947332","targetHints":{"allow":["GET"]}}],"collection":[{"href":"https:\/\/www.europesays.com\/de\/wp-json\/wp\/v2\/posts"}],"about":[{"href":"https:\/\/www.europesays.com\/de\/wp-json\/wp\/v2\/types\/post"}],"author":[{"embeddable":true,"href":"https:\/\/www.europesays.com\/de\/wp-json\/wp\/v2\/users\/2"}],"replies":[{"embeddable":true,"href":"https:\/\/www.europesays.com\/de\/wp-json\/wp\/v2\/comments?post=947332"}],"version-history":[{"count":0,"href":"https:\/\/www.europesays.com\/de\/wp-json\/wp\/v2\/posts\/947332\/revisions"}],"wp:featuredmedia":[{"embeddable":true,"href":"https:\/\/www.europesays.com\/de\/wp-json\/wp\/v2\/media\/947333"}],"wp:attachment":[{"href":"https:\/\/www.europesays.com\/de\/wp-json\/wp\/v2\/media?parent=947332"}],"wp:term":[{"taxonomy":"category","embeddable":true,"href":"https:\/\/www.europesays.com\/de\/wp-json\/wp\/v2\/categories?post=947332"},{"taxonomy":"post_tag","embeddable":true,"href":"https:\/\/www.europesays.com\/de\/wp-json\/wp\/v2\/tags?post=947332"}],"curies":[{"name":"wp","href":"https:\/\/api.w.org\/{rel}","templated":true}]}}