{"id":947385,"date":"2026-04-15T10:20:19","date_gmt":"2026-04-15T10:20:19","guid":{"rendered":"https:\/\/www.europesays.com\/de\/947385\/"},"modified":"2026-04-15T10:20:19","modified_gmt":"2026-04-15T10:20:19","slug":"mordanklage-zugelassen-fabian-prozess-beginnt-ende-april-news","status":"publish","type":"post","link":"https:\/\/www.europesays.com\/de\/947385\/","title":{"rendered":"Mordanklage zugelassen: Fabian-Prozess beginnt Ende April | News"},"content":{"rendered":"<p><a class=\"skip-content skip-content--link\" href=\"#in-content-skip-link-target-v-0-0\">TTS-Player \u00fcberspringen\u21b5<\/a><a id=\"in-content-skip-link-target-v-0-0\" class=\"skip-content--target-link-hidden skip-content skip-content--target-link\" href=\"#in-content-skip-link-target-v-0-0\">Artikel weiterlesen<\/a><\/p>\n<p>Rostock (Mecklenburg-Vorpommern) \u2013 <b>Neue Entwicklungen im Fall Fabian! Das Landgericht Rostock hat jetzt die Anklage wegen Mordes gegen die Ex-Freundin des Vaters, Gina H. (30), zugelassen. Der Prozess startet am 28. April und findet unter besonderen Sicherheitsvorkehrungen statt.<\/b><\/p>\n<p>\u201eDer Angeklagten wird mit der nunmehr zugelassenen Anklage der Staatsanwaltschaft <a href=\"https:\/\/www.bild.de\/regional\/rostock\/home-iUxyyKsPlfCRTtIBo8zG\" class=\"text-link\" rel=\"nofollow noopener\" target=\"_blank\">Rostock<\/a> vorgeworfen, am 10.10.2025 heimt\u00fcckisch und aus sonst niedrigen Beweggr\u00fcnden den zur Tatzeit achtj\u00e4hrigen Fabian aus G\u00fcstrow get\u00f6tet zu haben\u201c, so eine Gerichtssprecherin.<\/p>\n<p>Laut Staatsanwaltschaft soll Gina H. am Morgen des 10. Oktober mit ihrem orangefarbenen Pick-up zur Wohnanschrift von Fabian (8) in G\u00fcstrow (<a href=\"https:\/\/www.bild.de\/regional\/mecklenburg-vorpommern\/mecklenburg-vorpommern\/home-62716054.bild.html\" class=\"text-link\" rel=\"nofollow noopener\" target=\"_blank\">Mecklenburg-Vorpommern<\/a>) gefahren sein und ihn \u201eunter einem Vorwand aus dem Haus gelockt haben\u201c. Dann soll sie mit dem Achtj\u00e4hrigen nach Klein Upahl gefahren und zu Fu\u00df zu dem T\u00fcmpel gelaufen sein. Mit <a href=\"https:\/\/www.bild.de\/news\/inland\/anklage-erhoben-ex-stiefmutter-soll-fabian-8-aus-xx-ermordet-haben-699daccf95fc1797991fa11d\" class=\"text-link\" rel=\"nofollow noopener\" target=\"_blank\">sechs Messerstichen<\/a> in den Oberk\u00f6rper soll sie den Jungen hier get\u00f6tet haben. Sie soll die Tat allein geplant und durchgef\u00fchrt haben. \u201eUm die Spuren der Tat zu beseitigen, soll sie den Leichnam sp\u00e4ter mittels Brandbeschleuniger angez\u00fcndet haben\u201c, so die <a href=\"https:\/\/www.bild.de\/themen\/organisationen\/staatsanwaltschaft-alle-infos-und-news-KDJzQvfvRkaBLQ0vXYpd\" class=\"text-link\" rel=\"nofollow noopener\" target=\"_blank\">Staatsanwaltschaft<\/a>. <\/p>\n<p>Zum Motiv gibt es bisher keine Angaben. Nach BILD-Informationen soll die Trennung zwischen der Angeklagten und Fabians Vater jedoch besonders schwierig gewesen sein.<\/p>\n<p>Mehr zum ThemaKeine Handys im Gerichtssaal erlaubt<\/p>\n<p>Vor der Schwurgerichtskammer des Landgerichts Rostock sind aktuell 17 Termine angesetzt \u2013 bis in den Juli. Wegen des besonderen \u00d6ffentlichkeitsinteresses hat das <a href=\"https:\/\/www.bild.de\/themen\/organisationen\/gerichte\/news-fotos-videos-17024270.bild.html\" class=\"text-link\" rel=\"nofollow noopener\" target=\"_blank\">Gericht<\/a> f\u00fcr den Prozess eine Sicherungsverordnung erlassen. Unter anderem d\u00fcrfen im Saal keine Handys benutzt werden, gleich vier Wachtmeister sch\u00fctzen den Prozess (\u00fcblich sind in der Regel zwei) \u201ezur Sicherung des Aufzeichnungsverbotes und der Ordnung\u201c, es d\u00fcrfen nur kleine Taschen mitgenommen werden.<\/p>\n<p>Foto: Polizei<\/p>\n<p>Laut Staatsanwaltschaft sollen insgesamt mehr als 60 Zeugen vor Gericht aussagen \u2013 unter anderem Fabians Eltern. Die <a href=\"https:\/\/www.bild.de\/news\/inland\/anklage-erhoben-63-seiten-vorwuerfe-gegen-fabians-mutmassliche-moerderin-69ae969710f264d559778f67\" class=\"text-link\" rel=\"nofollow noopener\" target=\"_blank\">Anklageschrift mit den Vorw\u00fcrfen<\/a> gegen Gina H. ist 63 Seiten lang.\n<\/p>\n<p>Mordfall Fabian (\u20208): Durchsuchung bei Ex-Freundin des Vaters<a class=\"anchor video-teaser__anchor\" href=\"https:\/\/www.bild.de\/regional\/mecklenburg-vorpommern\/fabian-8-durchsuchung-bei-ex-freundin-des-vaters-690c6c5c154e6f61444c73e0\" rel=\"nofollow noopener\" target=\"_blank\"><img decoding=\"async\" width=\"992\" height=\"558\" alt=\"Fabian (\u20208): Durchsuchung bei Ex-Freundin des Vaters\" src=\"https:\/\/www.europesays.com\/de\/wp-content\/uploads\/2026\/04\/b12e9033346378d6b58d85f566c0a0a6-landscape,88087d66.jpeg\"   class=\"landscape teaser__image\" loading=\"lazy\"\/><\/a><\/p>\n<p>Quelle: Nonstopnews06.11.2025<\/p>\n","protected":false},"excerpt":{"rendered":"TTS-Player \u00fcberspringen\u21b5Artikel weiterlesen Rostock (Mecklenburg-Vorpommern) \u2013 Neue Entwicklungen im Fall Fabian! Das Landgericht Rostock hat jetzt die Anklage&hellip;\n","protected":false},"author":2,"featured_media":947386,"comment_status":"","ping_status":"","sticky":false,"template":"","format":"standard","meta":{"footnotes":"","_share_on_mastodon":"0"},"categories":[5],"tags":[331,332,3364,29,1993,30,84441,13,1351,2183,14,15,121,1269,12,1997,138370,45],"class_list":["post-947385","post","type-post","status-publish","format-standard","has-post-thumbnail","category-nachrichten","tag-aktuelle-nachrichten","tag-aktuelle-news","tag-de","tag-deutschland","tag-gerichte","tag-germany","tag-guestrow","tag-headlines","tag-mecklenburg-vorpommern","tag-mord","tag-nachrichten","tag-news","tag-polizei","tag-prozess","tag-schlagzeilen","tag-staatsanwaltschaft","tag-team-first","tag-texttospeech"],"share_on_mastodon":{"url":"https:\/\/pubeurope.com\/@de\/116408224425948571","error":""},"_links":{"self":[{"href":"https:\/\/www.europesays.com\/de\/wp-json\/wp\/v2\/posts\/947385","targetHints":{"allow":["GET"]}}],"collection":[{"href":"https:\/\/www.europesays.com\/de\/wp-json\/wp\/v2\/posts"}],"about":[{"href":"https:\/\/www.europesays.com\/de\/wp-json\/wp\/v2\/types\/post"}],"author":[{"embeddable":true,"href":"https:\/\/www.europesays.com\/de\/wp-json\/wp\/v2\/users\/2"}],"replies":[{"embeddable":true,"href":"https:\/\/www.europesays.com\/de\/wp-json\/wp\/v2\/comments?post=947385"}],"version-history":[{"count":0,"href":"https:\/\/www.europesays.com\/de\/wp-json\/wp\/v2\/posts\/947385\/revisions"}],"wp:featuredmedia":[{"embeddable":true,"href":"https:\/\/www.europesays.com\/de\/wp-json\/wp\/v2\/media\/947386"}],"wp:attachment":[{"href":"https:\/\/www.europesays.com\/de\/wp-json\/wp\/v2\/media?parent=947385"}],"wp:term":[{"taxonomy":"category","embeddable":true,"href":"https:\/\/www.europesays.com\/de\/wp-json\/wp\/v2\/categories?post=947385"},{"taxonomy":"post_tag","embeddable":true,"href":"https:\/\/www.europesays.com\/de\/wp-json\/wp\/v2\/tags?post=947385"}],"curies":[{"name":"wp","href":"https:\/\/api.w.org\/{rel}","templated":true}]}}