{"id":947764,"date":"2026-04-15T13:54:12","date_gmt":"2026-04-15T13:54:12","guid":{"rendered":"https:\/\/www.europesays.com\/de\/947764\/"},"modified":"2026-04-15T13:54:12","modified_gmt":"2026-04-15T13:54:12","slug":"luminar-ki-tools-fuer-praezise-retusche-und-schoenes-bokeh","status":"publish","type":"post","link":"https:\/\/www.europesays.com\/de\/947764\/","title":{"rendered":"Luminar: KI-Tools f\u00fcr pr\u00e4zise Retusche und sch\u00f6nes Bokeh"},"content":{"rendered":"<ol class=\"a-toc__list\">\n<li class=\"a-toc__item&#10;          &#10;            a-toc__item--counter&#10;          &#10;            a-toc__item--current\">\n<p>              Luminar: KI-Tools f\u00fcr pr\u00e4zise Retusche und sch\u00f6nes Bokeh<\/p>\n<\/li>\n<\/ol>\n<p>Der Softwarehersteller Skylum bem\u00fcht sich mit der neuen Version der KI-Bildbearbeitung Luminar 1.27 um m\u00f6glichst naturgetreue Hautretusche, authentisches Bokeh und nat\u00fcrliche \u00dcberg\u00e4nge bei Masken. Die neuen Funktionen sind laut Hersteller sowohl auf dem Desktop als auch auf Mobilger\u00e4ten einheitlich verf\u00fcgbar. Luminar synchronisiert die Bearbeitungen zwischen den Ger\u00e4ten. Fotografen sollen dadurch nahtlos wechseln und weiterarbeiten k\u00f6nnen.<\/p>\n<p>        Weiterlesen nach der Anzeige<\/p>\n<p><strong>Portr\u00e4tbearbeitung mit Skin AI und Face AI <\/strong><\/p>\n<p>Das \u00fcberarbeitete Werkzeug \u201eSkin AI\u201c trennt zwischen Haut- und Gesichtsretusche. Nutzer k\u00f6nnen so einzelne Bereiche bearbeiten, ohne das gesamte Gesicht zu ver\u00e4ndern. Ein Blemish-Removal-Regler ersetzt die bisherige Checkbox zum Entfernen von Hautunreinheiten. Ziel ist ein nat\u00fcrlicher Look, der st\u00f6rende Details reduziert, aber die Hautstruktur erh\u00e4lt.<\/p>\n<p>      <a href=\"https:\/\/www.heise.de\/imgs\/18\/5\/0\/6\/4\/3\/7\/4\/Blemish_Removal-04-9f6f6b5b21d13ccd.png\" rel=\"nofollow noopener\" target=\"_blank\"><\/p>\n<p>  <img loading=\"lazy\" decoding=\"async\" alt=\"\" height=\"1080\" src=\"data:image\/svg+xml,%3Csvg xmlns='http:\/\/www.w3.org\/2000\/svg' width='696px' height='391px' viewBox='0 0 696 391'%3E%3Crect x='0' y='0' width='696' height='391' fill='%23f2f2f2'%3E%3C\/rect%3E%3C\/svg%3E\" style=\"aspect-ratio: 1920 \/ 1080; object-fit: cover;\" width=\"1920\"\/><\/p>\n<p>      <\/a><\/p>\n<p>Per Regler statt wie bisher per Checkbox retuschiert Luminar 1.27 Hautunreinheiten.<\/p>\n<p class=\"a-caption__source\">\n      (Bild:\u00a0Skylum)\n    <\/p>\n<p>Das Face-AI-Werkzeug erkennt selbstt\u00e4tig Gesicht, Augen und Mund. Es kann in der neuen Version Augenringe abschw\u00e4chen. Das soll auch bei leicht gedrehten Gesichtern zuverl\u00e4ssig funktionieren.<\/p>\n<p>      <a href=\"https:\/\/www.heise.de\/imgs\/18\/5\/0\/6\/4\/3\/7\/4\/Dark_Circle-04-f1ff7c8ebb74485d.png\" rel=\"nofollow noopener\" target=\"_blank\"><\/p>\n<p>  <img loading=\"lazy\" decoding=\"async\" alt=\"\" height=\"1080\" src=\"data:image\/svg+xml,%3Csvg xmlns='http:\/\/www.w3.org\/2000\/svg' width='696px' height='391px' viewBox='0 0 696 391'%3E%3Crect x='0' y='0' width='696' height='391' fill='%23f2f2f2'%3E%3C\/rect%3E%3C\/svg%3E\" style=\"aspect-ratio: 1920 \/ 1080; object-fit: cover;\" width=\"1920\"\/><\/p>\n<p>      <\/a><\/p>\n<p>Das Face-AI-Werkzeug schw\u00e4cht in der neuen Version Augenringe ab.<\/p>\n<p class=\"a-caption__source\">\n      (Bild:\u00a0Skylum)\n    <\/p>\n<p><strong>Nat\u00fcrlich maskierte \u00dcberg\u00e4nge <\/strong><\/p>\n<p>Die neue Mask-Feather-Funktion sorgt f\u00fcr weiche \u00dcberg\u00e4nge bei lokalen Anpassungen. Indem sie \u00dcberg\u00e4nge zwischen bearbeiteten und unver\u00e4nderten Bildbereichen gl\u00e4ttet. Helligkeitskorrekturen oder Retuschen sollen damit nat\u00fcrlicher wirken.<\/p>\n<p>        Weiterlesen nach der Anzeige<\/p>\n<p>      <a href=\"https:\/\/www.heise.de\/imgs\/18\/5\/0\/6\/4\/3\/7\/4\/Mask_Feather-03-7a6731b69a882e2b.png\" rel=\"nofollow noopener\" target=\"_blank\"><\/p>\n<p>  <img loading=\"lazy\" decoding=\"async\" alt=\"\" height=\"1080\" src=\"data:image\/svg+xml,%3Csvg xmlns='http:\/\/www.w3.org\/2000\/svg' width='696px' height='391px' viewBox='0 0 696 391'%3E%3Crect x='0' y='0' width='696' height='391' fill='%23f2f2f2'%3E%3C\/rect%3E%3C\/svg%3E\" style=\"aspect-ratio: 1920 \/ 1080; object-fit: cover;\" width=\"1920\"\/><\/p>\n<p>      <\/a><\/p>\n<p>Die Mask-Feather-Funktion gl\u00e4ttet \u00dcberg\u00e4nge zwischen bearbeiteten und unver\u00e4nderten Bildbereichen.<\/p>\n<p class=\"a-caption__source\">\n      (Bild:\u00a0Skylum)\n    <\/p>\n<p><strong>Bokeh-KI f\u00fcr mehr Tiefe im Bild<\/strong><\/p>\n<p>Der Filter \u201eBokeh AI\u201c bildet den Look lichtstarker Objektive nach. Er zeichnet den Hintergrund bei Portr\u00e4ts oder Tieraufnahmen weich und verleiht ihnen damit mehr Tiefe. Die Technik erzeugt mehrstufige Tiefenkarten, um die Geometrie der Szene vorherzusagen und Motive sowie Vorder- und Hintergrund zu trennen. So entsteht im Bestfall eine nat\u00fcrliche Unsch\u00e4rfe mit sanften Lichtpunkten.<\/p>\n<p>      <a href=\"https:\/\/www.heise.de\/imgs\/18\/5\/0\/6\/4\/3\/7\/4\/Bokeh_AI-04-5a873568a2f0f6c5.png\" rel=\"nofollow noopener\" target=\"_blank\"><\/p>\n<p>  <img loading=\"lazy\" decoding=\"async\" alt=\"\" height=\"1080\" src=\"data:image\/svg+xml,%3Csvg xmlns='http:\/\/www.w3.org\/2000\/svg' width='696px' height='391px' viewBox='0 0 696 391'%3E%3Crect x='0' y='0' width='696' height='391' fill='%23f2f2f2'%3E%3C\/rect%3E%3C\/svg%3E\" style=\"aspect-ratio: 1920 \/ 1080; object-fit: cover;\" width=\"1920\"\/><\/p>\n<p>      <\/a><\/p>\n<p>Der Filter \u201eBokeh AI\u201c zeichnet den Hintergrund weich und verleiht Fotos damit mehr Tiefe. <\/p>\n<p class=\"a-caption__source\">\n      (Bild:\u00a0Skylum)\n    <\/p>\n<p><strong>Preise und Verf\u00fcgbarkeit<\/strong><\/p>\n<p>Das Update steht ab sofort f\u00fcr Windows und macOS sowie als Mobil-App f\u00fcr iOS, Android und ChromeOS zur Verf\u00fcgung. Luminar kostet 140 Euro. Registrierte Nutzer erhalten das Update auf Version 1.27 kostenlos.<\/p>\n<p>(<a class=\"redakteurskuerzel__link\" href=\"https:\/\/www.heise.de\/news\/mailto:akr@ct.de\" title=\"Andr\u00e9 Kramer\" rel=\"nofollow noopener\" target=\"_blank\">akr<\/a>)<\/p>\n<p>\n      Dieser Link ist leider nicht mehr g\u00fcltig.\n    <\/p>\n<p>Links zu verschenkten Artikeln werden ung\u00fcltig,<br \/>\n      wenn diese \u00e4lter als 7\u00a0Tage sind oder zu oft aufgerufen wurden.\n    <\/p>\n<p><strong>Sie ben\u00f6tigen ein heise+ Paket, um diesen Artikel zu lesen. Jetzt eine Woche unverbindlich testen \u2013 ohne Verpflichtung!<\/strong><\/p>\n","protected":false},"excerpt":{"rendered":"Luminar: KI-Tools f\u00fcr pr\u00e4zise Retusche und sch\u00f6nes Bokeh Der Softwarehersteller Skylum bem\u00fcht sich mit der neuen Version der&hellip;\n","protected":false},"author":2,"featured_media":947765,"comment_status":"","ping_status":"","sticky":false,"template":"","format":"standard","meta":{"footnotes":"","_share_on_mastodon":"0"},"categories":[135],"tags":[101964,29,214,30,1256,151838,190,189,194,191,193,192],"class_list":["post-947764","post","type-post","status-publish","format-standard","has-post-thumbnail","category-wissenschaft-technik","tag-bildbearbeitung","tag-deutschland","tag-entertainment","tag-germany","tag-kuenstliche-intelligenz","tag-luminar","tag-science","tag-science-technology","tag-technik","tag-technology","tag-wissenschaft","tag-wissenschaft-technik"],"share_on_mastodon":{"url":"https:\/\/pubeurope.com\/@de\/116409065188258476","error":""},"_links":{"self":[{"href":"https:\/\/www.europesays.com\/de\/wp-json\/wp\/v2\/posts\/947764","targetHints":{"allow":["GET"]}}],"collection":[{"href":"https:\/\/www.europesays.com\/de\/wp-json\/wp\/v2\/posts"}],"about":[{"href":"https:\/\/www.europesays.com\/de\/wp-json\/wp\/v2\/types\/post"}],"author":[{"embeddable":true,"href":"https:\/\/www.europesays.com\/de\/wp-json\/wp\/v2\/users\/2"}],"replies":[{"embeddable":true,"href":"https:\/\/www.europesays.com\/de\/wp-json\/wp\/v2\/comments?post=947764"}],"version-history":[{"count":0,"href":"https:\/\/www.europesays.com\/de\/wp-json\/wp\/v2\/posts\/947764\/revisions"}],"wp:featuredmedia":[{"embeddable":true,"href":"https:\/\/www.europesays.com\/de\/wp-json\/wp\/v2\/media\/947765"}],"wp:attachment":[{"href":"https:\/\/www.europesays.com\/de\/wp-json\/wp\/v2\/media?parent=947764"}],"wp:term":[{"taxonomy":"category","embeddable":true,"href":"https:\/\/www.europesays.com\/de\/wp-json\/wp\/v2\/categories?post=947764"},{"taxonomy":"post_tag","embeddable":true,"href":"https:\/\/www.europesays.com\/de\/wp-json\/wp\/v2\/tags?post=947764"}],"curies":[{"name":"wp","href":"https:\/\/api.w.org\/{rel}","templated":true}]}}