{"id":947900,"date":"2026-04-15T15:08:16","date_gmt":"2026-04-15T15:08:16","guid":{"rendered":"https:\/\/www.europesays.com\/de\/947900\/"},"modified":"2026-04-15T15:08:16","modified_gmt":"2026-04-15T15:08:16","slug":"rosenheim-cops-star-max-mueller-tritt-kuerzer","status":"publish","type":"post","link":"https:\/\/www.europesays.com\/de\/947900\/","title":{"rendered":"&#8222;Rosenheim-Cops&#8220;-Star Max M\u00fcller tritt k\u00fcrzer"},"content":{"rendered":"<p>Seine Mutter braucht ihn <\/p>\n<p>&#8222;Rosenheim-Cops&#8220;-Star Max M\u00fcller tritt k\u00fcrzer<\/p>\n<p>15.04.2026 &#8211; 15:43 UhrLesedauer: 2 Min.<\/p>\n<p><a href=\"#focus-0\" class=\"transition-colors duration-200 block text-current relative\" data-sctrack=\"FocusGalleryImage.Reference\"><img fetchpriority=\"high\" data-testid=\"Opener.Image\" style=\"--lqipURL:url('https:\/\/images.t-online.de\/2026\/04\/-Q1zOTJGoDIW\/302x89:724x407\/fit-in\/150x0\/filters:blur(25)\/max-mueller-bei-den-rosenheim-cops-spielt-er-michi-mohr.jpg')\"   loading=\"eager\" src=\"https:\/\/www.europesays.com\/de\/wp-content\/uploads\/2026\/04\/max-mueller-bei-den-rosenheim-cops-spielt-er-michi-mohr.jpg\" alt=\"Max M\u00fcller: Bei den &quot;Rosenheim-Cops&quot; spielt er Michi Mohr.\" title=\"Max M\u00fcller: Bei den &quot;Rosenheim-Cops&quot; spielt er Michi Mohr.\" width=\"724\" height=\"407\" class=\"bg-[url:var(--lqipURL)] bg-cover bg-center flex h-full w-full max-w-full\" decoding=\"async\"\/><img style=\"--width:32;--height:32\" loading=\"lazy\" src=\"https:\/\/www.t-online.de\/s\/paper\/_next\/static\/media\/zoom-in.f7dae02f.svg\" alt=\"Vergr\u00f6\u00dfern des Bildes\" title=\"Vergr\u00f6\u00dfern des Bildes\" class=\"block h-[calc(var(--height)_\/_16_*_1rem)] w-[calc(var(--width)_\/_16_*_1rem)] max-w-none absolute bottom-8 right-8 rounded-4 bg-snow p-8\" decoding=\"async\"\/><\/a><\/p>\n<p>Max M\u00fcller: Bei den &#8222;Rosenheim-Cops&#8220; spielt er Michi Mohr. (Quelle: BOJAN RITAN)<\/p>\n<p class=\"font-bold text-18 leading-17 user-text-lg:text-22 user-text-xl:text-24\">Seit 2002 ist Max M\u00fcller bei &#8222;Die Rosenheim-Cops&#8220; zu sehen. In der neuen Staffel wird er allerdings weniger zu sehen sein \u2013 aus einem ernsten Grund.<\/p>\n<p class=\"text-18 leading-17 user-text-lg:text-22 user-text-xl:text-24\">Als Polizeihauptmeister Michi Mohr ist Max M\u00fcller bei den &#8222;Rosenheim-Cops&#8220; ein echtes Urgestein. Von Beginn an ist er mit dabei. Doch nun will der Schauspieler seine Familie priorisieren und trifft deshalb eine Entscheidung: Max M\u00fcller wird f\u00fcr die 26. Staffel der ZDF-Reihe knapp ein Drittel weniger drehen als bisher, sagte er der &#8222;Abendzeitung&#8220;.<\/p>\n<p class=\"text-18 leading-17 user-text-lg:text-22 user-text-xl:text-24\">Der Grund: Seine 87-j\u00e4hrige Mutter Mathilde lebt in einem Heim nahe Wien, und der Schauspieler m\u00f6chte die gewonnene Zeit bei ihr verbringen. &#8222;Ich sp\u00fcre, dass sie mich jetzt verst\u00e4rkt braucht&#8220;, erkl\u00e4rte M\u00fcller.<\/p>\n<p class=\"text-18 leading-17 user-text-lg:text-22 user-text-xl:text-24\">Die Besuche bei seiner Mutter sind f\u00fcr ihn inzwischen von einer besonderen Qualit\u00e4t: &#8222;Die verbale Kommunikation wird langsamer und weniger, wir schweigen mehr, ich halte sie mehr in meinen Armen.&#8220; Darin sieht er auch etwas Pers\u00f6nliches f\u00fcr sich selbst: &#8222;F\u00fcr jemand Ungeduldigen wie mich, der auch sehr schnell spricht, ist das eine gute \u00dcbung.&#8220;<\/p>\n<p class=\"text-18 leading-17 user-text-lg:text-22 user-text-xl:text-24\">F\u00fcr die Zuschauer von &#8222;Die Rosenheim-Cops&#8220; d\u00fcrfte die reduzierte Pr\u00e4senz seiner Figur Michi Mohr kaum auffallen. M\u00fcller verriet, wie das gelingen soll: &#8222;Der Zuschauer bekommt es kaum mit, da immer wieder Telefonate eingeblendet werden.&#8220; So bleibt seine Figur auch ohne physische Anwesenheit am Set ein fester Bestandteil der Episoden.<\/p>\n<p class=\"text-18 leading-17 user-text-lg:text-22 user-text-xl:text-24\">Die 26. Staffel wird aktuell noch gedreht, die Ausstrahlung ist f\u00fcr Herbst 2026 geplant. Zwar bleibt Max M\u00fcller den &#8222;Rosenheim-Cops&#8220;-Fans erhalten, daf\u00fcr steht ein anderer Abschied an. In der 26. Staffel wird <a class=\"transition-colors duration-200 cursor-pointer text-inherit no-underline text-salemsfur md:hover:text-magenta md:hover:border-magenta md:focus:text-magenta border-current border-b border-solid break-words\" data-tracking=\"{&quot;action&quot;:&quot;click&quot;,&quot;category&quot;:&quot;intextLink&quot;,&quot;label&quot;:&quot;\/themen\/marisa-burger\/&quot;}\" href=\"https:\/\/www.t-online.de\/themen\/marisa-burger\/\" data-sctrack=\"BodyAnchor\" rel=\"nofollow noopener\" target=\"_blank\">Marisa Burger<\/a> als Miriam Stockl zum letzten Mal zu sehen sein.<\/p>\n","protected":false},"excerpt":{"rendered":"Seine Mutter braucht ihn &#8222;Rosenheim-Cops&#8220;-Star Max M\u00fcller tritt k\u00fcrzer 15.04.2026 &#8211; 15:43 UhrLesedauer: 2 Min. Max M\u00fcller: Bei&hellip;\n","protected":false},"author":2,"featured_media":947901,"comment_status":"","ping_status":"","sticky":false,"template":"","format":"standard","meta":{"footnotes":"","_share_on_mastodon":"0"},"categories":[1773],"tags":[12612,29,214,30,205798,206445,471,1780,215,6296],"class_list":["post-947900","post","type-post","status-publish","format-standard","has-post-thumbnail","category-serien","tag-buerger","tag-deutschland","tag-entertainment","tag-germany","tag-max-mueller","tag-michi-mohr","tag-serien","tag-series","tag-unterhaltung","tag-wien"],"share_on_mastodon":{"url":"https:\/\/pubeurope.com\/@de\/116409356097270928","error":""},"_links":{"self":[{"href":"https:\/\/www.europesays.com\/de\/wp-json\/wp\/v2\/posts\/947900","targetHints":{"allow":["GET"]}}],"collection":[{"href":"https:\/\/www.europesays.com\/de\/wp-json\/wp\/v2\/posts"}],"about":[{"href":"https:\/\/www.europesays.com\/de\/wp-json\/wp\/v2\/types\/post"}],"author":[{"embeddable":true,"href":"https:\/\/www.europesays.com\/de\/wp-json\/wp\/v2\/users\/2"}],"replies":[{"embeddable":true,"href":"https:\/\/www.europesays.com\/de\/wp-json\/wp\/v2\/comments?post=947900"}],"version-history":[{"count":0,"href":"https:\/\/www.europesays.com\/de\/wp-json\/wp\/v2\/posts\/947900\/revisions"}],"wp:featuredmedia":[{"embeddable":true,"href":"https:\/\/www.europesays.com\/de\/wp-json\/wp\/v2\/media\/947901"}],"wp:attachment":[{"href":"https:\/\/www.europesays.com\/de\/wp-json\/wp\/v2\/media?parent=947900"}],"wp:term":[{"taxonomy":"category","embeddable":true,"href":"https:\/\/www.europesays.com\/de\/wp-json\/wp\/v2\/categories?post=947900"},{"taxonomy":"post_tag","embeddable":true,"href":"https:\/\/www.europesays.com\/de\/wp-json\/wp\/v2\/tags?post=947900"}],"curies":[{"name":"wp","href":"https:\/\/api.w.org\/{rel}","templated":true}]}}