{"id":947913,"date":"2026-04-15T15:15:17","date_gmt":"2026-04-15T15:15:17","guid":{"rendered":"https:\/\/www.europesays.com\/de\/947913\/"},"modified":"2026-04-15T15:15:17","modified_gmt":"2026-04-15T15:15:17","slug":"wenn-er-nicht-puenktlich-geht-trump-droht-fed-chef-powell-erneut-mit-entlassung","status":"publish","type":"post","link":"https:\/\/www.europesays.com\/de\/947913\/","title":{"rendered":"&#8222;Wenn er nicht p\u00fcnktlich geht&#8220;: Trump\u00a0droht Fed-Chef Powell erneut mit Entlassung"},"content":{"rendered":"<p>&#8222;Wenn er nicht p\u00fcnktlich geht&#8220;Trump\u00a0droht Fed-Chef Powell erneut mit Entlassung<\/p>\n<p>15.04.2026, 16:41 Uhr <\/p>\n<p>Artikel anh\u00f6ren(02:40 min)<\/p>\n<p><img decoding=\"async\" class=\"Image_img__fQCi0 Image_Img_16_9__4BLfH widget-picture-inline_maximizable__t_E7h\" loading=\"eager\" fetchpriority=\"high\" src=\"https:\/\/www.europesays.com\/de\/wp-content\/uploads\/2026\/04\/July-24-2025-Washington-Dc-United-States-of-America-U-S-President-Donald-Trump-left-speaks-with-Fede.webp\" alt=\"July-24-2025-Washington-Dc-United-States-of-America-U-S-President-Donald-Trump-left-speaks-with-Federal-Reserve-Chairman-Jerome-Powell-right-following-a-tour-of-the-Federal-Reserve-building-renovation-project-July-24-2025-in-Washington-D-C\"\/>Trump hatte bereits in der Vergangenheit mit der Entlassung Powells (re.) gedroht. (Foto: picture alliance \/ ZUMAPRESS.com)TeilenFolgen auf:<a href=\"https:\/\/www.whatsapp.com\/channel\/0029Va5cdVJD8SDp5YZgYF01\" title=\"Auf WhatsApp folgen\" target=\"_blank\" rel=\"nofollow noopener\"><img decoding=\"async\" src=\"https:\/\/www.n-tv.de\/socialIcons\/whatsapp.svg\" alt=\"whatsapp\" class=\"ArticleShare_icon__FsrC2\"\/><\/a><a href=\"https:\/\/news.google.com\/publications\/CAAiEPMdif5mpRNxiLOeUpHCwwsqFAgKIhDzHYn-ZqUTcYiznlKRwsML?hl=de&amp;gl=DE&amp;ceid=DE%3Ade\" title=\"Auf Google News folgen\" target=\"_blank\" rel=\"nofollow noopener\"><img decoding=\"async\" src=\"https:\/\/www.n-tv.de\/socialIcons\/google.svg\" alt=\"whatsapp\" class=\"ArticleShare_icon__FsrC2\"\/><\/a><\/p>\n<p class=\"Typography_text-m__XI0da Typography_weight-bold__uT6mq storyline_lead_text_leadtext__q_wg8\">US-Pr\u00e4sident Trump beschimpft Fed-Chef Powell wiederholt aufs \u00dcbelste. Die Ernennung eines Nachfolgers verz\u00f6gert sich. Nun legt Trump im Streit um den Chefposten bei der US-Zentralbank nach. <\/p>\n<p class=\"Typography_text-default__P3otY Typography_weight-normal__pqUbH storyline_paragraph_p__qSR5N\">Zum Ende der Amtszeit von US-Zentralbankchef Jerome Powell ist der Streit um seine Nachfolge erneut entbrannt. US-Pr\u00e4sident Donald Trump drohte in einem Fernsehinterview erneut damit, Powell zu entlassen, sollte er die Zentralbank Fed nicht &#8222;rechtzeitig&#8220; verlassen. Die Amtszeit des Zentralbankers endet Mitte Mai. Die Ernennung des von Trump nominierten Nachfolgers k\u00f6nnte sich jedoch verz\u00f6gern.<\/p>\n<p class=\"Typography_text-default__P3otY Typography_weight-normal__pqUbH storyline_paragraph_p__qSR5N\">Der US-Pr\u00e4sident hatte bereits im Januar den fr\u00fcheren US-Zentralbankgouverneur Kevin Warsh als Fed-Chef nominiert. Dessen Best\u00e4tigung im US-Senat steht aber noch aus und es gibt Widerstand wegen Trumps Vorgehen gegen Powell. Der Pr\u00e4sident hatte den 73-J\u00e4hrigen unter anderem als &#8222;Schwachkopf&#8220; und &#8222;Verlierer&#8220; beschimpft, weil er keine deutlichen Leitzinssenkungen veranlasste. Mutma\u00dflich auf Trumps Initiative hin starteten die Justizbeh\u00f6rden Ermittlungen gegen Powell wegen angeblich massiv \u00fcberh\u00f6hter Kosten bei der Renovierung des Fed-Geb\u00e4udes in Washington.<\/p>\n<p class=\"Typography_text-default__P3otY Typography_weight-normal__pqUbH storyline_paragraph_p__qSR5N\">Nicht nur die oppositionellen Demokraten werfen Trump deshalb vor, die Unabh\u00e4ngigkeit der Zentralbank zu untergraben. Auch der republikanische Senator Thom Tillis weigert sich, der Personalie Warsh zuzustimmen, solange die Ermittlungen gegen Powell laufen. Damit ist die Ernennung blockiert. Nach geltenden Regeln k\u00f6nnte Powell dann \u00fcber Mitte Mai hinaus an der Fed-Spitze bleiben.<\/p>\n<p class=\"Typography_text-default__P3otY Typography_weight-normal__pqUbH storyline_paragraph_p__qSR5N\">&#8222;Ich werde ihn feuern m\u00fcssen, wenn er nicht p\u00fcnktlich geht&#8220;, sagte Trump dem Sender Fox Business. Er habe Powell ohnehin feuern wollen. Tats\u00e4chlich hatte Trump in der Vergangenheit bereits mit der Entlassung des Fed-Chefs gedroht. Die Zentralbank ist jedoch unabh\u00e4ngig, eine Entlassung des Bankchefs nur in Ausnahmef\u00e4llen m\u00f6glich.<\/p>\n<p class=\"Typography_text-default__P3otY Typography_weight-normal__pqUbH storyline_paragraph_p__qSR5N\">Am Dienstag hatte der Bankenausschuss des Senats bekanntgegeben, er werde Trumps Kandidaten Warsh in der kommenden Woche zur Best\u00e4tigung seiner Nominierung anh\u00f6ren. US-Finanzminister Scott Bessent sagte vor Journalisten in Washington, die US-Regierung wolle Warsh &#8222;so schnell wie m\u00f6glich&#8220; als neuen Fed-Chef im Amt haben. Zu Tillis&#8216; Blockadepl\u00e4nen sagte Bessent: &#8222;Ich denke, wir lassen das seinen Lauf nehmen.&#8220; Er halte den republikanischen Senator f\u00fcr &#8222;einen vern\u00fcnftigen Mann&#8220;.<\/p>\n<p class=\"Typography_text-s__wu_cm Typography_weight-normal__pqUbH Typography_color-darkgrey__sZEnP article-detail-footer_source__KslPc\">Quelle: ntv.de, gut\/AFP<\/p>\n","protected":false},"excerpt":{"rendered":"&#8222;Wenn er nicht p\u00fcnktlich geht&#8220;Trump\u00a0droht Fed-Chef Powell erneut mit Entlassung 15.04.2026, 16:41 Uhr Artikel anh\u00f6ren(02:40 min) Trump hatte&hellip;\n","protected":false},"author":2,"featured_media":947914,"comment_status":"","ping_status":"","sticky":false,"template":"","format":"standard","meta":{"footnotes":"","_share_on_mastodon":"0"},"categories":[134],"tags":[175,170,169,29,106,11397,16835,30,19654,171,174,70973,173,172,64,55,26022],"class_list":["post-947913","post","type-post","status-publish","format-standard","has-post-thumbnail","category-unternehmen-maerkte","tag-business","tag-companies","tag-companies-markets","tag-deutschland","tag-donald-trump","tag-fed","tag-geldpolitik","tag-germany","tag-jerome-powell","tag-markets","tag-maerkte","tag-notenbanken","tag-unternehmen","tag-unternehmen-maerkte","tag-usa","tag-wirtschaft","tag-zinspolitik"],"share_on_mastodon":{"url":"https:\/\/pubeurope.com\/@de\/116409383914350603","error":""},"_links":{"self":[{"href":"https:\/\/www.europesays.com\/de\/wp-json\/wp\/v2\/posts\/947913","targetHints":{"allow":["GET"]}}],"collection":[{"href":"https:\/\/www.europesays.com\/de\/wp-json\/wp\/v2\/posts"}],"about":[{"href":"https:\/\/www.europesays.com\/de\/wp-json\/wp\/v2\/types\/post"}],"author":[{"embeddable":true,"href":"https:\/\/www.europesays.com\/de\/wp-json\/wp\/v2\/users\/2"}],"replies":[{"embeddable":true,"href":"https:\/\/www.europesays.com\/de\/wp-json\/wp\/v2\/comments?post=947913"}],"version-history":[{"count":0,"href":"https:\/\/www.europesays.com\/de\/wp-json\/wp\/v2\/posts\/947913\/revisions"}],"wp:featuredmedia":[{"embeddable":true,"href":"https:\/\/www.europesays.com\/de\/wp-json\/wp\/v2\/media\/947914"}],"wp:attachment":[{"href":"https:\/\/www.europesays.com\/de\/wp-json\/wp\/v2\/media?parent=947913"}],"wp:term":[{"taxonomy":"category","embeddable":true,"href":"https:\/\/www.europesays.com\/de\/wp-json\/wp\/v2\/categories?post=947913"},{"taxonomy":"post_tag","embeddable":true,"href":"https:\/\/www.europesays.com\/de\/wp-json\/wp\/v2\/tags?post=947913"}],"curies":[{"name":"wp","href":"https:\/\/api.w.org\/{rel}","templated":true}]}}