{"id":948210,"date":"2026-04-15T18:02:21","date_gmt":"2026-04-15T18:02:21","guid":{"rendered":"https:\/\/www.europesays.com\/de\/948210\/"},"modified":"2026-04-15T18:02:21","modified_gmt":"2026-04-15T18:02:21","slug":"fc-bayern-rummenigge-perez-hoeness-hainer-bosse-gipfel-mit-real-madrid-im-kaefer-sport","status":"publish","type":"post","link":"https:\/\/www.europesays.com\/de\/948210\/","title":{"rendered":"FC Bayern: Rummenigge, P\u00e9rez, Hoene\u00df, Hainer \u2013 Bosse-Gipfel mit Real Madrid im K\u00e4fer! | Sport"},"content":{"rendered":"<p><a class=\"skip-content skip-content--link\" href=\"#in-content-skip-link-target-v-0-0\">TTS-Player \u00fcberspringen\u21b5<\/a><a id=\"in-content-skip-link-target-v-0-0\" class=\"skip-content--target-link-hidden skip-content skip-content--target-link\" href=\"#in-content-skip-link-target-v-0-0\">Artikel weiterlesen<\/a><\/p>\n<p>M\u00fcnchen \u2013 <b>Erlesener Gipfel vor dem Kracher in M\u00fcnchen! Heute Abend (21 Uhr\/DAZN) steigt das Viertelfinal-R\u00fcckspiel in der Champions League zwischen dem <\/b><a href=\"https:\/\/www.bild.de\/sport\/fussball\/bayern-muenchen\/startseite-fc-bayern-muenchen-31074450.bild.html\" class=\"text-link\" rel=\"nofollow noopener\" target=\"_blank\"><b>FC Bayern<\/b><\/a><b> und Real. Mittags sa\u00dfen die Bayern-Bosse noch gem\u00fctlich im \u201eK\u00e4fer\u201c zusammen \u2013 ab 13 Uhr mit ihren Ehreng\u00e4sten aus Madrid!<\/b><\/p>\n<p>Schon ganz fr\u00fch kam Bayern-Patron Uli Hoene\u00df (74) und im Anschluss auch Pr\u00e4sident Herbert Hainer (71) zum Edel-Restaurant in der Prinzregentenstra\u00dfe. Um 12.40 Uhr sagte Hainer gut gelaunt und mit Vorfreude auf das Giganten-Duell: \u201eDas wird mit Sicherheit ein spannendes Spiel. Die ganze Welt schaut zu. Es wird in \u00fcber 200 L\u00e4ndern \u00fcbertragen. Solch ein Spektakel erlebt man nicht jeden Tag mit. Auf der anderen Seite bin ich nat\u00fcrlich bisschen angespannt.\u201c<\/p>\n<p>Nach dem 2:1 im Hinspiel hofft Hainer, dass die Allianz Arena heute Abend zum Hexenkessel wird: \u201eDie Fans haben uns ja in Madrid schon unheimlich unterst\u00fctzt. Sie sind heute unser 12. Mann! Ich bin sicher, sie werden uns unterst\u00fctzen.\u201c <\/p>\n<p>Bayern-Boss Dreesen warnt vor Real<\/p>\n<p>Nur wenige Minuten sp\u00e4ter traf Bayerns Vorstands-Chef Jan-Christian Dreesen (58) an der \u201eK\u00e4fer\u201c-Schenke im Nobel-Stadtteil Bogenhausen ein. Vor dem Gipfel mit den Real-Bossen erkl\u00e4rte er auf die Frage, wer der Favorit sei: \u201eSchwierig zu sagen, Real ist in der Champions League immer da. Wir m\u00fcssen heute Abend sehr seri\u00f6s spielen, um weiterzukommen. Real wird alles tun, was sie k\u00f6nnen.\u201c<\/p>\n<p><img decoding=\"async\" width=\"992\" height=\"598\" alt=\"Gut gelaunt: Bayern-Boss Jan-Christian Dreesen (58) kommt am Mittag beim Bosse-Gipfel an\" src=\"https:\/\/www.europesays.com\/de\/wp-content\/uploads\/2026\/04\/40637e0104fea6bfcd947896b5099503,c831299.jpeg\"   class=\"dynamic\" loading=\"lazy\"\/><\/p>\n<p class=\"fig__caption__text\">Gut gelaunt: Bayern-Boss Jan-Christian Dreesen (58) beim Bosse-Gipfel im \u201eK\u00e4fer\u201c<\/p>\n<p>Foto: Stefan M. Prager<\/p>\n<p>Bayerns neuer Marketing-Vorstand Rouven Kasper (44\/seit 1. Januar im Amt, kam vom VfB Stuttgart) sowie Ex-Bayern-Boss Karl-Heinz Rummenigge (70) waren auch beim Treffen der Fu\u00dfball-Gr\u00f6\u00dfen dabei. Rummenigge, Mitglied des m\u00e4chtigen Aufsichtsrats, fuhr um 12.57 Uhr vor. <\/p>\n<p><img decoding=\"async\" width=\"992\" height=\"558\" alt=\"Aufsichtsratsmitglied Karl-Heinz Rummenigge (70) war nat\u00fcrlich ebenfalls dabei\" src=\"https:\/\/www.europesays.com\/de\/wp-content\/uploads\/2026\/04\/dc845e0f36354a02e69fec6fdbcbd49b,2cc57c4e.jpeg\"   class=\"landscape\" loading=\"lazy\"\/><\/p>\n<p class=\"fig__caption__text\">Aufsichtsratsmitglied Karl-Heinz Rummenigge (70) kam im stilsicheren blauen Anzug<\/p>\n<p>Foto: Stefan M. Prager<\/p>\n<p>Real kam mit k\u00f6niglichem Aufgebot<\/p>\n<p>Real-Boss Florentino P\u00e9rez (79) wurde p\u00fcnktlich um 13 Uhr zum Treffen mit seinen Bayern-Freunden vorgefahren! Zeitgleich mit einer Top-Besetzung von Real: CEO Jos\u00e9 \u00c1ngel S\u00e1nchez (58), Vize-Pr\u00e4sident Pedro L\u00f3pez Jim\u00e9nez, Vorstandsmitglied Francisco Garc\u00eda Sanz (68\/Ex-Aufsichtsratschef in Wolfsburg), St\u00fcrmer-Ikone und Vorstands-Chef Emilio Butrague\u00f1o (62) und Ehrenpr\u00e4sident Pirri (81).<\/p>\n<p><img decoding=\"async\" width=\"992\" height=\"558\" alt=\"Real-Boss Florentino P\u00e9rez reiste f\u00fcr den Kracher ebenfalls nach M\u00fcnchen und folgte der Einladung zum Essen im K\u00e4fer\" src=\"https:\/\/www.europesays.com\/de\/wp-content\/uploads\/2026\/04\/256853dccea5849e989b54bd70102831,cad822ed.jpeg\"   class=\"landscape\" loading=\"lazy\"\/><\/p>\n<p class=\"fig__caption__text\">Real-Boss Florentino P\u00e9rez (79) reiste f\u00fcr den Kracher nach M\u00fcnchen und folgte der Einladung zum Essen<\/p>\n<p>Foto: Stefan M. Prager<\/p>\n<p>Zuerst stieg P\u00e9rez mit Pirri aus einer schwarzen BMW-Limousine aus, winkte freundlich in Richtung der anwesenden Reporter. An der T\u00fcr wurde der Boss von Bayern-Chauffeur Giuseppe Flotta empfangen. Dann fragte ihn der Reporter, ob es eine Aufholjagd geben werde. P\u00e9rez \u00f6ffnete seine Arme und sagte: \u201eDaf\u00fcr sind wir gekommen.\u201c Ihm folgte die restliche Real-Delegation \u2013 angekommen in einem schwarzen Van. <\/p>\n<p><img decoding=\"async\" width=\"992\" height=\"558\" alt=\"Real-CEO Jos\u00e9 \u00c1ngel S\u00e1nchez (58), Vize-Pr\u00e4sident Pedro L\u00f3pez Jim\u00e9nez, Vorstandsmitglied Francisco Garc\u00eda Sanz (68\/Ex-Aufsichtsratschef in Wolfsburg), St\u00fcrmer-Ikone und Vorstandschef Emilio Butrague\u00f1o (62)\" src=\"https:\/\/www.europesays.com\/de\/wp-content\/uploads\/2026\/04\/6ffae5d22e5c25009fcb3b72abd6d57a,a7ccb0ab.jpeg\"   class=\"landscape\" loading=\"lazy\"\/><\/p>\n<p class=\"fig__caption__text\">Vorstand Francisco Garc\u00eda Sanz (68), Real-CEO Jos\u00e9 \u00c1ngel S\u00e1nchez (58) sowie St\u00fcrmer-Ikone und Vorstands-Chef Emilio Butrague\u00f1o (62) am Mittwochmittag am \u201eK\u00e4fer\u201c<\/p>\n<p>Foto: Stefan M. Prager<\/p>\n<p>Was f\u00fcr eine k\u00f6nigliche Besetzung und Ehre f\u00fcr den FC Bayern! BILD wei\u00df: Mit solch einer Star-Besetzung sieht man Real selbst bei wichtigen Spielen in der K\u00f6nigsklasse nur selten. Das zeigt, welchen Respekt die Verantwortlichen vor dem deutschen Rekordmeister haben. Ein au\u00dfergew\u00f6hnlicher Bosse-Gipfel!<\/p>\n<p>Auch ein Ex-L\u00f6we war im \u201eK\u00e4fer\u201c <\/p>\n<p>Kurios: BILD entdeckte vor dem \u201eK\u00e4fer\u201c \u00fcberraschend auch Real-Legende Davor \u0160uker (58). Der Kroate gewann 1998 den Henkelpott mit den K\u00f6niglichen. Der ehemalige Weltklasse-St\u00fcrmer (spielte 2002\/03 bei 1860 M\u00fcnchen) wusste vom traditionellen Bosse-Essen anfangs nichts. <\/p>\n<p><img decoding=\"async\" width=\"992\" height=\"558\" alt=\"Hatte beste Laune: Real-Legende Davor \u0160uker (58) beim K\u00e4fer\" src=\"https:\/\/www.europesays.com\/de\/wp-content\/uploads\/2026\/04\/32ba89694bcc01b3a802764da020dded,310a3a1a.jpeg\"   class=\"landscape\" loading=\"lazy\"\/><\/p>\n<p class=\"fig__caption__text\">Hatte beste Laune: Real-Legende Davor \u0160uker (58) beim \u201eK\u00e4fer\u201c<\/p>\n<p>Foto: Stefan M. Prager<\/p>\n<p>\u0160uker zu BILD: \u201eIch war zuf\u00e4llig in der K\u00e4fer-Sch\u00e4nke und habe dann erfahren, dass Florentino P\u00e9rez und die Verantwortlichen der Bayern dort essen. Ich werde sp\u00e4ter im Stadion sein, gehe davor aber noch zum Tennis bei den BMW Open. Ich erwarte ein gro\u00dfartiges Spiel! Die Bayern sind in Topform, aber Real hat immer au\u00dfergew\u00f6hnliche F\u00e4higkeiten, um jeden Gegner zu schlagen. Mein Herz schl\u00e4gt nat\u00fcrlich f\u00fcr Real, weil ich dort gespielt habe \u2013 und wegen meiner Vergangenheit bei 1860. Einmal L\u00f6we, immer L\u00f6we!\u201c<\/p>\n","protected":false},"excerpt":{"rendered":"TTS-Player \u00fcberspringen\u21b5Artikel weiterlesen M\u00fcnchen \u2013 Erlesener Gipfel vor dem Kracher in M\u00fcnchen! Heute Abend (21 Uhr\/DAZN) steigt das&hellip;\n","protected":false},"author":2,"featured_media":948211,"comment_status":"","ping_status":"","sticky":false,"template":"","format":"standard","meta":{"footnotes":"","_share_on_mastodon":"0"},"categories":[5],"tags":[1263,468,34919,538,458,34918,13,14491,14,15,25275,3349,24070,12,1470,45,10,8,9,11,1261],"class_list":["post-948210","post","type-post","status-publish","format-standard","has-post-thumbnail","category-nachrichten","tag-aufmacher-bereich","tag-champions-league","tag-dreesen-jan-christian","tag-erste-bundesliga","tag-fc-bayern-muenchen","tag-hainer-herbert","tag-headlines","tag-hoeness-uli","tag-nachrichten","tag-news","tag-primera-division-la-liga","tag-real-madrid","tag-rummenigge-karl-heinz","tag-schlagzeilen","tag-sport-leuchtturm-muenchen","tag-texttospeech","tag-top-news","tag-top-meldungen","tag-topmeldungen","tag-topnews","tag-toralarm-top-news"],"share_on_mastodon":{"url":"https:\/\/pubeurope.com\/@de\/116410040737330314","error":""},"_links":{"self":[{"href":"https:\/\/www.europesays.com\/de\/wp-json\/wp\/v2\/posts\/948210","targetHints":{"allow":["GET"]}}],"collection":[{"href":"https:\/\/www.europesays.com\/de\/wp-json\/wp\/v2\/posts"}],"about":[{"href":"https:\/\/www.europesays.com\/de\/wp-json\/wp\/v2\/types\/post"}],"author":[{"embeddable":true,"href":"https:\/\/www.europesays.com\/de\/wp-json\/wp\/v2\/users\/2"}],"replies":[{"embeddable":true,"href":"https:\/\/www.europesays.com\/de\/wp-json\/wp\/v2\/comments?post=948210"}],"version-history":[{"count":0,"href":"https:\/\/www.europesays.com\/de\/wp-json\/wp\/v2\/posts\/948210\/revisions"}],"wp:featuredmedia":[{"embeddable":true,"href":"https:\/\/www.europesays.com\/de\/wp-json\/wp\/v2\/media\/948211"}],"wp:attachment":[{"href":"https:\/\/www.europesays.com\/de\/wp-json\/wp\/v2\/media?parent=948210"}],"wp:term":[{"taxonomy":"category","embeddable":true,"href":"https:\/\/www.europesays.com\/de\/wp-json\/wp\/v2\/categories?post=948210"},{"taxonomy":"post_tag","embeddable":true,"href":"https:\/\/www.europesays.com\/de\/wp-json\/wp\/v2\/tags?post=948210"}],"curies":[{"name":"wp","href":"https:\/\/api.w.org\/{rel}","templated":true}]}}