{"id":948374,"date":"2026-04-15T19:31:25","date_gmt":"2026-04-15T19:31:25","guid":{"rendered":"https:\/\/www.europesays.com\/de\/948374\/"},"modified":"2026-04-15T19:31:25","modified_gmt":"2026-04-15T19:31:25","slug":"bedarf-waechst-therapeuten-schlagen-in-wiesbaden-alarm","status":"publish","type":"post","link":"https:\/\/www.europesays.com\/de\/948374\/","title":{"rendered":"Bedarf w\u00e4chst: Therapeuten schlagen in Wiesbaden Alarm"},"content":{"rendered":"<p>K\u00fcrzungen bei Psychotherapie sorgen f\u00fcr Protest in Wiesbaden. Experten warnen vor Engp\u00e4ssen \u2013 besonders f\u00fcr Kinder und Jugendliche.<\/p>\n<p>Wer am Mittwochmittag \u00fcber den Mauritiusplatz ging, h\u00f6rte ungewohnt klare T\u00f6ne. Psychotherapeuten verlie\u00dfen ihre Praxen, hielten Schilder hoch, diskutierten, erkl\u00e4rten. Sie protestierten \u2013 laut, sichtbar, organisiert. Anlass: K\u00fcrzungen bei der Psychotherapie, die seit April greifen und nun weitere Sparpl\u00e4ne nach sich ziehen.<\/p>\n<p>Wenn Hilfe teurer wird \u2013 und zugleich knapper<\/p>\n<p>Die Entscheidung der Krankenkassen wirkt auf den ersten Blick technisch: <strong>F\u00fcr bestimmte Leistungen zahlen sie rund 4,5 Prozent weniger.<\/strong> Doch im Alltag entfaltet diese Zahl eine erstaunliche Wucht. Denn sie trifft auf ein System, das l\u00e4ngst unter Spannung steht.<\/p>\n<p>Die Nachfrage nach Psychotherapie steigt. <strong>Immer mehr Menschen suchen Hilfe<\/strong>, sprechen \u00fcber \u00c4ngste, Depressionen, \u00dcberforderung. Gerade seit der Pandemie w\u00e4chst der Bedarf kontinuierlich. Besonders Kinder und Jugendliche warten oft monatelang auf einen Platz. Schon jetzt gilt die Versorgung als l\u00fcckenhaft.<\/p>\n<p>Weniger Geld bedeutet in diesem Kontext nicht einfach Einsparung. Es ver\u00e4ndert Entscheidungen in den Praxen. Es beeinflusst, <strong>wie viele Patienten behandelt werden k\u00f6nnen<\/strong>. Und es verschiebt Priorit\u00e4ten \u2013 oft zulasten derjenigen, die dringend Unterst\u00fctzung brauchen.<\/p>\n<p>Deutliche Kritik aus dem Rathaus<\/p>\n<p>Die Stadt Wiesbaden stellt sich auf die Seite der Therapeuten.<strong> Gesundheitsdezernentin Milena L\u00f6bcke nennt die K\u00fcrzung ein \u201ev\u00f6llig falsches Signal\u201c<\/strong>. Sie unterst\u00fctzt die Proteste und warnt vor den Folgen.<\/p>\n<p>Die Kommune selbst kann nur begrenzt eingreifen. Doch sie sp\u00fcrt die Auswirkungen unmittelbar: in Schulen, in der Jugendhilfe, in sozialen Einrichtungen. \u201eWir m\u00fcssen die Folgen aushalten\u201c, sagt L\u00f6bcke \u2013 und meint damit steigenden Druck auf viele Systeme gleichzeitig.<\/p>\n<p>Ihre Kritik zielt tiefer: Die K\u00fcrzung sende das fatale Zeichen, psychische Gesundheit habe keinen hohen Stellenwert. Dabei sei das Gegenteil richtig. <strong>Wer fr\u00fch behandle, verhindere oft schwere Verl\u00e4ufe<\/strong>. Wer zu sp\u00e4t komme, riskiere Chronifizierung \u2013 und damit langfristig h\u00f6here Kosten.<\/p>\n<p>Sparen heute, zahlen morgen?<\/p>\n<p>Genau hier liegt der Kern der Debatte. Kurzfristige Einsparungen k\u00f6nnten langfristig ins Leere laufen. Wenn Therapien sp\u00e4ter beginnen oder ganz ausfallen, steigen die gesellschaftlichen Folgekosten. Die Protestierenden auf dem Mauritiusplatz formulierten es einfacher: <strong>Wer bei der Psychotherapie spart, spart an der falschen Stelle<\/strong>.<\/p>\n<p>Und so bleibt an diesem Mittwoch nicht nur der Eindruck eines Protests. Sondern auch die Frage, wie ernst Politik und Kassen das Thema wirklich nehmen.<\/p>\n<p>Symbolfoto \u2013 \u00a92026 KI-generiert<\/p>\n<p>Weitere Nachrichten aus dem\u00a0<strong>Stadtteil Mitte<\/strong>\u00a0<a href=\"http:\/\/wiesbaden-lebt.de\/tag\/suedost\" rel=\"nofollow noopener\" target=\"_blank\">lesen Sie hier<\/a>.<\/p>\n<p>Informationen zum <strong><a href=\"https:\/\/www.wiesbaden.de\/vv\/oe\/04\/53\/141010100000006072\" target=\"_blank\" rel=\"noreferrer noopener nofollow\">Gesundheitsamt<\/a><\/strong>.<\/p>\n<p><img loading=\"lazy\" decoding=\"async\" id=\"metis-img-pixel\" src=\"https:\/\/www.europesays.com\/de\/wp-content\/uploads\/2026\/04\/804a665f4974423b82a0955a3afc2557.gif\" width=\"1\" height=\"1\" alt=\"\"\/>\t\t\t\t\t\t<\/p>\n","protected":false},"excerpt":{"rendered":"K\u00fcrzungen bei Psychotherapie sorgen f\u00fcr Protest in Wiesbaden. Experten warnen vor Engp\u00e4ssen \u2013 besonders f\u00fcr Kinder und Jugendliche.&hellip;\n","protected":false},"author":2,"featured_media":948375,"comment_status":"","ping_status":"","sticky":false,"template":"","format":"standard","meta":{"footnotes":"","_share_on_mastodon":"0"},"categories":[1847],"tags":[3364,29,548,663,3934,30,36833,13,2052,54133,185422,525,14,15,4330,12,4544],"class_list":["post-948374","post","type-post","status-publish","format-standard","has-post-thumbnail","category-wiesbaden","tag-de","tag-deutschland","tag-eu","tag-europa","tag-europe","tag-germany","tag-gesundheitsamt","tag-headlines","tag-hessen","tag-mauritiusplatz","tag-milena-loebcke","tag-mitte","tag-nachrichten","tag-news","tag-protest","tag-schlagzeilen","tag-wiesbaden"],"share_on_mastodon":{"url":"https:\/\/pubeurope.com\/@de\/116410390333085630","error":""},"_links":{"self":[{"href":"https:\/\/www.europesays.com\/de\/wp-json\/wp\/v2\/posts\/948374","targetHints":{"allow":["GET"]}}],"collection":[{"href":"https:\/\/www.europesays.com\/de\/wp-json\/wp\/v2\/posts"}],"about":[{"href":"https:\/\/www.europesays.com\/de\/wp-json\/wp\/v2\/types\/post"}],"author":[{"embeddable":true,"href":"https:\/\/www.europesays.com\/de\/wp-json\/wp\/v2\/users\/2"}],"replies":[{"embeddable":true,"href":"https:\/\/www.europesays.com\/de\/wp-json\/wp\/v2\/comments?post=948374"}],"version-history":[{"count":0,"href":"https:\/\/www.europesays.com\/de\/wp-json\/wp\/v2\/posts\/948374\/revisions"}],"wp:featuredmedia":[{"embeddable":true,"href":"https:\/\/www.europesays.com\/de\/wp-json\/wp\/v2\/media\/948375"}],"wp:attachment":[{"href":"https:\/\/www.europesays.com\/de\/wp-json\/wp\/v2\/media?parent=948374"}],"wp:term":[{"taxonomy":"category","embeddable":true,"href":"https:\/\/www.europesays.com\/de\/wp-json\/wp\/v2\/categories?post=948374"},{"taxonomy":"post_tag","embeddable":true,"href":"https:\/\/www.europesays.com\/de\/wp-json\/wp\/v2\/tags?post=948374"}],"curies":[{"name":"wp","href":"https:\/\/api.w.org\/{rel}","templated":true}]}}