{"id":948633,"date":"2026-04-15T21:58:20","date_gmt":"2026-04-15T21:58:20","guid":{"rendered":"https:\/\/www.europesays.com\/de\/948633\/"},"modified":"2026-04-15T21:58:20","modified_gmt":"2026-04-15T21:58:20","slug":"gaeste-und-thema-am-15-4-26","status":"publish","type":"post","link":"https:\/\/www.europesays.com\/de\/948633\/","title":{"rendered":"G\u00e4ste und Thema am 15.4.26"},"content":{"rendered":"<p class=\"mb-6 text-xs md:text-m lg:text-l font-serif group-[.font-sans]:font-sans \">\n    Wenn es darum geht, aktuelle Themen einzuordnen, ist die Polit-Talkshow \u201e<a href=\"https:\/\/www.augsburger-allgemeine.de\/personen\/aa-markus-lanz\" target=\"_self\" class=\"underline \" rel=\"nofollow noopener\">Markus Lanz<\/a>\u201c seit vielen Jahren der Anlaufpunkt f\u00fcr viele Menschen in Deutschland. Die Sendung l\u00e4uft bereits seit 2008 im sp\u00e4tabendlichen Programm des ZDF\u2018s und wird vom Namensgeber Markus Lanz moderiert. Im Fokus der Show stehen politische, gesellschaftliche und wirtschaftliche Entwicklungen, die in Diskussionsrunden mit wechselnden G\u00e4sten eingehend betrachtet werden. H\u00e4ufig kommen dabei bedeutende Pers\u00f6nlichkeiten aus Politik, Wissenschaft, Medien und Kultur zu Wort. Besonders kennzeichnend ist der dialogorientierte Ansatz. Lanz stellt gezielte Fragen und gew\u00e4hrt seinen G\u00e4sten Raum f\u00fcr ausf\u00fchrliche Erkl\u00e4rungen. Trotzdem scheut sich der Moderator nicht davor kritische R\u00fcckfragen zu stellen, die das Gesagt infrage stellen. Dadurch hat sich das Format zu einer wichtigen Plattform f\u00fcr Diskussionen und die anschauliche Vermittlung komplexer Themen entwickelt.\n  <\/p>\n<p class=\"mb-6 text-xs md:text-m lg:text-l font-serif group-[.font-sans]:font-sans \">\n    Worum geht es in der Folge vom 15. April 2026? Welche G\u00e4ste kommen dabei zu Wort? Die Antworten auf diese Fragen und weitere n\u00fctzliche Informationen zu Show liefern wir Ihnen hier.\n  <\/p>\n<p>            Wo l\u00e4uft \u201eMarkus Lanz\u201c heute am Mittwoch?<\/p>\n<p class=\"mb-6 text-xs md:text-m lg:text-l font-serif group-[.font-sans]:font-sans \">\n    F\u00fcr gew\u00f6hnlich l\u00e4uft die Polit-Talkshow an drei Abenden der Woche. Die Ausstrahlungstermine fallen dabei auf Dienstag, Mittwoch und Donnerstag. Der Beginn der Sendung kann variieren, liegt aber meist zwischen 22 und 0 Uhr. Die heutige Episode startet um 0 Uhr und l\u00e4uft damit streng genommen erst am Donnerstag, wird aber als Mittwochausgabe gez\u00e4hlt. Neben der \u00dcbertragung auf dem ZDF wird die Folge auch im kostenfreien <a href=\"https:\/\/www.zdf.de\/live-tv\" rel=\"nofollow noopener\" target=\"_blank\" class=\"underline \">Livestream des Senders<\/a> gezeigt.\n  <\/p>\n<p class=\"mb-6 text-xs md:text-m lg:text-l font-serif group-[.font-sans]:font-sans \">\n    Die wichtigsten Eckdaten zur Folge gibt es hier noch einmal auf einen Blick:\n  <\/p>\n<ul rel=\"\" class=\"[&amp;&gt;li]:relative list-none  [&amp;&gt;li]:pl-[1.2em] [&amp;&gt;li]:marker:text-[0] [&amp;&gt;li]:relative [&amp;&gt;li]:before:absolute [&amp;&gt;li]:before:w-3 [&amp;&gt;li]:before:h-3 [&amp;&gt;li]:before:bg-brand [&amp;&gt;li]:before:left-0 [&amp;&gt;li]:before:top-[8px] [&amp;&gt;li]:before:rounded-full  my-5\">\n<li class=\" mb-3 text-xs md:text-m lg:text-l\">Was? \u201eMarkus Lanz\u201c (Folge 2210)<\/li>\n<li class=\" mb-3 text-xs md:text-m lg:text-l\">Wann? Donnerstag, 16. April 2026, 0 Uhr<\/li>\n<li class=\" mb-3 text-xs md:text-m lg:text-l\">Wo? ZDF (TV), ZDF-Livestream (Online)<\/li>\n<\/ul>\n<p>            Thema bei \u201eMarkus Lanz\u201c heute am 15. April 2026<\/p>\n<p class=\"mb-6 text-xs md:text-m lg:text-l font-serif group-[.font-sans]:font-sans \">\n    In der heutigen Folge von \u201eMarkus Lanz\u201c geht es vor allem um die aktuelle wirtschaftliche Lage in Deutschland. Thematisiert werden die steigenden Energie- und Spritpreise. Die Mitglieder der Diskussionsrunde debattieren \u00fcber Folgen der wachsenden Preise, den Einfluss des Konflikts in Westasien und die M\u00f6glichkeiten des Entlastungspakets. Au\u00dferdem wird der aktuelle Zustand der schwarz-roten Koalition beleuchtet.\n  <\/p>\n<p>            \u201eMarkus Lanz\u201c heute: G\u00e4ste am 15.4.26<\/p>\n<p class=\"mb-6 text-xs md:text-m lg:text-l font-serif group-[.font-sans]:font-sans \">\n    Passend zum Thema der Folge werden in jeder Ausgabe verschiedene G\u00e4ste zu Markus Lanz eingeladen. In der heutigen Ausgabe ist die Anzahl der Dikussionsteilnehmer recht \u00fcberschaubar. Diese Personen nehmen am 15. April im Studio Platz:\n  <\/p>\n<ul rel=\"\" class=\"[&amp;&gt;li]:relative list-none  [&amp;&gt;li]:pl-[1.2em] [&amp;&gt;li]:marker:text-[0] [&amp;&gt;li]:relative [&amp;&gt;li]:before:absolute [&amp;&gt;li]:before:w-3 [&amp;&gt;li]:before:h-3 [&amp;&gt;li]:before:bg-brand [&amp;&gt;li]:before:left-0 [&amp;&gt;li]:before:top-[8px] [&amp;&gt;li]:before:rounded-full  my-5\">\n<li class=\" mb-3 text-xs md:text-m lg:text-l\">Claudia Kemfert: Die Energie\u00f6konomin thematisiert die wirtschaftlichen Folgen der gestiegenen Energiepreise. Au\u00dferdem erkl\u00e4rt sie, welche M\u00f6glichkeiten der Konflikt in Westasien hat, den weltweiten Handel auf Dauer zu ver\u00e4ndern.<\/li>\n<li class=\" mb-3 text-xs md:text-m lg:text-l\">Michael Br\u00f6cker: Der Diplom-Volkswirt und \u201eTable.Media\u201c-Chefredakteur bewertet das Entlastungspaket zur Milderung der hohen Spritpreise und nimmt eine Analyse der aktuellen Lage der schwarz-roten Koalition vor.<\/li>\n<\/ul>\n<p>            Folge verpasst? \u201eMarkus Lanz\u201c in der Wiederholung sehen<\/p>\n<p class=\"mb-6 text-xs md:text-m lg:text-l font-serif group-[.font-sans]:font-sans \">\n    Falls Sie Donnerstagnacht keine Zeit haben, die aktuelle Ausgabe von \u201eMarkus Lanz\u201c zu sehen, m\u00fcssen Sie sich keine Sorgen machen. Zwar wird keine Wiederholung im regul\u00e4ren Fernsehen ausgestrahlt, doch die ZDF-Mediathek bietet eine L\u00f6sung. Die Folge ist dort nach der Ausstrahlung verf\u00fcgbar und kann jederzeit kostenlos gestreamt werden.\n  <\/p>\n<p>            Sendetermine: Wann l\u00e4uft \u201eMarkus Lanz\u201c diese und n\u00e4chste Woche?<\/p>\n<p class=\"mb-6 text-xs md:text-m lg:text-l font-serif group-[.font-sans]:font-sans \">\n    In dieser Woche l\u00e4uft lediglich eine weitere Ausgabe von \u201eMarkus Lanz\u201c. Danach geht es wie gewohnt n\u00e4chste Woche mit drei neuen Folgen weiter. Das sind die Termine der kommenden Folgen:\n  <\/p>\n<ul rel=\"\" class=\"[&amp;&gt;li]:relative list-none  [&amp;&gt;li]:pl-[1.2em] [&amp;&gt;li]:marker:text-[0] [&amp;&gt;li]:relative [&amp;&gt;li]:before:absolute [&amp;&gt;li]:before:w-3 [&amp;&gt;li]:before:h-3 [&amp;&gt;li]:before:bg-brand [&amp;&gt;li]:before:left-0 [&amp;&gt;li]:before:top-[8px] [&amp;&gt;li]:before:rounded-full  my-5\">\n<li class=\" mb-3 text-xs md:text-m lg:text-l\">Donnerstag, 16. April 2026, 23.15 Uhr<\/li>\n<li class=\" mb-3 text-xs md:text-m lg:text-l\">Dienstag, 21. April 2026, 22.45 Uhr<\/li>\n<li class=\" mb-3 text-xs md:text-m lg:text-l\">Mittwoch, 22. April 2026, 23.35 Uhr<\/li>\n<\/ul>\n<ul data-module-id=\"DragDropModule\" class=\"flex flex-wrap justify-start group-[.no-bookmarks]:hidden\">\n<li class=\"mb-3 mr-3\">\n    Luisa Greiner-Kaiser<\/p>\n<p>      Icon Haken im Kreis gesetzt<\/p>\n<p>      Icon Plus im Kreis<\/p>\n<\/li>\n<li class=\"mb-3 mr-3\">\n    Markus Lanz<\/p>\n<p>      Icon Haken im Kreis gesetzt<\/p>\n<p>      Icon Plus im Kreis<\/p>\n<\/li>\n<li class=\"mb-3 mr-3\">\n    ZDF<\/p>\n<p>      Icon Haken im Kreis gesetzt<\/p>\n<p>      Icon Plus im Kreis<\/p>\n<\/li>\n<\/ul>\n","protected":false},"excerpt":{"rendered":"Wenn es darum geht, aktuelle Themen einzuordnen, ist die Polit-Talkshow \u201eMarkus Lanz\u201c seit vielen Jahren der Anlaufpunkt f\u00fcr&hellip;\n","protected":false},"author":2,"featured_media":654746,"comment_status":"","ping_status":"","sticky":false,"template":"","format":"standard","meta":{"footnotes":"","_share_on_mastodon":"0"},"categories":[1773],"tags":[29,214,30,80,2496,16,471,1780,684,215,206565,1448],"class_list":["post-948633","post","type-post","status-publish","format-standard","has-post-thumbnail","category-serien","tag-deutschland","tag-entertainment","tag-germany","tag-kultur","tag-markus-lanz","tag-politik","tag-serien","tag-series","tag-tv","tag-unterhaltung","tag-westasien","tag-zdf"],"share_on_mastodon":{"url":"https:\/\/pubeurope.com\/@de\/116410968211388078","error":""},"_links":{"self":[{"href":"https:\/\/www.europesays.com\/de\/wp-json\/wp\/v2\/posts\/948633","targetHints":{"allow":["GET"]}}],"collection":[{"href":"https:\/\/www.europesays.com\/de\/wp-json\/wp\/v2\/posts"}],"about":[{"href":"https:\/\/www.europesays.com\/de\/wp-json\/wp\/v2\/types\/post"}],"author":[{"embeddable":true,"href":"https:\/\/www.europesays.com\/de\/wp-json\/wp\/v2\/users\/2"}],"replies":[{"embeddable":true,"href":"https:\/\/www.europesays.com\/de\/wp-json\/wp\/v2\/comments?post=948633"}],"version-history":[{"count":0,"href":"https:\/\/www.europesays.com\/de\/wp-json\/wp\/v2\/posts\/948633\/revisions"}],"wp:featuredmedia":[{"embeddable":true,"href":"https:\/\/www.europesays.com\/de\/wp-json\/wp\/v2\/media\/654746"}],"wp:attachment":[{"href":"https:\/\/www.europesays.com\/de\/wp-json\/wp\/v2\/media?parent=948633"}],"wp:term":[{"taxonomy":"category","embeddable":true,"href":"https:\/\/www.europesays.com\/de\/wp-json\/wp\/v2\/categories?post=948633"},{"taxonomy":"post_tag","embeddable":true,"href":"https:\/\/www.europesays.com\/de\/wp-json\/wp\/v2\/tags?post=948633"}],"curies":[{"name":"wp","href":"https:\/\/api.w.org\/{rel}","templated":true}]}}