{"id":948666,"date":"2026-04-15T22:15:36","date_gmt":"2026-04-15T22:15:36","guid":{"rendered":"https:\/\/www.europesays.com\/de\/948666\/"},"modified":"2026-04-15T22:15:36","modified_gmt":"2026-04-15T22:15:36","slug":"valid-yel-und-sein-eisparadies-mit-wenig-zucker","status":"publish","type":"post","link":"https:\/\/www.europesays.com\/de\/948666\/","title":{"rendered":"Valid Yel und sein Eisparadies mit wenig Zucker"},"content":{"rendered":"<p><a title=\"Kugelbude - NGZ\" href=\"https:\/\/neue-gladbecker-zeitung.de\/kugelbude-valid-yel-und-sein-eisparadies-mit-wenig-zucker\/kugelbude-ngz_ergebnis\/\" rel=\"nofollow noopener\" target=\"_blank\"><img fetchpriority=\"high\" width=\"678\" height=\"381\" src=\"https:\/\/www.europesays.com\/de\/wp-content\/uploads\/2026\/04\/Kugelbude-NGZ_ergebnis.webp.webp\" class=\"attachment-mh-magazine-content size-mh-magazine-content wp-post-image\" alt=\"Kugelbude: Valid Yel und sein Eisparadies\" title=\"Kugelbude - NGZ\" loading=\"eager\" decoding=\"async\"  \/><\/a><br \/>\nValid Yel (links) reicht Eis nach drau\u00dfen an seinen Bruder. Foto: Neue Gladbecker Zeitung<\/p>\n<p>Vom Automobilkaufmann zum Eismann in der Kugelbude<\/p>\n<p><strong>Gladbeck \u2013 15.04.2026 \u2013 Kugelbude<\/strong> \u2013 Valid Yel hei\u00dft der Mann f\u00fcr gutes Eis in <strong><a style=\"color: #ff0000;\" href=\"https:\/\/www.gladbeck.de\" target=\"_blank\" rel=\"noopener nofollow\">Gladbeck-Zweckel<\/a><\/strong>. Der Drei\u00dfigj\u00e4hrige kommt aus Coesfeld und hat im M\u00e4rz die \u201eKugelbude\u201c an der Dorstener Stra\u00dfe \u00fcbernommen.<\/p>\n<p>Unter dem Namen \u201eKugelbude\u201c gibt es in Zweckel, direkt gegen\u00fcber der AWO, schon viele Jahre Eis. Das Eiscaf\u00e9 hie\u00df bis vor f\u00fcnf Jahren \u201eWollis-Traumeis\u201c. Und genau dort hat Valid Yel gelernt, wie man Eis herstellt. Das kauft er nicht etwa beim Gro\u00dfh\u00e4ndler ein, sondern stellt es selbst im Keller des Eiscaf\u00e9s her.<\/p>\n<p>Die NGZ-News aus Gladbeck immer sofort auf das Handy?<br \/>Dann abonniere kostenlos den <a style=\"color: #ff0000;\" href=\"https:\/\/whatsapp.com\/channel\/0029VaAJZdH8F2pIH21PF72X\" target=\"_blank\" rel=\"noopener nofollow\">WhatsApp-Kanal<\/a><br \/>\nDie Gladbecker Zusammenfassung des Tages der NGZ?<br \/>Dann abonniere den kostenlosen <a href=\"https:\/\/neue-gladbecker-zeitung.de\/newsletter-2\/\" target=\"_blank\" rel=\"noopener nofollow\"><strong>Newsletter<\/strong><\/a><br \/>\nFolgen Sie uns auf Facebook: <strong><a style=\"color: #ff0000;\" href=\"https:\/\/www.facebook.com\/NeueGladbeckerZeitung\/\" target=\"_blank\" rel=\"noopener nofollow\">NeueGladbeckerZeitung<\/a><\/strong><\/p>\n<p>In der Kugelbude gibt es Eis mit m\u00f6glichst wenig Zucker<\/p>\n<p>Ein spezielles Diabetikereis macht Valid Yel nicht selbst, doch er betont, dass er bei der Herstellung darauf achte, dass m\u00f6glichst wenig Zucker verwendet wird. Ganz ohne geht es leider nicht.<\/p>\n<p>Beim Eiscaf\u00e9 soll es nicht bleiben! Schon im Mai wird der Eiswagen rollen und zwar nicht nur in Gladbeck. Valid Yel sieht einen Markt im Umkreis von 30 km. Noch unterst\u00fctzen ihn Verwandte im Service der Au\u00dfen- und Innengastronomie.<\/p>\n<p>Die meisten Eisdielen schlie\u00dfen in den Wintermonaten. Valid Yel will es anders machen. Aus dem Eiscaf\u00e9 soll dann ein Caf\u00e9 werden. Es wird Kaffee und Kuchen, aber auch t\u00fcrkische Spezialit\u00e4ten geben.<\/p>\n<p><strong>F\u00fcr Zweckel ist das ohne Zweifel eine Bereicherung.<\/strong><\/p>\n<p><a style=\"color: #ff0000;\" href=\"https:\/\/neue-gladbecker-zeitung.de\" rel=\"nofollow noopener\" target=\"_blank\">Zur Startseite<\/a><\/p>\n","protected":false},"excerpt":{"rendered":"Valid Yel (links) reicht Eis nach drau\u00dfen an seinen Bruder. Foto: Neue Gladbecker Zeitung Vom Automobilkaufmann zum Eismann&hellip;\n","protected":false},"author":2,"featured_media":948667,"comment_status":"","ping_status":"","sticky":false,"template":"","format":"standard","meta":{"footnotes":"","_share_on_mastodon":"0"},"categories":[1848],"tags":[3364,29,77328,548,663,3934,3658,30,17275,13,206566,14,15,1209,12,30672],"class_list":["post-948666","post","type-post","status-publish","format-standard","has-post-thumbnail","category-gelsenkirchen","tag-de","tag-deutschland","tag-eiscafe","tag-eu","tag-europa","tag-europe","tag-gelsenkirchen","tag-germany","tag-gladbeck","tag-headlines","tag-kugelbude","tag-nachrichten","tag-news","tag-nordrhein-westfalen","tag-schlagzeilen","tag-zweckel"],"share_on_mastodon":{"url":"https:\/\/pubeurope.com\/@de\/116411035246087567","error":""},"_links":{"self":[{"href":"https:\/\/www.europesays.com\/de\/wp-json\/wp\/v2\/posts\/948666","targetHints":{"allow":["GET"]}}],"collection":[{"href":"https:\/\/www.europesays.com\/de\/wp-json\/wp\/v2\/posts"}],"about":[{"href":"https:\/\/www.europesays.com\/de\/wp-json\/wp\/v2\/types\/post"}],"author":[{"embeddable":true,"href":"https:\/\/www.europesays.com\/de\/wp-json\/wp\/v2\/users\/2"}],"replies":[{"embeddable":true,"href":"https:\/\/www.europesays.com\/de\/wp-json\/wp\/v2\/comments?post=948666"}],"version-history":[{"count":0,"href":"https:\/\/www.europesays.com\/de\/wp-json\/wp\/v2\/posts\/948666\/revisions"}],"wp:featuredmedia":[{"embeddable":true,"href":"https:\/\/www.europesays.com\/de\/wp-json\/wp\/v2\/media\/948667"}],"wp:attachment":[{"href":"https:\/\/www.europesays.com\/de\/wp-json\/wp\/v2\/media?parent=948666"}],"wp:term":[{"taxonomy":"category","embeddable":true,"href":"https:\/\/www.europesays.com\/de\/wp-json\/wp\/v2\/categories?post=948666"},{"taxonomy":"post_tag","embeddable":true,"href":"https:\/\/www.europesays.com\/de\/wp-json\/wp\/v2\/tags?post=948666"}],"curies":[{"name":"wp","href":"https:\/\/api.w.org\/{rel}","templated":true}]}}