{"id":948763,"date":"2026-04-15T23:12:30","date_gmt":"2026-04-15T23:12:30","guid":{"rendered":"https:\/\/www.europesays.com\/de\/948763\/"},"modified":"2026-04-15T23:12:30","modified_gmt":"2026-04-15T23:12:30","slug":"mehr-als-15-milliarden-euro-hilfe-auf-sudan-konferenz-zugesagt","status":"publish","type":"post","link":"https:\/\/www.europesays.com\/de\/948763\/","title":{"rendered":"Mehr als 1,5 Milliarden Euro Hilfe auf Sudan-Konferenz zugesagt"},"content":{"rendered":"<p>            <img loading=\"lazy\" decoding=\"async\" class=\"ts-image\" src=\"https:\/\/www.europesays.com\/de\/wp-content\/uploads\/2026\/04\/sudan-truemmer-100.jpg\" alt=\"Menschen gehen in der Hauptstadt Khartum an den Tr\u00fcmmern eines Geb\u00e4udes vorbei.\" title=\"Menschen gehen in der Hauptstadt Khartum an den Tr\u00fcmmern eines Geb\u00e4udes vorbei. | AFP\"\/><\/p>\n<p class=\"metatextline\">Stand: 15.04.2026 \u2022 19:38 Uhr<\/p>\n<p class=\"article-head__shorttext\">\n        <strong>Mehr als 13 Millionen Vertriebene und 34 Millionen Hilfsbed\u00fcrftige: Um das Leid im B\u00fcrgerkriegsland Sudan zu lindern, machten zahlreiche Staaten auf einer Konferenz Hilfszusagen in H\u00f6he von 1,5 Milliarden Euro. Doch reichen wird das nicht.<\/strong>\n    <\/p>\n<p class=\"textabsatz m-ten m-offset-one l-eight l-offset-two columns twelve\">Im Kampf gegen die aktuell weltweit gr\u00f6\u00dfte humanit\u00e4re Katastrophe im Sudan wurden mehr als 1,5 Milliarden Euro Hilfen f\u00fcr die notleidende sudanesische Bev\u00f6lkerung zugesagt. Allein Deutschland stellt 230 Millionen Euro zur Verf\u00fcgung. Das teilte Au\u00dfenminister Johann Wadephul im Rahmen der von Deutschland mitorganisierten Sudan-Konferenz in Berlin mit. Insgesamt nahmen 54 Staaten und 61 Delegationen an dem Treffen in Berlin teil.<\/p>\n<p class=\"textabsatz m-ten m-offset-one l-eight l-offset-two columns twelve\">Tats\u00e4chlich liegt der Hilfsbedarf aber noch deutlich h\u00f6her als die nun zugesagten 1,5 Milliarden Euro. Laut UN braucht es 2,9 Milliarden US-Dollar, um ausreichend humanit\u00e4re Hilfe f\u00fcr Millionen Menschen zu leisten. Rund 34 Millionen Menschen sind nach UN-Angaben auf Hilfe angewiesen, etwa zwei Drittel der Bev\u00f6lkerung. Zehn Millionen Kinder k\u00f6nnen nicht zur Schule gehen.<\/p>\n<p class=\"textabsatz m-ten m-offset-one l-eight l-offset-two columns twelve\">Wadephul forderte, die internationale Gemeinschaft m\u00fcsse nun den Druck auf die Konfliktparteien erh\u00f6hen, um zu einer Waffenruhe zu kommen.<\/p>\n<p>    Vorherige Zusagen sollten \u00fcbertroffen werden<\/p>\n<p class=\"textabsatz m-ten m-offset-one l-eight l-offset-two columns twelve\">Die insgesamt dritte Sudan-Konferenz wurde von der Bundesregierung zusammen mit Gro\u00dfbritannien, Frankreich, den USA sowie der EU und Afrikanischen Union ausgerichtet. In den vergangenen Jahren hatte es bei Konferenzen in Paris und London schon Hilfszusagen in H\u00f6he von etwa zwei Milliarden Euro beziehungsweise etwa einer Milliarde Euro gegeben. Wadephul hatte im Vorfeld der diesj\u00e4hrigen Konferenz angek\u00fcndigt, diesen Betrag \u00fcbertreffen zu wollen &#8211; das ist nun offenbar gelungen.<\/p>\n<p class=\"textabsatz m-ten m-offset-one l-eight l-offset-two columns twelve\">Neben der Mobilisierung von Hilfen war auch eine Wiederbelebung der Friedensverhandlungen im Sudan ein Ziel der Konferenz. In dem drittgr\u00f6\u00dften Land Afrikas liefern sich die Armee von Milit\u00e4rherrscher Abdel Fattah al-Burhan und die RSF-Miliz seines fr\u00fcheren Stellvertreters Mohamed Hamdan Daglo <a href=\"https:\/\/www.tagesschau.de\/ausland\/afrika\/sudan-faq-kaempfe-militaer-rsf-101.html\" title=\"K\u00e4mpfe im Sudan: Machtkampf der Rivalen\" rel=\"nofollow noopener\" target=\"_blank\">seit drei Jahren einen erbitterten Machtkampf<\/a>. Vertreter der Konfliktparteien im Sudan nahmen an der Konferenz nicht teil.<\/p>\n<p class=\"textabsatz m-ten m-offset-one l-eight l-offset-two columns twelve\">Der B\u00fcrgerkrieg im Sudan hat zu einer der <a href=\"https:\/\/www.tagesschau.de\/ausland\/afrika\/suedsudan-hunger-humanitaere-krise-100.html\" title=\"Hungerkrise im S\u00fcdsudan bef\u00fcrchtet\" rel=\"nofollow noopener\" target=\"_blank\">schlimmsten humanit\u00e4ren Krisen<\/a> weltweit gef\u00fchrt. Mehr als 13 Millionen Menschen wurden laut UN vertrieben, rund 4,5 Millionen flohen in Nachbarl\u00e4nder.<\/p>\n<p>    UN-Chef Guterres: &#8222;Albtraum muss ein Ende haben&#8220;<\/p>\n<p class=\"textabsatz m-ten m-offset-one l-eight l-offset-two columns twelve\">In einer Videobotschaft hat sich auch UN-Generalsekret\u00e4r Ant\u00f3nio Guterres zum dritten Jahrestag des B\u00fcrgerkriegsbeginns im Sudan ge\u00e4u\u00dfert und ihn als &#8222;tragischen Meilenstein&#8220; bezeichnet. Er forderte ein &#8222;Ende des Albtraums&#8220; im Sudan. Die Folgen des B\u00fcrgerkrieges beschr\u00e4nkten sich nicht nur auf den Sudan, sondern f\u00fchrten zu einer Destabilisierung der gesamten Region, so Guterres.<\/p>\n<p class=\"textabsatz m-ten m-offset-one l-eight l-offset-two columns twelve\">UN-Nothilfekoordinator Tom Fletcher forderte &#8222;eine klare Vision f\u00fcr die Zukunft des Sudans&#8220;. Er sprach von einer Bew\u00e4hrungsprobe f\u00fcr die internationale Gemeinschaft. Das sudanesische Volk d\u00fcrfe nicht weiter im Stich gelassen werden. &#8222;Friedensarbeit ist komplex und erfordert Geduld, aber sie ist keine Raketenwissenschaft.&#8220;<\/p>\n<p class=\"textabsatz m-ten m-offset-one l-eight l-offset-two columns twelve\">Mit Informationen von Christina Nagel, ARD-Hauptstadtstudio<\/p>\n","protected":false},"excerpt":{"rendered":"Stand: 15.04.2026 \u2022 19:38 Uhr Mehr als 13 Millionen Vertriebene und 34 Millionen Hilfsbed\u00fcrftige: Um das Leid im&hellip;\n","protected":false},"author":2,"featured_media":948764,"comment_status":"","ping_status":"","sticky":false,"template":"","format":"standard","meta":{"footnotes":"","_share_on_mastodon":"0"},"categories":[1825],"tags":[296,29,30,18580,17003,30616],"class_list":["post-948763","post","type-post","status-publish","format-standard","has-post-thumbnail","category-berlin","tag-berlin","tag-deutschland","tag-germany","tag-humanitaere-krise","tag-sudan","tag-wadephul"],"share_on_mastodon":{"url":"https:\/\/pubeurope.com\/@de\/116411259293921836","error":""},"_links":{"self":[{"href":"https:\/\/www.europesays.com\/de\/wp-json\/wp\/v2\/posts\/948763","targetHints":{"allow":["GET"]}}],"collection":[{"href":"https:\/\/www.europesays.com\/de\/wp-json\/wp\/v2\/posts"}],"about":[{"href":"https:\/\/www.europesays.com\/de\/wp-json\/wp\/v2\/types\/post"}],"author":[{"embeddable":true,"href":"https:\/\/www.europesays.com\/de\/wp-json\/wp\/v2\/users\/2"}],"replies":[{"embeddable":true,"href":"https:\/\/www.europesays.com\/de\/wp-json\/wp\/v2\/comments?post=948763"}],"version-history":[{"count":0,"href":"https:\/\/www.europesays.com\/de\/wp-json\/wp\/v2\/posts\/948763\/revisions"}],"wp:featuredmedia":[{"embeddable":true,"href":"https:\/\/www.europesays.com\/de\/wp-json\/wp\/v2\/media\/948764"}],"wp:attachment":[{"href":"https:\/\/www.europesays.com\/de\/wp-json\/wp\/v2\/media?parent=948763"}],"wp:term":[{"taxonomy":"category","embeddable":true,"href":"https:\/\/www.europesays.com\/de\/wp-json\/wp\/v2\/categories?post=948763"},{"taxonomy":"post_tag","embeddable":true,"href":"https:\/\/www.europesays.com\/de\/wp-json\/wp\/v2\/tags?post=948763"}],"curies":[{"name":"wp","href":"https:\/\/api.w.org\/{rel}","templated":true}]}}