{"id":948842,"date":"2026-04-15T23:59:20","date_gmt":"2026-04-15T23:59:20","guid":{"rendered":"https:\/\/www.europesays.com\/de\/948842\/"},"modified":"2026-04-15T23:59:20","modified_gmt":"2026-04-15T23:59:20","slug":"eu-fuehrerscheinreform-keine-pflichttests-fuer-senioren","status":"publish","type":"post","link":"https:\/\/www.europesays.com\/de\/948842\/","title":{"rendered":"EU-F\u00fchrerscheinreform: Keine Pflichttests f\u00fcr Senioren"},"content":{"rendered":"<p>Die neue EU-Richtlinie setzt auf Eigenverantwortung statt verpflichtender Gesundheitschecks f\u00fcr \u00e4ltere Autofahrer, w\u00e4hrend Mediziner j\u00e4hrliche Kontrollen fordern.<\/p>\n<p>Mediziner warnen angesichts steigender Demenzzahlen jedoch vor den Risiken im Stra\u00dfenverkehr. Deutschland setzt weiter auf die Eigenverantwortung der B\u00fcrger.<\/p>\n<p>Eigenverantwortung statt verpflichtender Checks<\/p>\n<p>Die im November 2025 in Kraft getretene EU-Richtlinie sieht vor, dass F\u00fchrerscheine k\u00fcnftig 15 Jahre g\u00fcltig bleiben. Den Mitgliedsstaaten bleibt es \u00fcberlassen, die G\u00fcltigkeit f\u00fcr Fahrer ab 65 Jahren zu verk\u00fcrzen. Deutschland nutzt diese Option bisher nicht. Das Bundesverkehrsministerium und der ADAC betonen: Das Alter allein rechtfertigt keine \u00dcberpr\u00fcfung der Fahrtauglichkeit.<\/p>\n<p>Anzeige<\/p>\n<p>Da die eigene Wahrnehmung im Alter oft tr\u00fcgerisch sein kann, bietet dieser medizinisch fundierte Kurz-Check eine diskrete M\u00f6glichkeit zur Selbsteinsch\u00e4tzung. In nur zwei Minuten erhalten Sie Gewissheit \u00fcber Ihre kognitive Verfassung. <strong><a href=\"https:\/\/info.gesundheitswissen-aktuell.de\/demenz-selbsttest\/?af=KOOP_G_TG_DNV_YES_DEMENZ-SELBSTTEST_X-RSS-Ad-Hoc-News-AD1of2-EAID-841525\" rel=\"noopener nofollow\" style=\"color: #337ab7 !important; font-weight: bold; text-decoration: underline;\" target=\"_blank\">Kostenlosen 7-Fragen-Selbsttest jetzt starten<\/a><\/strong><\/p>\n<p>Stattdessen setzt die Regelung auf eine Selbstauskunft zum Gesundheitszustand bei der Verl\u00e4ngerung des Dokuments. Kritiker verweisen auf ein zentrales Problem: Viele Demenzerkrankungen gehen mit Anosognosie einher \u2013 die Betroffenen erkennen ihre eigenen Defizite nicht mehr.<\/p>\n<p>Medizinische Leitlinie fordert j\u00e4hrliche Kontrollen<\/p>\n<p>Die medizinische Fachwelt reagierte mit einer aktualisierten S3-Leitlinie \u201eDemenzen\u201c. Die im Februar 2025 ver\u00f6ffentlichte Fassung empfiehlt klare Ma\u00dfnahmen: Patienten mit leichter kognitiver St\u00f6rung sollen ihre Fahrtauglichkeit j\u00e4hrlich \u00fcberpr\u00fcfen lassen.<\/p>\n<p>F\u00fcr die Diagnose kommen Tests wie der Mini-Mental-Status-Test oder der Uhrentest zum Einsatz. Doch diese geben nur bedingt Auskunft \u00fcber die tats\u00e4chliche Leistung im komplexen Stra\u00dfenverkehr. Bei mittelschwerer Demenz, erkennbar an einem MMSE-Score zwischen 10 und 19 Punkten, muss die Fahrerlaubnis laut Leitlinie entzogen werden.<\/p>\n<p>Fahrverhalten verr\u00e4t Demenz fr\u00fchzeitig<\/p>\n<p>Neue Forschungsergebnisse zeigen: Ver\u00e4nderungen im Fahrverhalten k\u00f6nnen erste Warnsignale sein. Eine Langzeitstudie der Washington University School of Medicine analysierte \u00fcber 40 Monate GPS-Daten von Senioren. Das Ergebnis? Menschen mit beginnendem kognitivem Verfall fahren seltener bei Nacht, meiden unbekannte Strecken und verkleinern ihren Aktionsradius.<\/p>\n<p>Anzeige<\/p>\n<p>Um die geistige Fitness und Reaktionsschnelligkeit f\u00fcr den Alltag aktiv zu f\u00f6rdern, empfehlen Experten gezielte \u00dcbungen und die richtige Ern\u00e4hrung. Dieser kostenlose Ratgeber zeigt Ihnen, wie Sie Ihr Gehirn leistungsstark halten und Demenz effektiv vorbeugen. <strong><a href=\"https:\/\/info.gesundheitswissen-aktuell.de\/gehirntraining-leicht-gemacht\/?af=KOOP_G_TG_DNV_YES_GEHIRNTRAINING-LEICHT-GEMACHT_X-RSS-Ad-Hoc-News-AD2of2-EAID-841525\" rel=\"noopener nofollow\" style=\"color: #337ab7 !important; font-weight: bold; text-decoration: underline;\" target=\"_blank\">Gratis-Ratgeber: Gehirntraining leicht gemacht herunterladen<\/a><\/strong><\/p>\n<p>Diese subtilen Ver\u00e4nderungen k\u00f6nnten als digitale Biomarker dienen. Internationale Meta-Analysen belegen: Das Risiko, einen praktischen Fahrtest nicht zu bestehen, ist f\u00fcr Menschen mit Demenz mehr als zehnmal h\u00f6her als f\u00fcr gesunde Gleichaltrige. Spezialisierte Untersuchungen, etwa das Wiener Testsystem, messen Konzentration und Reaktionsgeschwindigkeit. Die Kosten von rund 85 Euro tragen meist die Betroffenen selbst.<\/p>\n<p>\u00c4rzte in der Zwickm\u00fchle<\/p>\n<p>F\u00fcr Mediziner entsteht ein echtes Dilemma. Einerseits sind sie der Schweigepflicht verpflichtet, andererseits tragen sie Verantwortung f\u00fcr die \u00f6ffentliche Sicherheit. Die Deutsche Alzheimer Gesellschaft stellt klar: \u00c4rzte d\u00fcrfen die Fahrerlaubnisbeh\u00f6rde informieren, wenn ein nachweislich fahruntauglicher Patient trotz Warnung weiter Auto f\u00e4hrt. In diesem Fall wiegt die \u00f6ffentliche Sicherheit schwerer.<\/p>\n<p>Auch die Versicherungsfrage bleibt brisant. Verursacht ein Demenzkranker einen Unfall, k\u00f6nnen Versicherer Regressanspr\u00fcche stellen \u2013 vorausgesetzt, sie weisen eine \u201eGefahrerh\u00f6hung\u201c nach. F\u00fcr Angeh\u00f6rige ist die Situation oft emotional belastend, besonders in l\u00e4ndlichen Regionen, wo der Verzicht auf das Auto soziale Isolation bedeuten kann.<\/p>\n<p>Digitaler F\u00fchrerschein und autonomes Fahren als Zukunftshoffnung<\/p>\n<p>Bis 2030 soll der digitale F\u00fchrerschein EU-weit Standard sein. In Deutschland ist die Einf\u00fchrung bereits f\u00fcr Ende 2026 geplant. Diese technische Infrastruktur k\u00f6nnte k\u00fcnftig auch medizinische Gutachten oder Befristungen effizienter verwalten.<\/p>\n<p>Langfristig ruhen viele Hoffnungen auf dem autonomen Fahren. Vollautomatisierte Fahrzeuge k\u00f6nnten die Mobilit\u00e4t von Menschen mit Demenz sichern, ohne sie der Gefahr aktiven Eingreifens auszusetzen. Bis diese Technologie fl\u00e4chendeckend verf\u00fcgbar ist, bleiben regelm\u00e4\u00dfige \u00e4rztliche \u00dcberpr\u00fcfungen und Sensibilisierung im sozialen Umfeld die wichtigsten Werkzeuge.<\/p>\n","protected":false},"excerpt":{"rendered":"Die neue EU-Richtlinie setzt auf Eigenverantwortung statt verpflichtender Gesundheitschecks f\u00fcr \u00e4ltere Autofahrer, w\u00e4hrend Mediziner j\u00e4hrliche Kontrollen fordern. Mediziner&hellip;\n","protected":false},"author":2,"featured_media":948843,"comment_status":"","ping_status":"","sticky":false,"template":"","format":"standard","meta":{"footnotes":"","_share_on_mastodon":"0"},"categories":[3933],"tags":[49276,331,332,6175,50330,548,206593,663,158,3934,3935,206595,13,3270,23628,14,15,206594,12,6583],"class_list":["post-948842","post","type-post","status-publish","format-standard","has-post-thumbnail","category-eu","tag-eu-richtlinie","tag-aktuelle-nachrichten","tag-aktuelle-news","tag-autofahrer","tag-eigenverantwortung","tag-eu","tag-eu-fuehrerscheinreform","tag-europa","tag-europaeische-union","tag-europe","tag-european-union","tag-gesundheitschecks","tag-headlines","tag-kontrollen","tag-mediziner","tag-nachrichten","tag-news","tag-pflichttests","tag-schlagzeilen","tag-senioren"],"share_on_mastodon":{"url":"https:\/\/pubeurope.com\/@de\/116411444186627834","error":""},"_links":{"self":[{"href":"https:\/\/www.europesays.com\/de\/wp-json\/wp\/v2\/posts\/948842","targetHints":{"allow":["GET"]}}],"collection":[{"href":"https:\/\/www.europesays.com\/de\/wp-json\/wp\/v2\/posts"}],"about":[{"href":"https:\/\/www.europesays.com\/de\/wp-json\/wp\/v2\/types\/post"}],"author":[{"embeddable":true,"href":"https:\/\/www.europesays.com\/de\/wp-json\/wp\/v2\/users\/2"}],"replies":[{"embeddable":true,"href":"https:\/\/www.europesays.com\/de\/wp-json\/wp\/v2\/comments?post=948842"}],"version-history":[{"count":0,"href":"https:\/\/www.europesays.com\/de\/wp-json\/wp\/v2\/posts\/948842\/revisions"}],"wp:featuredmedia":[{"embeddable":true,"href":"https:\/\/www.europesays.com\/de\/wp-json\/wp\/v2\/media\/948843"}],"wp:attachment":[{"href":"https:\/\/www.europesays.com\/de\/wp-json\/wp\/v2\/media?parent=948842"}],"wp:term":[{"taxonomy":"category","embeddable":true,"href":"https:\/\/www.europesays.com\/de\/wp-json\/wp\/v2\/categories?post=948842"},{"taxonomy":"post_tag","embeddable":true,"href":"https:\/\/www.europesays.com\/de\/wp-json\/wp\/v2\/tags?post=948842"}],"curies":[{"name":"wp","href":"https:\/\/api.w.org\/{rel}","templated":true}]}}