{"id":949270,"date":"2026-04-16T04:09:14","date_gmt":"2026-04-16T04:09:14","guid":{"rendered":"https:\/\/www.europesays.com\/de\/949270\/"},"modified":"2026-04-16T04:09:14","modified_gmt":"2026-04-16T04:09:14","slug":"deutsche-unternehmen-vor-der-bewaehrungsprobe","status":"publish","type":"post","link":"https:\/\/www.europesays.com\/de\/949270\/","title":{"rendered":"Deutsche Unternehmen vor der Bew\u00e4hrungsprobe"},"content":{"rendered":"<p>Die EU-Richtlinie zur Lohngerechtigkeit verpflichtet deutsche Firmen zu Gehaltsangaben in Stellenanzeigen und internen Berichten. Verst\u00f6\u00dfe f\u00fchren zu umgekehrter Beweislast und hohen Risiken.<\/p>\n<p>Juni 2026 muss die EU-Transparenzrichtlinie in nationales Recht umgesetzt sein. Sie zielt darauf ab, die Lohnl\u00fccke zwischen Frauen und M\u00e4nnern zu schlie\u00dfen. Parallel dazu plant die Bundesregierung eine Reform des Allgemeinen Gleichbehandlungsgesetzes (AGG). F\u00fcr Personalabteilungen und Gesch\u00e4ftsf\u00fchrungen bedeutet das eine Mammutaufgabe \u2013 und eine gef\u00e4hrliche Kluft zwischen Strategie und Umsetzung.<\/p>\n<p>Neue Offenlegungspflichten ab sofort<\/p>\n<p>Die Ver\u00e4nderungen treffen Unternehmen unmittelbar im <strong>Recruiting<\/strong>. K\u00fcnftig ist es verboten, Bewerber nach ihrer Gehaltshistorie zu fragen. Stattdessen m\u00fcssen Firmen in Stellenausschreibungen oder sp\u00e4testens vor dem ersten Vorstellungsgespr\u00e4ch eine <strong>Gehaltsspanne oder ein konkretes Einstiegsgehalt<\/strong> nennen. So sollen alte Ungleichheiten nicht in neue Jobs mitgeschleppt werden.<\/p>\n<p>Anzeige<\/p>\n<p>Die neuen Transparenzregeln erh\u00f6hen den Druck auf die gesamte Personalarbeit, beginnend bei der rechtssicheren Vertragsgestaltung. Dieser kostenlose Ratgeber hilft Ihnen, Ihre Arbeitsvertr\u00e4ge an das neue Nachweisgesetz anzupassen und teure Bu\u00dfgelder zu vermeiden. <strong><a href=\"https:\/\/www.personalwissen-info.de\/ebooks\/arbeitsvertrag\/?af=KOOP_MFW_BWRP_DNV_YES_ARBEITSVERTRAG_X-RSS-Ad-Hoc-News-AD1of2-EAID-841869\" rel=\"noopener nofollow\" style=\"color: #337ab7 !important; font-weight: bold; text-decoration: underline;\" target=\"_blank\">19 sofort einsetzbare Muster-Formulierungen entdecken<\/a><\/strong><\/p>\n<p>F\u00fcr bestehende Belegschaften entsteht ein <strong>individuelles Auskunftsrecht<\/strong>. In Unternehmen mit mindestens 100 Mitarbeitern k\u00f6nnen Besch\u00e4ftigte anonymisierte Daten zum Durchschnittsgehalt von Kollegen in vergleichbaren Positionen \u2013 aufgeschl\u00fcsselt nach Geschlecht \u2013 anfordern. Die Antwortfrist betr\u00e4gt zwei Monate. Vertragsklauseln, die Mitarbeitern verbieten, \u00fcber ihr Gehalt zu sprechen, werden unwirksam.<\/p>\n<p>Die Dringlichkeit unterstreichen aktuelle Marktdaten. Laut einer Studie der Beratung Mercer entwickeln zwar 77 Prozent der europ\u00e4ischen Unternehmen eine Transparenzstrategie, aber nur 14 Prozent setzen sie bereits um. Als gr\u00f6\u00dftes Hindernis nennen 54 Prozent der Firmen mangelndes Engagement des Managements. Die Nachfrage der Belegschaft ist hingegen hoch: 65 Prozent der Besch\u00e4ftigten \u2013 und 75 Prozent der Frauen \u2013 wollen ihre neuen Auskunftsrechte f\u00fcr k\u00fcnftige Gehaltsverhandlungen nutzen, so eine Kununu-Studie.<\/p>\n<p>Gestaffelte Berichtspflichten und die F\u00fcnf-Prozent-Grenze<\/p>\n<p>Die Richtlinie f\u00fchrt verpflichtende <strong>Berichte zur Lohnl\u00fccke<\/strong> ein. Der Zeitplan h\u00e4ngt von der Unternehmensgr\u00f6\u00dfe ab:<br \/>*   <strong>\u00dcber 250 Mitarbeiter:<\/strong> Erster Jahresbericht bis 7. Juni 2027.<br \/>*   <strong>150 bis 249 Mitarbeiter:<\/strong> Erster Bericht ebenfalls bis Juni 2027, danach alle drei Jahre.<br \/>*   <strong>100 bis 149 Mitarbeiter:<\/strong> Erster Dreijahresbericht erst bis 7. Juni 2031.<\/p>\n<p>Ein zentraler Mechanismus ist die <strong>F\u00fcnf-Prozent-Schwelle<\/strong>. Zeigt der Bericht eine geschlechtsspezifische L\u00fccke von \u00fcber f\u00fcnf Prozent, die nicht durch objektive, geschlechtsneutrale Kriterien gerechtfertigt ist, muss das Unternehmen handeln. Es ist verpflichtet, eine gemeinsame Gehaltspr\u00fcfung mit den Arbeitnehmervertretern durchzuf\u00fchren. Wird eine ungerechtfertigte Ungleichheit innerhalb von sechs Monaten nicht behoben, drohen erhebliche rechtliche Konsequenzen.<\/p>\n<p>Die aktuelle Lage in Deutschland liefert die Ausgangsbasis: Laut Stepstone-Daten von Anfang 2026 betr\u00e4gt die unbereinigte Lohnl\u00fccke etwa 9,7 Prozent. Die bereinigte L\u00fccke, die Faktoren wie Rolle und Erfahrung ber\u00fccksichtigt, liegt bei 4,8 Prozent. Juristen betonen: Frauen, die f\u00fcr gleiche Arbeit weniger erhielten, haben nicht nur Anspruch auf k\u00fcnftige Gleichbezahlung, sondern k\u00f6nnen auch <strong>Nachzahlungen f\u00fcr vergangene Jahre<\/strong> einklagen.<\/p>\n<p>Reform des AGG: Die Beweislast kehrt sich um<\/p>\n<p>Die Transparenzregeln sind Teil eines gr\u00f6\u00dferen Trends zur St\u00e4rkung von Arbeitnehmerrechten. Am 14. April 2026 legten das Bundesjustizministerium und das Bundesfamilienministerium einen Entwurf zur AGG-Reform vor. Diese sieht unter anderem vor, die Frist f\u00fcr die Geltendmachung von Diskriminierungsanspr\u00fcchen von zwei auf vier Monate zu verl\u00e4ngern.<\/p>\n<p>Im Kontext der Gehaltstransparenz ist die <strong>Umkehr der Beweislast<\/strong> die wichtigste \u00c4nderung. H\u00e4lt sich ein Arbeitgeber nicht an die Offenlegungs- oder Berichtspflichten, muss vor Gericht <strong>das Unternehmen beweisen, dass keine Diskriminierung vorlag<\/strong> \u2013 und nicht der Arbeitnehmer, dass sie stattfand. Experten warnen: Bei Verst\u00f6\u00dfen drohen volle Entsch\u00e4digungs- und Schadensersatzanspr\u00fcche sowie zus\u00e4tzliche Bu\u00dfgelder.<\/p>\n<p>Anzeige<\/p>\n<p>Neben der Gehaltstransparenz r\u00fcckt auch die allgemeine Mitbestimmung st\u00e4rker in den Fokus der Rechtsprechung. Erfahren Sie in diesem Gratis-E-Book, wie Sie Ihre Mitbestimmungsrechte nach \u00a7 87 BetrVG bei Themen wie Lohngestaltung und Arbeitszeit rechtssicher umsetzen. <strong><a href=\"https:\/\/www.mitbestimmung-info.de\/ebooks\/betriebsverfassungsgesetz\/?af=KOOP_MFW_MOL_DNV_YES_BETRIEBSVERFASSUNGSGESETZ_X-RSS-Ad-Hoc-News-AD2of2-EAID-841869\" rel=\"noopener nofollow\" style=\"color: #337ab7 !important; font-weight: bold; text-decoration: underline;\" target=\"_blank\">Das Herzst\u00fcck der Mitbestimmung jetzt kostenlos nachlesen<\/a><\/strong><\/p>\n<p>Analyse: Gerichte versch\u00e4rfen den Ton<\/p>\n<p>Die Umsetzung der EU-Richtlinie trifft auf eine ohnehin strengere Rechtsprechung. Das Bundesarbeitsgericht (BAG) hat k\u00fcrzlich hohe H\u00fcrden f\u00fcr Arbeitgeber best\u00e4tigt, etwa bei Massenentlassungen. Fehler im Prozess machen K\u00fcndigungen unwirksam \u2013 eine nachtr\u00e4gliche Korrektur ist nicht m\u00f6glich.<\/p>\n<p>Zudem erkl\u00e4rte das BAG Ende Januar 2026 Klauseln f\u00fcr unwirksam, die Lohnanspr\u00fcche bei unwirksamer K\u00fcndigung ausschlie\u00dfen. F\u00fcr Unternehmen bedeutet das: Interne Gehaltsstrukturen m\u00fcssen nicht nur fair, sondern auch <strong>l\u00fcckenlos dokumentiert und rechtlich verteidigbar<\/strong> sein.<\/p>\n<p>Ausblick: Compliance wird zur Chefaufgabe<\/p>\n<p>Bis zur Frist im Juni wird die Umsetzung von \u201eEqual Pay\u201c zur zentralen F\u00fchrungsaufgabe. Unternehmen sollten sofort beginnen, klare Verg\u00fctungskriterien auf Basis von Leistung, Rolle und Marktdaten zu etablieren. Derzeit bieten nur 38 Prozent der Firmen spezifische Schulungen f\u00fcr F\u00fchrungskr\u00e4fte an, wie Gehaltsentscheidungen kommuniziert werden \u2013 ein Defizit, das teuer werden k\u00f6nnte.<\/p>\n<p>Der erste Berichtszyklus 2027 wird die Feuerprobe f\u00fcr die Richtlinie. Bis dahin m\u00fcssen Arbeitgeber eine belastbare Dateninfrastruktur aufbauen und ihre Recruiting-Prozesse anpassen. Mit der umgekehrten Beweislast und durch digitale Tools gest\u00e4rkten Mitarbeitern scheint die \u00c4ra der Geheimniskr\u00e4merei in der deutschen Wirtschaft zu Ende zu gehen.<\/p>\n","protected":false},"excerpt":{"rendered":"Die EU-Richtlinie zur Lohngerechtigkeit verpflichtet deutsche Firmen zu Gehaltsangaben in Stellenanzeigen und internen Berichten. Verst\u00f6\u00dfe f\u00fchren zu umgekehrter&hellip;\n","protected":false},"author":2,"featured_media":949271,"comment_status":"","ping_status":"","sticky":false,"template":"","format":"standard","meta":{"footnotes":"","_share_on_mastodon":"0"},"categories":[3933],"tags":[49276,331,332,194820,206655,548,159953,663,158,3934,3935,45817,206653,13,32374,14,15,12,206654,173,3180],"class_list":["post-949270","post","type-post","status-publish","format-standard","has-post-thumbnail","category-eu","tag-eu-richtlinie","tag-aktuelle-nachrichten","tag-aktuelle-news","tag-bewaehrungsprobe","tag-beweislast","tag-eu","tag-eu-gehaltstransparenz","tag-europa","tag-europaeische-union","tag-europe","tag-european-union","tag-firmen","tag-gehaltsangaben","tag-headlines","tag-lohngerechtigkeit","tag-nachrichten","tag-news","tag-schlagzeilen","tag-stellenanzeigen","tag-unternehmen","tag-verstoesse"],"share_on_mastodon":{"url":"https:\/\/pubeurope.com\/@de\/116412427078536543","error":""},"_links":{"self":[{"href":"https:\/\/www.europesays.com\/de\/wp-json\/wp\/v2\/posts\/949270","targetHints":{"allow":["GET"]}}],"collection":[{"href":"https:\/\/www.europesays.com\/de\/wp-json\/wp\/v2\/posts"}],"about":[{"href":"https:\/\/www.europesays.com\/de\/wp-json\/wp\/v2\/types\/post"}],"author":[{"embeddable":true,"href":"https:\/\/www.europesays.com\/de\/wp-json\/wp\/v2\/users\/2"}],"replies":[{"embeddable":true,"href":"https:\/\/www.europesays.com\/de\/wp-json\/wp\/v2\/comments?post=949270"}],"version-history":[{"count":0,"href":"https:\/\/www.europesays.com\/de\/wp-json\/wp\/v2\/posts\/949270\/revisions"}],"wp:featuredmedia":[{"embeddable":true,"href":"https:\/\/www.europesays.com\/de\/wp-json\/wp\/v2\/media\/949271"}],"wp:attachment":[{"href":"https:\/\/www.europesays.com\/de\/wp-json\/wp\/v2\/media?parent=949270"}],"wp:term":[{"taxonomy":"category","embeddable":true,"href":"https:\/\/www.europesays.com\/de\/wp-json\/wp\/v2\/categories?post=949270"},{"taxonomy":"post_tag","embeddable":true,"href":"https:\/\/www.europesays.com\/de\/wp-json\/wp\/v2\/tags?post=949270"}],"curies":[{"name":"wp","href":"https:\/\/api.w.org\/{rel}","templated":true}]}}