{"id":949819,"date":"2026-04-16T09:29:16","date_gmt":"2026-04-16T09:29:16","guid":{"rendered":"https:\/\/www.europesays.com\/de\/949819\/"},"modified":"2026-04-16T09:29:16","modified_gmt":"2026-04-16T09:29:16","slug":"dynamo-dresden-bochum-comeback-wie-hauptmann-sich-fuer-siege-belohnt-sport","status":"publish","type":"post","link":"https:\/\/www.europesays.com\/de\/949819\/","title":{"rendered":"Dynamo Dresden: Bochum-Comeback? Wie Hauptmann sich f\u00fcr Siege belohnt | Sport"},"content":{"rendered":"<p><a class=\"skip-content skip-content--link\" href=\"#in-content-skip-link-target-v-0-0\">TTS-Player \u00fcberspringen\u21b5<\/a><a id=\"in-content-skip-link-target-v-0-0\" class=\"skip-content--target-link-hidden skip-content skip-content--target-link\" href=\"#in-content-skip-link-target-v-0-0\">Artikel weiterlesen<\/a><\/p>\n<p><b>Dynamo Dresden hat am Samstag (13 Uhr) gegen den VfL Bochum die Chance, erstmal komplett aus dem Zweitliga-Keller zu springen. Eine wichtige Frage davor ist, ob Kapit\u00e4n Niklas Hauptmann (29) nach seinem Ausfall wegen einer Schulterverletzung gegen N\u00fcrnberg (2:0) wieder rechtzeitig fit ist.<\/b><\/p>\n<p>In der Live-Runde des Schwarz-Gelb-Podcasts sagte der Mittelfeldmann dazu: \u201eMir geht es besser. Wichtig ist, dass man gewisse Bewegungen mit dem Arm machen kann. \u00dcber den Schmerz kann man dr\u00fcbergehen. Ich habe am Dienstag erstmals auf dem Platz gestanden, noch ohne Gegnerkontakt und Zweik\u00e4mpfe. Wir m\u00fcssen abwarten. Samstag ist das Ziel.\u201c Weil ausgerechnet ein schwerer Zusammenprall mit Ex-Kamerad Toni Leistner (35) der Ausl\u00f6ser war, meinte Hauptmann: \u201eMit Leiste ist alles gekl\u00e4rt.\u201c<\/p>\n<p><img decoding=\"async\" width=\"992\" height=\"558\" alt=\"Toni Leistner und Niklas Hauptmann konnten nach dem Spiel wieder gelassen miteinander umgehen.\" src=\"https:\/\/www.europesays.com\/de\/wp-content\/uploads\/2026\/04\/bd7fa65d0fe7b7c9db4ce81b9a82dd12,2b01b693.jpeg\"   class=\"landscape\" loading=\"lazy\"\/><\/p>\n<p class=\"fig__caption__text\">Toni Leistner und Niklas Hauptmann konnten nach dem Spiel wieder gelassen miteinander umgehen.<\/p>\n<p>Foto: Olaf Rentsch<\/p>\n<p>Der Plan: Erst dabei sein, dann gewinnen und sich etwas g\u00f6nnen. Der SGD-Leader w\u00fcrde nach Bochum sicherlich gern seinen kulinarischen Gel\u00fcsten nachgehen. \u201eHaupe\u201c verr\u00e4t: \u201eGegen ein gutes Schnitzel habe ich nie etwas einzuwenden, da habe ich nicht nur einen Ort in Dresden. Nach erfolgreichen Spielen kannst du dir das leisten. Auch ein D\u00f6ner ist es mal, wenn du es dir verdient hast.\u201c<\/p>\n<p>Fakt: Nach dem Bochum-Dreier und bei eigenem Mitwirken w\u00e4re das sicher der Fall. Dann k\u00f6nnte Dresden mit hoher Wahrscheinlichkeit zeitnah in den Punktebereich kommen, der den Klassenerhalt definitiv sichert. \u201eWir werden jetzt niemals Rechenspiele beginnen. Uns hat stark gemacht, dass wir im Hier und Jetzt sind\u201c, erkl\u00e4rt Dynamos Topscorer, der bisher f\u00fcnf Tore und sieben Vorlagen auf dem Konto hat.<\/p>\n<p>Gibt es heute noch ausgeartete Mannschaftsabende?<\/p>\n<p>Witzig auch, als er bei der Live-Talkrunde im Rudolf-Harbig-Stadion so nach dem Wendepunkt gefragt wurde: Gab es einen ausgearteten Teamabend im Trainingslager in der T\u00fcrkei oder ist es tats\u00e4chlich aus der Zeit gefallen, sich zusammen mal unter den Tisch zu saufen? \u201eHeutzutage gibt es das nicht mehr so h\u00e4ufig. Da hast du noch einen harten Kern von Spielern, die da dabei sind. Sonst hat das sehr abgenommen\u201c, antwortete Hauptmann ruhig. Und wann war er das letzte Mal betrunken? \u201eDar\u00fcber will ich eigentlich gar nicht reden \u2026\u201c, schmunzelte er bei gutem Gel\u00e4chter im Publikum.<\/p>\n<p>Mehr zum Thema<\/p>\n<p>Zu <a href=\"https:\/\/www.bild.de\/sport\/fussball\/vfl-bochum\/startseite-bochum-31148910.bild.html\" class=\"text-link\" rel=\"nofollow noopener\" target=\"_blank\">Bochum:<\/a> In der Hinrunde hatte <a href=\"https:\/\/www.bild.de\/sport\/fussball\/dynamo-dresden\/startseite-dynamo-46789412.bild.html\" class=\"text-link\" rel=\"nofollow noopener\" target=\"_blank\">Dynamo Dresden<\/a> den Ruhrpott-Klub eher \u00fcberraschend ausw\u00e4rts 2:1 geschlagen. Welche Rolle spielt das noch? Hauptmann: \u201eIn der Analyse vor dem Spiel kommen ein paar Szenen. Andererseits wei\u00dft du ja auch, dass der Gegner ein paar Dinge anders macht als im Hinspiel. Deshalb ist es entscheidend, dass wir klar sind, was wir vorhaben und machen wollen.\u201c Klingt einleuchtend, zumal der VfL damals taktisch und von der Qualit\u00e4t her zwei komplett unterschiedliche Halbzeiten anbot &#8230;<\/p>\n","protected":false},"excerpt":{"rendered":"TTS-Player \u00fcberspringen\u21b5Artikel weiterlesen Dynamo Dresden hat am Samstag (13 Uhr) gegen den VfL Bochum die Chance, erstmal komplett&hellip;\n","protected":false},"author":2,"featured_media":949820,"comment_status":"","ping_status":"","sticky":false,"template":"","format":"standard","meta":{"footnotes":"","_share_on_mastodon":"0"},"categories":[1839],"tags":[300,69773,7507,3364,29,9655,3766,347,30,11451,1209,3460,4581,45,8173,784],"class_list":["post-949819","post","type-post","status-publish","format-standard","has-post-thumbnail","category-bochum","tag-abstiegskampf","tag-belohnung","tag-bochum","tag-de","tag-deutschland","tag-doener","tag-dynamo-dresden","tag-fussball","tag-germany","tag-mittelfeldspieler","tag-nordrhein-westfalen","tag-sport-leuchtturm-leipzig","tag-sport-tag-im-ticker","tag-texttospeech","tag-vfl-bochum","tag-zweite-bundesliga"],"share_on_mastodon":{"url":"https:\/\/pubeurope.com\/@de\/116413685094047405","error":""},"_links":{"self":[{"href":"https:\/\/www.europesays.com\/de\/wp-json\/wp\/v2\/posts\/949819","targetHints":{"allow":["GET"]}}],"collection":[{"href":"https:\/\/www.europesays.com\/de\/wp-json\/wp\/v2\/posts"}],"about":[{"href":"https:\/\/www.europesays.com\/de\/wp-json\/wp\/v2\/types\/post"}],"author":[{"embeddable":true,"href":"https:\/\/www.europesays.com\/de\/wp-json\/wp\/v2\/users\/2"}],"replies":[{"embeddable":true,"href":"https:\/\/www.europesays.com\/de\/wp-json\/wp\/v2\/comments?post=949819"}],"version-history":[{"count":0,"href":"https:\/\/www.europesays.com\/de\/wp-json\/wp\/v2\/posts\/949819\/revisions"}],"wp:featuredmedia":[{"embeddable":true,"href":"https:\/\/www.europesays.com\/de\/wp-json\/wp\/v2\/media\/949820"}],"wp:attachment":[{"href":"https:\/\/www.europesays.com\/de\/wp-json\/wp\/v2\/media?parent=949819"}],"wp:term":[{"taxonomy":"category","embeddable":true,"href":"https:\/\/www.europesays.com\/de\/wp-json\/wp\/v2\/categories?post=949819"},{"taxonomy":"post_tag","embeddable":true,"href":"https:\/\/www.europesays.com\/de\/wp-json\/wp\/v2\/tags?post=949819"}],"curies":[{"name":"wp","href":"https:\/\/api.w.org\/{rel}","templated":true}]}}