{"id":949934,"date":"2026-04-16T10:31:37","date_gmt":"2026-04-16T10:31:37","guid":{"rendered":"https:\/\/www.europesays.com\/de\/949934\/"},"modified":"2026-04-16T10:31:37","modified_gmt":"2026-04-16T10:31:37","slug":"staedteregionsrat-vor-ort-im-tierpark-alsdorfer-weiher","status":"publish","type":"post","link":"https:\/\/www.europesays.com\/de\/949934\/","title":{"rendered":"St\u00e4dteregionsrat vor Ort im Tierpark Alsdorfer Weiher"},"content":{"rendered":"<p>St\u00e4dteRegion Aachen. Esel, Erdm\u00e4nnchen und Co. ziehen Familien zu einem Spaziergang in den Tierpark Alsdorfer Weiher. Um in dieser entspannten Atmosph\u00e4re pers\u00f6nliche Anliegen zu besprechen, sucht Dr. Tim Gr\u00fcttemeier am 26. April von 11:30 Uhr bis 13:00 Uhr unter dem Motto \u201eSt\u00e4dteregionsrat vor Ort\u201c wieder das direkte Gespr\u00e4ch mit den Menschen. Gemeinsam mit Tim Kr\u00e4mer, dem B\u00fcrgermeister der Stadt Alsdorf, ist er im Tierpark (Theodor-Seipp-Stra\u00dfe 1, 52477 Alsdorf) zu Gast.\u00a0<\/p>\n<p>Alle Interessierten sind herzlich an den Stand der St\u00e4dteRegion am Eingang des Tierparks eingeladen, um pers\u00f6nliche Gespr\u00e4che mit Dr. Tim Gr\u00fcttemeier und Tim Kr\u00e4mer zu f\u00fchren.<\/p>\n","protected":false},"excerpt":{"rendered":"St\u00e4dteRegion Aachen. Esel, Erdm\u00e4nnchen und Co. ziehen Familien zu einem Spaziergang in den Tierpark Alsdorfer Weiher. Um in&hellip;\n","protected":false},"author":2,"featured_media":949935,"comment_status":"","ping_status":"","sticky":false,"template":"","format":"standard","meta":{"footnotes":"","_share_on_mastodon":"0"},"categories":[1853],"tags":[1424,18026,206766,206767,3364,29,548,663,3934,30,13,14,15,1209,12,26848,206768,206769],"class_list":["post-949934","post","type-post","status-publish","format-standard","has-post-thumbnail","category-aachen","tag-aachen","tag-alsdorf","tag-besuch-vor-ort","tag-buergergespraeche","tag-de","tag-deutschland","tag-eu","tag-europa","tag-europe","tag-germany","tag-headlines","tag-nachrichten","tag-news","tag-nordrhein-westfalen","tag-schlagzeilen","tag-staedteregion-aachen","tag-staedteregionsrat","tag-tierpark-alsdorfer-weiher"],"share_on_mastodon":{"url":"https:\/\/pubeurope.com\/@de\/116413929186285824","error":""},"_links":{"self":[{"href":"https:\/\/www.europesays.com\/de\/wp-json\/wp\/v2\/posts\/949934","targetHints":{"allow":["GET"]}}],"collection":[{"href":"https:\/\/www.europesays.com\/de\/wp-json\/wp\/v2\/posts"}],"about":[{"href":"https:\/\/www.europesays.com\/de\/wp-json\/wp\/v2\/types\/post"}],"author":[{"embeddable":true,"href":"https:\/\/www.europesays.com\/de\/wp-json\/wp\/v2\/users\/2"}],"replies":[{"embeddable":true,"href":"https:\/\/www.europesays.com\/de\/wp-json\/wp\/v2\/comments?post=949934"}],"version-history":[{"count":0,"href":"https:\/\/www.europesays.com\/de\/wp-json\/wp\/v2\/posts\/949934\/revisions"}],"wp:featuredmedia":[{"embeddable":true,"href":"https:\/\/www.europesays.com\/de\/wp-json\/wp\/v2\/media\/949935"}],"wp:attachment":[{"href":"https:\/\/www.europesays.com\/de\/wp-json\/wp\/v2\/media?parent=949934"}],"wp:term":[{"taxonomy":"category","embeddable":true,"href":"https:\/\/www.europesays.com\/de\/wp-json\/wp\/v2\/categories?post=949934"},{"taxonomy":"post_tag","embeddable":true,"href":"https:\/\/www.europesays.com\/de\/wp-json\/wp\/v2\/tags?post=949934"}],"curies":[{"name":"wp","href":"https:\/\/api.w.org\/{rel}","templated":true}]}}