{"id":949948,"date":"2026-04-16T10:38:14","date_gmt":"2026-04-16T10:38:14","guid":{"rendered":"https:\/\/www.europesays.com\/de\/949948\/"},"modified":"2026-04-16T10:38:14","modified_gmt":"2026-04-16T10:38:14","slug":"sie-holen-grosse-autoren-nach-augsburg","status":"publish","type":"post","link":"https:\/\/www.europesays.com\/de\/949948\/","title":{"rendered":"Sie holen gro\u00dfe Autoren nach Augsburg"},"content":{"rendered":"<p class=\"mb-6 text-xs md:text-m lg:text-l font-serif group-[.font-sans]:font-sans \">\n    Das Buch auf dem Caf\u00e9tisch vor Julia Schr\u00f6der hat 550 Seiten: \u201eAs Good As Dead\u201c steht in roter Kringelschrift darauf, dritter Teil einer Krimireihe. 424 Seiten des Buches hat sie schon verschlungen. Der Plan: die restlichen 126 Seiten heute Abend verschlingen. Julia Schr\u00f6der hat es sich mit einer Freundin im Caf\u00e9 Flora in der Augsburger Annastra\u00dfe gem\u00fctlich gemacht. An den Tischen um sie herum haben etwa 35 andere Personen Platz genommen, alle mit kleinen B\u00fccherstapeln vor sich. An diesem Abend wird das Flora zum Lesecaf\u00e9.\n  <\/p>\n<ul data-module-id=\"DragDropModule\" class=\"flex flex-wrap justify-start group-[.no-bookmarks]:hidden\">\n<li class=\"mb-3 mr-3\">\n    Sophia Grabendorfer<\/p>\n<p>      Icon Haken im Kreis gesetzt<\/p>\n<p>      Icon Plus im Kreis<\/p>\n<\/li>\n<li class=\"mb-3 mr-3\">\n    Augsburg<\/p>\n<p>      Icon Haken im Kreis gesetzt<\/p>\n<p>      Icon Plus im Kreis<\/p>\n<\/li>\n<li class=\"mb-3 mr-3\">\n    Julia Schr\u00f6der<\/p>\n<p>      Icon Haken im Kreis gesetzt<\/p>\n<p>      Icon Plus im Kreis<\/p>\n<\/li>\n<\/ul>\n","protected":false},"excerpt":{"rendered":"Das Buch auf dem Caf\u00e9tisch vor Julia Schr\u00f6der hat 550 Seiten: \u201eAs Good As Dead\u201c steht in roter&hellip;\n","protected":false},"author":2,"featured_media":949949,"comment_status":"","ping_status":"","sticky":false,"template":"","format":"standard","meta":{"footnotes":"","_share_on_mastodon":"0"},"categories":[1846],"tags":[206775,206777,680,772,162,3364,50352,29,548,663,3934,30,13,206776,206773,206774,88428,14,15,12,206772],"class_list":["post-949948","post","type-post","status-publish","format-standard","has-post-thumbnail","category-augsburg","tag-anika-landsteiner","tag-anne-sauer","tag-augsburg","tag-bayern","tag-coronavirus","tag-de","tag-deutscher-buchpreis","tag-deutschland","tag-eu","tag-europa","tag-europe","tag-germany","tag-headlines","tag-julia-faisst","tag-julia-schroeder","tag-lesepicknick","tag-martina-hefter","tag-nachrichten","tag-news","tag-schlagzeilen","tag-tina-lurz"],"share_on_mastodon":{"url":"https:\/\/pubeurope.com\/@de\/116413956698934516","error":""},"_links":{"self":[{"href":"https:\/\/www.europesays.com\/de\/wp-json\/wp\/v2\/posts\/949948","targetHints":{"allow":["GET"]}}],"collection":[{"href":"https:\/\/www.europesays.com\/de\/wp-json\/wp\/v2\/posts"}],"about":[{"href":"https:\/\/www.europesays.com\/de\/wp-json\/wp\/v2\/types\/post"}],"author":[{"embeddable":true,"href":"https:\/\/www.europesays.com\/de\/wp-json\/wp\/v2\/users\/2"}],"replies":[{"embeddable":true,"href":"https:\/\/www.europesays.com\/de\/wp-json\/wp\/v2\/comments?post=949948"}],"version-history":[{"count":0,"href":"https:\/\/www.europesays.com\/de\/wp-json\/wp\/v2\/posts\/949948\/revisions"}],"wp:featuredmedia":[{"embeddable":true,"href":"https:\/\/www.europesays.com\/de\/wp-json\/wp\/v2\/media\/949949"}],"wp:attachment":[{"href":"https:\/\/www.europesays.com\/de\/wp-json\/wp\/v2\/media?parent=949948"}],"wp:term":[{"taxonomy":"category","embeddable":true,"href":"https:\/\/www.europesays.com\/de\/wp-json\/wp\/v2\/categories?post=949948"},{"taxonomy":"post_tag","embeddable":true,"href":"https:\/\/www.europesays.com\/de\/wp-json\/wp\/v2\/tags?post=949948"}],"curies":[{"name":"wp","href":"https:\/\/api.w.org\/{rel}","templated":true}]}}