{"id":950277,"date":"2026-04-16T13:43:14","date_gmt":"2026-04-16T13:43:14","guid":{"rendered":"https:\/\/www.europesays.com\/de\/950277\/"},"modified":"2026-04-16T13:43:14","modified_gmt":"2026-04-16T13:43:14","slug":"ungarn-wieviel-orban-steckt-in-peter-magyar-politik","status":"publish","type":"post","link":"https:\/\/www.europesays.com\/de\/950277\/","title":{"rendered":"Ungarn: Wieviel Orb\u00e1n steckt in P\u00e9ter Magyar? | Politik"},"content":{"rendered":"<p><b>Ungarn ist mitten im politischen Umbruch: P\u00e9ter Magyar wird im Mai Premier \u2013 und legt sich schon jetzt offen mit Viktor Orb\u00e1n und dessen System an. Er h\u00e4lt sich f\u00fcr \u201est\u00e4rker\u201c und ausdauernder als den Langzeit-Herrscher, will dessen Machtapparat St\u00fcck f\u00fcr St\u00fcck umbauen. <\/b><\/p>\n<p>Aber: Wie sehr unterscheidet sich Magyars Kurs wirklich bei Russland, Ukraine, Migration, Israel, internationalen Institutionen, Staatspr\u00e4sident und Staatsmedien von Orb\u00e1ns Linie? Die klaren Antworten und die wichtigsten Konfliktfelder lesen Sie mit BILDplus.<\/p>\n","protected":false},"excerpt":{"rendered":"Ungarn ist mitten im politischen Umbruch: P\u00e9ter Magyar wird im Mai Premier \u2013 und legt sich schon jetzt&hellip;\n","protected":false},"author":2,"featured_media":950278,"comment_status":"","ping_status":"","sticky":false,"template":"","format":"standard","meta":{"footnotes":"","_share_on_mastodon":"0"},"categories":[3933],"tags":[331,332,548,663,158,3934,3935,13,14,15,54512,3082,307,12,45,317],"class_list":["post-950277","post","type-post","status-publish","format-standard","has-post-thumbnail","category-eu","tag-aktuelle-nachrichten","tag-aktuelle-news","tag-eu","tag-europa","tag-europaeische-union","tag-europe","tag-european-union","tag-headlines","tag-nachrichten","tag-news","tag-orban-viktor","tag-putin-wladimir","tag-russland","tag-schlagzeilen","tag-texttospeech","tag-ukraine"],"share_on_mastodon":{"url":"","error":""},"_links":{"self":[{"href":"https:\/\/www.europesays.com\/de\/wp-json\/wp\/v2\/posts\/950277","targetHints":{"allow":["GET"]}}],"collection":[{"href":"https:\/\/www.europesays.com\/de\/wp-json\/wp\/v2\/posts"}],"about":[{"href":"https:\/\/www.europesays.com\/de\/wp-json\/wp\/v2\/types\/post"}],"author":[{"embeddable":true,"href":"https:\/\/www.europesays.com\/de\/wp-json\/wp\/v2\/users\/2"}],"replies":[{"embeddable":true,"href":"https:\/\/www.europesays.com\/de\/wp-json\/wp\/v2\/comments?post=950277"}],"version-history":[{"count":0,"href":"https:\/\/www.europesays.com\/de\/wp-json\/wp\/v2\/posts\/950277\/revisions"}],"wp:featuredmedia":[{"embeddable":true,"href":"https:\/\/www.europesays.com\/de\/wp-json\/wp\/v2\/media\/950278"}],"wp:attachment":[{"href":"https:\/\/www.europesays.com\/de\/wp-json\/wp\/v2\/media?parent=950277"}],"wp:term":[{"taxonomy":"category","embeddable":true,"href":"https:\/\/www.europesays.com\/de\/wp-json\/wp\/v2\/categories?post=950277"},{"taxonomy":"post_tag","embeddable":true,"href":"https:\/\/www.europesays.com\/de\/wp-json\/wp\/v2\/tags?post=950277"}],"curies":[{"name":"wp","href":"https:\/\/api.w.org\/{rel}","templated":true}]}}