{"id":950364,"date":"2026-04-16T14:30:18","date_gmt":"2026-04-16T14:30:18","guid":{"rendered":"https:\/\/www.europesays.com\/de\/950364\/"},"modified":"2026-04-16T14:30:18","modified_gmt":"2026-04-16T14:30:18","slug":"winnetou-star-husein-cokic-old-shatterhands-letzter-freund-%e2%80%a096-ist-tot-unterhaltung","status":"publish","type":"post","link":"https:\/\/www.europesays.com\/de\/950364\/","title":{"rendered":"\u201eWinnetou-Star\u201c Husein \u010coki\u0107: Old Shatterhands letzter Freund (\u202096) ist tot | Unterhaltung"},"content":{"rendered":"<p><a class=\"skip-content skip-content--link\" href=\"#in-content-skip-link-target-v-0-0\">TTS-Player \u00fcberspringen\u21b5<\/a><a id=\"in-content-skip-link-target-v-0-0\" class=\"skip-content--target-link-hidden skip-content skip-content--target-link\" href=\"#in-content-skip-link-target-v-0-0\">Artikel weiterlesen<\/a><\/p>\n<p>Pula (Kroatien) \u2013\u00a0<b>Die Karl-May-Welt trauert \u2013 schon wieder. Denn jetzt ist auch ER gegangen: Husein \u010coki\u0107 (\u202096). Winnetou-Fans kennen ihn als treuen Westmann Will Parker. \u010coki\u0107, der in \u201eWinnetou 1\u201c (1963) an der Seite von Old Shatterhand (Lex Barker, \u202074) ritt, starb am 14. April in Pula.<\/b><\/p>\n<p>Nur eine Woche nach <a href=\"https:\/\/www.bild.de\/unterhaltung\/stars-und-leute\/mario-adorf-95-letzte-ruhe-neben-brigitte-bardot-69d793b9f3d559be4f0b488d\" class=\"text-link\" rel=\"nofollow noopener\" target=\"_blank\">Mario Adorf <\/a>(\u202095), dem legend\u00e4ren Schurken Santer, verliert die Filmwelt damit die letzte lebende Legende aus dem ersten \u201eWinnetou\u201c-Abenteuer. \u010coki\u0107 geh\u00f6rte neben \u201eSam Hawkens\u201c (Ralf Wolter, \u202095) zu einem der unvergessenen stillen Helden des Wilden Westens aus Karl Mays Traumwelt. Als Parker k\u00e4mpfte er Schulter an Schulter mit Winnetou und dessen Blutsbruder Old Shatterhand. F\u00fcr viele Fans bleibt er ein Gesicht jener goldenen Kinozeit, als Cowboys noch echte Abenteuer erlebten.<\/p>\n<p><img decoding=\"async\" width=\"992\" height=\"558\" alt=\"Zwei Kult-Helden (1963): Husein Cokic (l., damals 41) als Will Parker und Lex Barker (damals 43) als Old Shatterhand in \u201eWinnetou 1\u201c\" src=\"https:\/\/www.europesays.com\/de\/wp-content\/uploads\/2026\/04\/fd87368bcefc252980f94d39d48d2e04,c05784df.jpeg\"   class=\"landscape\" loading=\"lazy\"\/><\/p>\n<p class=\"fig__caption__text\">Zwei Kult-Helden (1963): Husein Cokic (l., damals 41) als Will Parker und Lex Barker (damals 43) als Old Shatterhand in \u201eWinnetou 1\u201c<\/p>\n<p>Foto: Rialto Film<\/p>\n<p>Der Krieg zwang \u010coki\u0107, die Heimat zu verlassen<\/p>\n<p>Geboren wurde \u010coki\u0107 1931 im bosnischen Klju\u010d. Seine Karriere begann er 1953 am Theater in Banja Luka. Dort spielte er \u00fcber Jahrzehnte \u2013 bis ihn der Krieg 1992 zwang, seine Heimat zu verlassen. Seine letzten Jahre verbrachte er im kroatischen Pula.<\/p>\n<p><img decoding=\"async\" width=\"992\" height=\"1178\" alt=\"Husein \u010coki\u0107 (damals 88) bei einem Nostalgietreffen im Jahr 2019 im kroatischen Starigrad\" src=\"https:\/\/www.europesays.com\/de\/wp-content\/uploads\/2026\/04\/8e8908c2f366e8b25d8ec721f14cf8d8,4316da62.jpeg\"   class=\"portrait\" loading=\"lazy\"\/><\/p>\n<p class=\"fig__caption__text\">Husein \u010coki\u0107 (damals 88) bei einem Nostalgietreffen im Jahr 2019 im kroatischen Starigrad<\/p>\n<p>Foto: mali-alan.de<\/p>\n<p>Husein \u010coki\u0107s Talent reichte \u00fcber die Pr\u00e4rie hinaus<\/p>\n<p>Insgesamt stand er f\u00fcr 28 <a href=\"https:\/\/www.bild.de\/unterhaltung\/kino\/kino\/home-15697512.bild.html\" class=\"text-link\" rel=\"nofollow noopener\" target=\"_blank\">Kinofilme<\/a> und rund 20 TV-Produktionen vor der Kamera. Er arbeitete mit gro\u00dfen Regisseuren seiner Zeit und wurde zu einem wichtigen Gesicht des osteurop\u00e4ischen Kinos.<\/p>\n<p><img decoding=\"async\" width=\"992\" height=\"558\" alt=\"Die Helden aus \u201eWinnetou 1\u201c (1963, v.l.): Husein Cokic (damals 41) als Will Parker, Demeter Bitenc (damals 40) als Dick Stone, Ralf Wolter (damals 36) als Sam Hawkens und Lex Barker (damals 43) als Old Shatterhand\" src=\"https:\/\/www.europesays.com\/de\/wp-content\/uploads\/2026\/04\/720d5f163b001a5c81bea2f298ae80e7,6710c0ed.jpeg\"   class=\"landscape\" loading=\"lazy\"\/><\/p>\n<p class=\"fig__caption__text\">Die Helden aus \u201eWinnetou 1\u201c (1963, v.l.): Husein Cokic (damals 41) als Will Parker, Demeter Bitenc (damals 40) als Dick Stone, Ralf Wolter (damals 36) als Sam Hawkens und Lex Barker (damals 43) als Old Shatterhand<\/p>\n<p>Foto: Rialto Film<\/p>\n<p>\u010coki\u0107 war auch im Theater ein Star<\/p>\n<p>Gemeinsam mit Superstar Bekim Fehmiu (\u202074) \u00f6ffnete \u010coki\u0107 sogar T\u00fcren nach <a href=\"https:\/\/www.bild.de\/themen\/orte\/hollywood\/nachrichten-news-fotos-videos-16965502.bild.html\" class=\"text-link\" rel=\"nofollow noopener\" target=\"_blank\">Hollywood<\/a> \u2013 und ebnete Schauspielern aus seiner Heimat den Weg in internationale Produktionen. Auch auf der B\u00fchne gl\u00e4nzte er: Sein Drama \u201eSokrates\u2019 Verteidigung und Tod\u201c gilt bis heute als Meilenstein des bosnisch-herzegowinischen Theaters.<\/p>\n<p><img decoding=\"async\" width=\"992\" height=\"558\" alt=\"Haarige Angelegenheit: Ralf Wolter (2.v.l.) mit Husein Cokic (l.) und Demeter Bitenc (r.) in \u201eWinnetou 1\u201c\" src=\"https:\/\/www.europesays.com\/de\/wp-content\/uploads\/2026\/04\/23216f8f5c5dc32adcb1815bc8679149,d18dc81c.jpeg\"   class=\"landscape\" loading=\"lazy\"\/><\/p>\n<p class=\"fig__caption__text\">Haarige Angelegenheit: Ralf Wolter (2.v.l.) mit Husein Cokic (l.) und Demeter Bitenc (r.) in \u201eWinnetou 1\u201c<\/p>\n<p>Foto: Rialto Film<\/p>\n<p>Und doch: F\u00fcr Millionen bleibt er f\u00fcr immer der Mann im Sattel, der <a href=\"https:\/\/www.bild.de\/themen\/personen\/karl-may\/schriftsteller-news-fotos-videos-23346038.bild.html\" class=\"text-link\" rel=\"nofollow noopener\" target=\"_blank\">Winnetou<\/a> half. Mit seinem Tod endet endg\u00fcltig ein Kapitel Filmgeschichte. Die bekannten Helden aus \u201eWinnetou 1\u201c sind nun alle gegangen. Zur\u00fcck bleibt nur die Erinnerung \u2013 an staubige Trails, knallende Colts und einen treuen Gef\u00e4hrten namens Will Parker in seinem knallroten Outfit.<\/p>\n","protected":false},"excerpt":{"rendered":"TTS-Player \u00fcberspringen\u21b5Artikel weiterlesen Pula (Kroatien) \u2013\u00a0Die Karl-May-Welt trauert \u2013 schon wieder. Denn jetzt ist auch ER gegangen: Husein&hellip;\n","protected":false},"author":2,"featured_media":950365,"comment_status":"","ping_status":"","sticky":false,"template":"","format":"standard","meta":{"footnotes":"","_share_on_mastodon":"0"},"categories":[155],"tags":[157793,29,214,30,9039,157794,138370,45,215,32311,49757],"class_list":["post-950364","post","type-post","status-publish","format-standard","has-post-thumbnail","category-unterhaltung","tag-brice-pierre","tag-deutschland","tag-entertainment","tag-germany","tag-indianer","tag-may-karl","tag-team-first","tag-texttospeech","tag-unterhaltung","tag-western","tag-winnetou"],"share_on_mastodon":{"url":"https:\/\/pubeurope.com\/@de\/116414869377080096","error":""},"_links":{"self":[{"href":"https:\/\/www.europesays.com\/de\/wp-json\/wp\/v2\/posts\/950364","targetHints":{"allow":["GET"]}}],"collection":[{"href":"https:\/\/www.europesays.com\/de\/wp-json\/wp\/v2\/posts"}],"about":[{"href":"https:\/\/www.europesays.com\/de\/wp-json\/wp\/v2\/types\/post"}],"author":[{"embeddable":true,"href":"https:\/\/www.europesays.com\/de\/wp-json\/wp\/v2\/users\/2"}],"replies":[{"embeddable":true,"href":"https:\/\/www.europesays.com\/de\/wp-json\/wp\/v2\/comments?post=950364"}],"version-history":[{"count":0,"href":"https:\/\/www.europesays.com\/de\/wp-json\/wp\/v2\/posts\/950364\/revisions"}],"wp:featuredmedia":[{"embeddable":true,"href":"https:\/\/www.europesays.com\/de\/wp-json\/wp\/v2\/media\/950365"}],"wp:attachment":[{"href":"https:\/\/www.europesays.com\/de\/wp-json\/wp\/v2\/media?parent=950364"}],"wp:term":[{"taxonomy":"category","embeddable":true,"href":"https:\/\/www.europesays.com\/de\/wp-json\/wp\/v2\/categories?post=950364"},{"taxonomy":"post_tag","embeddable":true,"href":"https:\/\/www.europesays.com\/de\/wp-json\/wp\/v2\/tags?post=950364"}],"curies":[{"name":"wp","href":"https:\/\/api.w.org\/{rel}","templated":true}]}}