{"id":950403,"date":"2026-04-16T14:50:20","date_gmt":"2026-04-16T14:50:20","guid":{"rendered":"https:\/\/www.europesays.com\/de\/950403\/"},"modified":"2026-04-16T14:50:20","modified_gmt":"2026-04-16T14:50:20","slug":"versteigerung-in-verl-ein-fest-fuer-schnaeppchenjaeger","status":"publish","type":"post","link":"https:\/\/www.europesays.com\/de\/950403\/","title":{"rendered":"Versteigerung in Verl &#8211; ein Fest f\u00fcr Schn\u00e4ppchenj\u00e4ger"},"content":{"rendered":"<p>Drei, zwei, eins &#8211; meins. Das Verler Fundb\u00fcro r\u00e4umt sein Lager. Auf der Versteigerung am Bauhof darf nach Herzenslust mitgeboten werden.<\/p>\n<p>Verl (gl) &#8211; Wer auf Schn\u00e4ppchenjagd ist, sollte sich Freitag, 8. Mai, vormerken: Dann findet am Bauhof (Ewersweg 5) die traditionelle Fundsachenversteigerung der Stadt Verl statt. Ab 13 Uhr k\u00f6nnen die Gegenst\u00e4nde begutachtet werden, ab 14 Uhr beginnt das Bieten.\u00a0<\/p>\n<p>Unter den sprichw\u00f6rtlichen Hammer kommen zahlreiche Fahrr\u00e4der, darunter Damen- und Herrenr\u00e4der, vier Trekkingr\u00e4der, sieben Mountainbikes, zwei Hollandr\u00e4der, je ein Kinder- und Jugendrad, ein Roller, vier Kinderlaufr\u00e4der, ein E-Bike und ein Rennrad. Zudem k\u00f6nnen vielf\u00e4ltige Armbanduhren, Armb\u00e4nder, eine Kette sowie ein Navigationsger\u00e4t ersteigert werden.\u00a0<\/p>\n<p><b>Der Zuschlag erfolgt jeweils nach dem H\u00f6chstgebot. Die Bezahlung muss bar erfolgen.<\/b><\/p>\n<p>Texte und Fotos von die-glocke.de sind urheberrechtlich gesch\u00fctzt.<br \/>\n            Weiterverwendung nur mit Genehmigung der Chefredaktion.<\/p>\n","protected":false},"excerpt":{"rendered":"Drei, zwei, eins &#8211; meins. Das Verler Fundb\u00fcro r\u00e4umt sein Lager. Auf der Versteigerung am Bauhof darf nach&hellip;\n","protected":false},"author":2,"featured_media":950404,"comment_status":"","ping_status":"","sticky":false,"template":"","format":"standard","meta":{"footnotes":"","_share_on_mastodon":"0"},"categories":[1841],"tags":[20998,2977,1605,3364,29,206859,30,1209,22800],"class_list":["post-950403","post","type-post","status-publish","format-standard","has-post-thumbnail","category-bielefeld","tag-fundsachen","tag-auktion","tag-bielefeld","tag-de","tag-deutschland","tag-fundbuero-verl","tag-germany","tag-nordrhein-westfalen","tag-versteigerung"],"share_on_mastodon":{"url":"https:\/\/pubeurope.com\/@de\/116414947748414999","error":""},"_links":{"self":[{"href":"https:\/\/www.europesays.com\/de\/wp-json\/wp\/v2\/posts\/950403","targetHints":{"allow":["GET"]}}],"collection":[{"href":"https:\/\/www.europesays.com\/de\/wp-json\/wp\/v2\/posts"}],"about":[{"href":"https:\/\/www.europesays.com\/de\/wp-json\/wp\/v2\/types\/post"}],"author":[{"embeddable":true,"href":"https:\/\/www.europesays.com\/de\/wp-json\/wp\/v2\/users\/2"}],"replies":[{"embeddable":true,"href":"https:\/\/www.europesays.com\/de\/wp-json\/wp\/v2\/comments?post=950403"}],"version-history":[{"count":0,"href":"https:\/\/www.europesays.com\/de\/wp-json\/wp\/v2\/posts\/950403\/revisions"}],"wp:featuredmedia":[{"embeddable":true,"href":"https:\/\/www.europesays.com\/de\/wp-json\/wp\/v2\/media\/950404"}],"wp:attachment":[{"href":"https:\/\/www.europesays.com\/de\/wp-json\/wp\/v2\/media?parent=950403"}],"wp:term":[{"taxonomy":"category","embeddable":true,"href":"https:\/\/www.europesays.com\/de\/wp-json\/wp\/v2\/categories?post=950403"},{"taxonomy":"post_tag","embeddable":true,"href":"https:\/\/www.europesays.com\/de\/wp-json\/wp\/v2\/tags?post=950403"}],"curies":[{"name":"wp","href":"https:\/\/api.w.org\/{rel}","templated":true}]}}