{"id":950687,"date":"2026-04-16T17:32:26","date_gmt":"2026-04-16T17:32:26","guid":{"rendered":"https:\/\/www.europesays.com\/de\/950687\/"},"modified":"2026-04-16T17:32:26","modified_gmt":"2026-04-16T17:32:26","slug":"dlr-erweitert-standort-in-kiel-mietvertrag-unterzeichnet","status":"publish","type":"post","link":"https:\/\/www.europesays.com\/de\/950687\/","title":{"rendered":"DLR erweitert Standort in Kiel: Mietvertrag unterzeichnet"},"content":{"rendered":"<p>\n                Stand: 16.04.2026 17:11 Uhr<\/p>\n<p>                    <a href=\"https:\/\/www.europesays.com\/de\/wp-content\/uploads\/2026\/04\/alternativeantriebe-102.webp.webp\" class=\"zoomimage\" title=\"Bild vergr\u00f6\u00dfern\"><\/p>\n<p>        <img decoding=\"async\" src=\"https:\/\/www.europesays.com\/de\/wp-content\/uploads\/2026\/04\/alternativeantriebe-102.webp.webp\" alt=\"Ein Schiff des DLR.\" title=\"Auf diesem seeg\u00e4ngigen Technologieplattform genannten Schiff will das DLR verschiedene Antriebsarten testen. | DLR (CC BY-NC-ND 3.0)\" class=\"responsive\" loading=\"lazy\"\/><\/p>\n<p>                    <\/a><\/p>\n<p>                    Auf diesem seeg\u00e4ngigen Technologieplattform genannten Schiff will das DLR verschiedene Antriebsarten testen.<\/p>\n<p class=\"\">Das Institut f\u00fcr Maritime Technologie und Antriebssysteme des Deutschen Zentrums f\u00fcr Luft und Raumfahrt (DLR) wird sich in <a href=\"https:\/\/www.ndr.de\/nachrichten\/schleswig-holstein\/Kiel-Aktuelle-Nachrichten-News-und-Videos,kiel7262.html\" title=\"Kiel - Aktuelle Nachrichten und Videos\" rel=\"nofollow noopener\" target=\"_blank\">Kiel<\/a> nach eigenen Angaben vergr\u00f6\u00dfern. Der Mietvertrag sei demnach bereits unterzeichnet. Die Forschungseinheit plant, noch in diesem Sommer auf dem ehemaligen MaK-Gel\u00e4nde im Kieler Stadtteil Friedrichsort die neuen Arbeitspl\u00e4tze zu beziehen, sagt das DLR. Laut Direktor S\u00f6ren Ehlers ist der Standort so besonders, weil es Platz f\u00fcr Forschung und B\u00fcrofl\u00e4chen und einen Wasserzugang gibt. Ziel ist es, k\u00fcnftig in Kiel klimaneutrale Schiffsantriebe zu erforschen und zu entwickeln.<\/p>\n<p class=\"\">Wie im vergangenen Februar berichtet, baut die Flensburger Schiffsbau-Gesellschaft (FSG) in <a href=\"https:\/\/www.ndr.de\/nachrichten\/schleswig-holstein\/Flensburg-Nachrichten-Hintergruende-und-Videos,flensburg6034.html\" title=\"Flensburg - Aktuelle Nachrichten und Videos\" rel=\"nofollow noopener\" target=\"_blank\">Flensburg<\/a> im Auftrag des DLR derzeit <a href=\"https:\/\/www.ndr.de\/nachrichten\/schleswig-holstein\/wasserstoff-und-akku-kiel-wird-testfeld-fuer-klimaneutrale-schiffe,schifffahrt-106.html\" title=\"Wasserstoff und Akku: Kiel wird Testfeld f\u00fcr klimaneutrale Schiffe\" rel=\"nofollow noopener\" target=\"_blank\">f\u00fcr den neuen Standort in Kiel bereits eine Technologie-Plattform<\/a> &#8211; ein Schiff, das mit verschiedenen Antriebsformen ausger\u00fcstet werden kann.<\/p>\n","protected":false},"excerpt":{"rendered":"Stand: 16.04.2026 17:11 Uhr Auf diesem seeg\u00e4ngigen Technologieplattform genannten Schiff will das DLR verschiedene Antriebsarten testen. Das Institut&hellip;\n","protected":false},"author":2,"featured_media":950688,"comment_status":"","ping_status":"","sticky":false,"template":"","format":"standard","meta":{"footnotes":"","_share_on_mastodon":"0"},"categories":[1852],"tags":[3364,29,8912,548,663,3934,2085,30,13,5198,4949,14,15,19520,5226,12,1971],"class_list":["post-950687","post","type-post","status-publish","format-standard","has-post-thumbnail","category-kiel","tag-de","tag-deutschland","tag-dlr","tag-eu","tag-europa","tag-europe","tag-flensburg","tag-germany","tag-headlines","tag-institut","tag-kiel","tag-nachrichten","tag-news","tag-schiffbau","tag-schifffahrt","tag-schlagzeilen","tag-schleswig-holstein"],"share_on_mastodon":{"url":"https:\/\/pubeurope.com\/@de\/116415584972446423","error":""},"_links":{"self":[{"href":"https:\/\/www.europesays.com\/de\/wp-json\/wp\/v2\/posts\/950687","targetHints":{"allow":["GET"]}}],"collection":[{"href":"https:\/\/www.europesays.com\/de\/wp-json\/wp\/v2\/posts"}],"about":[{"href":"https:\/\/www.europesays.com\/de\/wp-json\/wp\/v2\/types\/post"}],"author":[{"embeddable":true,"href":"https:\/\/www.europesays.com\/de\/wp-json\/wp\/v2\/users\/2"}],"replies":[{"embeddable":true,"href":"https:\/\/www.europesays.com\/de\/wp-json\/wp\/v2\/comments?post=950687"}],"version-history":[{"count":0,"href":"https:\/\/www.europesays.com\/de\/wp-json\/wp\/v2\/posts\/950687\/revisions"}],"wp:featuredmedia":[{"embeddable":true,"href":"https:\/\/www.europesays.com\/de\/wp-json\/wp\/v2\/media\/950688"}],"wp:attachment":[{"href":"https:\/\/www.europesays.com\/de\/wp-json\/wp\/v2\/media?parent=950687"}],"wp:term":[{"taxonomy":"category","embeddable":true,"href":"https:\/\/www.europesays.com\/de\/wp-json\/wp\/v2\/categories?post=950687"},{"taxonomy":"post_tag","embeddable":true,"href":"https:\/\/www.europesays.com\/de\/wp-json\/wp\/v2\/tags?post=950687"}],"curies":[{"name":"wp","href":"https:\/\/api.w.org\/{rel}","templated":true}]}}