{"id":950734,"date":"2026-04-16T17:57:28","date_gmt":"2026-04-16T17:57:28","guid":{"rendered":"https:\/\/www.europesays.com\/de\/950734\/"},"modified":"2026-04-16T17:57:28","modified_gmt":"2026-04-16T17:57:28","slug":"eu-genehmigt-staatliche-milliardenhilfe-fuer-industriestrom-in-deutschland","status":"publish","type":"post","link":"https:\/\/www.europesays.com\/de\/950734\/","title":{"rendered":"EU genehmigt staatliche Milliardenhilfe f\u00fcr Industriestrom in Deutschland"},"content":{"rendered":"<p>\t\t\t\t\t\t\t\t\t\t\t\t\t<a href=\"https:\/\/www.iwr.de\/ticker\/images\/8178\/EU-Kommission_Flagge_flag_EU.jpg\" target=\"_blank\" class=\"portal-ticker-detail-image\" rel=\"nofollow noopener\"><img decoding=\"async\" loading=\"lazy\" align=\"left\" style=\"margin-right: 10px; margin-bottom: 7px; margin-top: 7px;\" src=\"https:\/\/www.europesays.com\/de\/wp-content\/uploads\/2026\/04\/bruessel-erlaubt-deutsche-stromsubventionen-thumb.jpg\" alt=\"\u00a9 EU Kommission\"\/>\u00a9 EU Kommission<\/a><\/p>\n<p>Br\u00fcssel &#8211; Die EU Kommission hat ein milliardenschweres F\u00f6rderprogramm f\u00fcr die deutsche Industrie gebilligt. Br\u00fcssel gab am Donnerstag gr\u00fcnes Licht f\u00fcr staatliche Beihilfen in H\u00f6he von rund 3,8 Milliarden Euro, mit denen energieintensive Unternehmen bei ihren Stromkosten entlastet werden sollen.<\/p>\n<p>Das Programm richtet sich insbesondere an Unternehmen aus Branchen wie Chemie, Stahl und Zement, die im internationalen Wettbewerb stark von Energiepreisen abh\u00e4ngig sind. Ziel ist es, eine Abwanderung von Produktion in L\u00e4nder mit niedrigeren Kosten zu verhindern und gleichzeitig den Umbau hin zu klimaneutraler Industrie zu unterst\u00fctzen.<\/p>\n<p>Die F\u00f6rderung ist auf den Zeitraum von 2026 bis 2028 ausgelegt. Unternehmen k\u00f6nnen die Hilfen jeweils nachtr\u00e4glich beantragen, sobald ihre tats\u00e4chlichen Stromverbrauchs- und Preisdaten vorliegen. Der effektive Strompreis f\u00fcr gef\u00f6rderte Unternehmen darf dabei nicht unter 50 Euro pro Megawattstunde sinken. Zudem m\u00fcssen mindestens 50 Prozent der erhaltenen Unterst\u00fctzung in Dekarbonisierung oder Modernisierung investiert werden, w\u00e4hrend der Einsatz fossiler Energien nicht erh\u00f6ht werden darf. Ziel der Vorgaben ist die Senkung langfristiger Systemkosten sowie die F\u00f6rderung klimafreundlicher Produktion.<\/p>\n<p>Auch Programme in Bulgarien und Slowenien wurden im gleichen Beschluss von der Kommission genehmigt, allerdings in deutlich geringerem Umfang.<\/p>\n<p>Die Entscheidung ist Teil der europ\u00e4ischen Industriepolitik im Rahmen des sogenannten \u201eClean Industrial Deal\u201c, mit dem die EU ihre Industrie im globalen Standortwettbewerb st\u00e4rken und gleichzeitig ihre Klimaziele absichern will.\t<\/p>\n<p>\n\t\t\t\t\t\t\t\u00a9 IWR, 2026\t\t\t\t\t\t<\/p>\n<p>\t\t\t\t\t\t\t<img decoding=\"async\" loading=\"lazy\" src=\"https:\/\/www.iwr.de\/assets\/images\/share.svg\" style=\"margin-right: 10px;\"\/><br \/>\n\t\t\t\t\t\t\tArtikel teilen \/ merken<\/p>\n<p style=\"margin-top:15px;\">\n\t\t\t\t\t\t\t16.04.2026\t\t\t\t\t\t<\/p>\n","protected":false},"excerpt":{"rendered":"\u00a9 EU Kommission Br\u00fcssel &#8211; Die EU Kommission hat ein milliardenschweres F\u00f6rderprogramm f\u00fcr die deutsche Industrie gebilligt. Br\u00fcssel&hellip;\n","protected":false},"author":2,"featured_media":950735,"comment_status":"","ping_status":"","sticky":false,"template":"","format":"standard","meta":{"footnotes":"","_share_on_mastodon":"0"},"categories":[3933],"tags":[331,332,1149,2186,548,663,158,3934,3935,45817,13,1548,14,15,12,2185,96758,96759,2166],"class_list":["post-950734","post","type-post","status-publish","format-standard","has-post-thumbnail","category-eu","tag-aktuelle-nachrichten","tag-aktuelle-news","tag-energie","tag-energiewirtschaft","tag-eu","tag-europa","tag-europaeische-union","tag-europe","tag-european-union","tag-firmen","tag-headlines","tag-klimaschutz","tag-nachrichten","tag-news","tag-schlagzeilen","tag-strom","tag-strom-mix","tag-treibstoffe","tag-waerme"],"share_on_mastodon":{"url":"https:\/\/pubeurope.com\/@de\/116415684267295075","error":""},"_links":{"self":[{"href":"https:\/\/www.europesays.com\/de\/wp-json\/wp\/v2\/posts\/950734","targetHints":{"allow":["GET"]}}],"collection":[{"href":"https:\/\/www.europesays.com\/de\/wp-json\/wp\/v2\/posts"}],"about":[{"href":"https:\/\/www.europesays.com\/de\/wp-json\/wp\/v2\/types\/post"}],"author":[{"embeddable":true,"href":"https:\/\/www.europesays.com\/de\/wp-json\/wp\/v2\/users\/2"}],"replies":[{"embeddable":true,"href":"https:\/\/www.europesays.com\/de\/wp-json\/wp\/v2\/comments?post=950734"}],"version-history":[{"count":0,"href":"https:\/\/www.europesays.com\/de\/wp-json\/wp\/v2\/posts\/950734\/revisions"}],"wp:featuredmedia":[{"embeddable":true,"href":"https:\/\/www.europesays.com\/de\/wp-json\/wp\/v2\/media\/950735"}],"wp:attachment":[{"href":"https:\/\/www.europesays.com\/de\/wp-json\/wp\/v2\/media?parent=950734"}],"wp:term":[{"taxonomy":"category","embeddable":true,"href":"https:\/\/www.europesays.com\/de\/wp-json\/wp\/v2\/categories?post=950734"},{"taxonomy":"post_tag","embeddable":true,"href":"https:\/\/www.europesays.com\/de\/wp-json\/wp\/v2\/tags?post=950734"}],"curies":[{"name":"wp","href":"https:\/\/api.w.org\/{rel}","templated":true}]}}