{"id":950738,"date":"2026-04-16T17:59:29","date_gmt":"2026-04-16T17:59:29","guid":{"rendered":"https:\/\/www.europesays.com\/de\/950738\/"},"modified":"2026-04-16T17:59:29","modified_gmt":"2026-04-16T17:59:29","slug":"boris-becker-macht-klare-ansage-zu-olympia-in-deutschland","status":"publish","type":"post","link":"https:\/\/www.europesays.com\/de\/950738\/","title":{"rendered":"Boris Becker macht klare Ansage zu Olympia in Deutschland"},"content":{"rendered":"\n<p>Tennislegende und Doppel-Olympiasieger Boris Becker hat sich deutlich f\u00fcr eine deutsche Bewerbung um die Sommerspiele 2036, 2040 oder 2044 ausgesprochen. Bei einer Veranstaltung in der Hamburger Handelskammer verwies der sechsmalige Grand-Slam-Sieger dabei vor allem auf die seiner Meinung nach positiven Aspekte Olympischer Spiele f\u00fcr die jeweiligen Ausrichterst\u00e4dte.<\/p>\n<p>Becker: London erlebte durch Olympische Spiele &#8222;Wiedergeburt&#8220;<\/p>\n<p>Er nannte unter anderem London als Beispiel, die britische Metropole habe durch Olympische Spiele eine &#8222;Wiedergeburt&#8220; erlebt. &#8222;London ist eine der beliebtesten St\u00e4dte der Welt geworden, weil einfach so viel Geld investiert wurde in die Infrastruktur&#8220;, sagte Becker. \u00c4hnlich \u00e4u\u00dferte sich der 58-J\u00e4hrige auch \u00fcber Paris, das er noch nie so wundervoll, sicher und aufger\u00e4umt empfunden habe.<\/p>\n<p>Zu Beginn des Gespr\u00e4chs hatte Becker deshalb gesagt: &#8222;W\u00e4re ich Hamburger, w\u00e4re ich motiviert, f\u00fcr Hamburg zu stimmen.&#8220; Am 31. Mai k\u00f6nnen B\u00fcrgerinnen und B\u00fcrger der Hansestadt \u00fcber die Bewerbung Hamburgs als m\u00f6glicher Austragungsort der Spiele 2036, 2040 oder 2044 entscheiden. &#8222;Das ist die gr\u00f6\u00dfte Chance f\u00fcr die Stadt, Internationalit\u00e4t und ausl\u00e4ndische Investoren zu bekommen&#8220;, sagte Becker. Parallel bewerben sich in Deutschland auch M\u00fcnchen, Berlin und die Rhein-Ruhr-Region um Olympische und Paralympische Spiele.<\/p>\n<p>\t\tErinnerungen an den Doppel-Triumph mit Stich in Barcelona 1992<\/p>\n<p>Becker blickte im Gespr\u00e4ch dann auch auf die Olympischen Spiele in Barcelona zur\u00fcck, bei denen er an der Seite des Hamburgers Michael Stich 1992 Gold im Doppel gewonnen habe. \u00dcber das damals angespannte Verh\u00e4ltnis zu seinem Rivalen sagte er: &#8222;Wir konnten uns schlicht und ergreifend nicht riechen.&#8220;<\/p>\n<p>Der fr\u00fchere deutsche Davis Cup-Kapit\u00e4n und mittlerweile verstorbene Niki Pilic habe es dann geschafft, beide vor dem Halbfinale zur Seite zu nehmen, &#8222;denn bis dahin haben wir nicht miteinander geredet&#8220;. Seit dem Triumph aber warte er immer noch auf das danach geplante gemeinsame Abendessen, scherzte Becker.<\/p>\n","protected":false},"excerpt":{"rendered":"Tennislegende und Doppel-Olympiasieger Boris Becker hat sich deutlich f\u00fcr eine deutsche Bewerbung um die Sommerspiele 2036, 2040 oder&hellip;\n","protected":false},"author":2,"featured_media":950739,"comment_status":"","ping_status":"","sticky":false,"template":"","format":"standard","meta":{"footnotes":"","_share_on_mastodon":"0"},"categories":[2],"tags":[331,3924,332,3922,5790,3364,29,30,13,14,3923,15,3921,13025,12,863,4206],"class_list":["post-950738","post","type-post","status-publish","format-standard","has-post-thumbnail","category-deutschland","tag-aktuelle-nachrichten","tag-aktuelle-nachrichten-aus-deutschland","tag-aktuelle-news","tag-aktuelle-news-aus-deutschland","tag-boris-becker","tag-de","tag-deutschland","tag-germany","tag-headlines","tag-nachrichten","tag-nachrichten-aus-deutschland","tag-news","tag-news-aus-deutschland","tag-olympische-spiele","tag-schlagzeilen","tag-sport-allgemein","tag-tennis"],"share_on_mastodon":{"url":"https:\/\/pubeurope.com\/@de\/116415691784334133","error":""},"_links":{"self":[{"href":"https:\/\/www.europesays.com\/de\/wp-json\/wp\/v2\/posts\/950738","targetHints":{"allow":["GET"]}}],"collection":[{"href":"https:\/\/www.europesays.com\/de\/wp-json\/wp\/v2\/posts"}],"about":[{"href":"https:\/\/www.europesays.com\/de\/wp-json\/wp\/v2\/types\/post"}],"author":[{"embeddable":true,"href":"https:\/\/www.europesays.com\/de\/wp-json\/wp\/v2\/users\/2"}],"replies":[{"embeddable":true,"href":"https:\/\/www.europesays.com\/de\/wp-json\/wp\/v2\/comments?post=950738"}],"version-history":[{"count":0,"href":"https:\/\/www.europesays.com\/de\/wp-json\/wp\/v2\/posts\/950738\/revisions"}],"wp:featuredmedia":[{"embeddable":true,"href":"https:\/\/www.europesays.com\/de\/wp-json\/wp\/v2\/media\/950739"}],"wp:attachment":[{"href":"https:\/\/www.europesays.com\/de\/wp-json\/wp\/v2\/media?parent=950738"}],"wp:term":[{"taxonomy":"category","embeddable":true,"href":"https:\/\/www.europesays.com\/de\/wp-json\/wp\/v2\/categories?post=950738"},{"taxonomy":"post_tag","embeddable":true,"href":"https:\/\/www.europesays.com\/de\/wp-json\/wp\/v2\/tags?post=950738"}],"curies":[{"name":"wp","href":"https:\/\/api.w.org\/{rel}","templated":true}]}}