{"id":950842,"date":"2026-04-16T18:57:36","date_gmt":"2026-04-16T18:57:36","guid":{"rendered":"https:\/\/www.europesays.com\/de\/950842\/"},"modified":"2026-04-16T18:57:36","modified_gmt":"2026-04-16T18:57:36","slug":"physiotherapie-und-osteopathie-im-bewegungsraum-gladbeck","status":"publish","type":"post","link":"https:\/\/www.europesays.com\/de\/950842\/","title":{"rendered":"Physiotherapie und Osteopathie im BewegungsRaum Gladbeck"},"content":{"rendered":"<p><a title=\"Massageliege im BewegungsRaum\" href=\"https:\/\/neue-gladbecker-zeitung.de\/physiotherapie-und-massage-im-bewegungsraum-gladbeck\/massageliege-im-bewegungsraum_ergebnis\/\" rel=\"nofollow noopener\" target=\"_blank\"><img fetchpriority=\"high\" width=\"678\" height=\"381\" src=\"https:\/\/www.europesays.com\/de\/wp-content\/uploads\/2026\/04\/Massageliege-im-Bewegungsraum_ergebnis.webp.webp\" class=\"attachment-mh-magazine-content size-mh-magazine-content wp-post-image\" alt=\"Physiotherapie und Massage im BewegungsRaum\" title=\"Massageliege im BewegungsRaum\" loading=\"eager\" decoding=\"async\"  \/><\/a><br \/>\nBlick in die Physiotherapiepraxis BewegungsRaum Gladbeck, Foto: Lukas Zahn<\/p>\n<p>Lukas Zahn sorgt f\u00fcr mehr Bewegung<\/p>\n<p><strong>Gladbeck \u2013 16.04.2026 \u2013 Physiotherapie<\/strong> \u2013\u00a0Am 01.04.2026 hat Lukas Zahn seine Physiotherapiepraxis <strong><a style=\"color: #ff0000;\" href=\"https:\/\/www.instagram.com\/reels\/DWOwswyExoV\/\" target=\"_blank\" rel=\"noopener nofollow\">BewegungsRaum Gladbeck<\/a><\/strong> (Link zu Instagram) auf der Dorstener Stra\u00dfe 14 in Zweckel er\u00f6ffnet. Sein Angebot umfasst: Massage, Krankengymnastik, CMD-Behandlungen, W\u00e4rmetherapie und ab Anfang Juli Krankengymnastik am Ger\u00e4t.<\/p>\n<p>Der Name \u201eBewegungsRaum\u201c steht f\u00fcr sein Konzept: Lukas Zahn hat einen einladenden Raum geschaffen, in dem Menschen aller Altersgruppen wieder mehr Bewegung in ihren Alltag bringen \u2013 ob nach Verletzungen, Operationen, bei R\u00fcckenschmerzen, zur Pr\u00e4vention oder f\u00fcr mehr Lebensqualit\u00e4t im Alltag.<\/p>\n<p>Die NGZ-News aus Gladbeck immer sofort auf das Handy?<br \/>Dann abonniere kostenlos den <a style=\"color: #ff0000;\" href=\"https:\/\/whatsapp.com\/channel\/0029VaAJZdH8F2pIH21PF72X\" target=\"_blank\" rel=\"noopener nofollow\">WhatsApp-Kanal<\/a><br \/>\nDie Gladbecker Zusammenfassung des Tages der NGZ?<br \/>Dann abonniere den kostenlosen <a href=\"https:\/\/neue-gladbecker-zeitung.de\/newsletter-2\/\" target=\"_blank\" rel=\"noopener nofollow\"><strong>Newsletter<\/strong><\/a><br \/>\nFolgen Sie uns auf Facebook: <strong><a style=\"color: #ff0000;\" href=\"https:\/\/www.facebook.com\/NeueGladbeckerZeitung\/\" target=\"_blank\" rel=\"noopener nofollow\">NeueGladbeckerZeitung<\/a><\/strong><\/p>\n<p>Seit 15 Jahren ist er Physiotherapeut und hat zuvor in verschiedenen Praxen\/Kliniken in <strong><a style=\"color: #ff0000;\" href=\"https:\/\/www.gladbeck.de\" target=\"_blank\" rel=\"noopener nofollow\">Gladbeck<\/a><\/strong> und Umgebung gearbeitet. Neben der Physiotherapie hat Lukas Zahn eine Ausbildung zum <strong><a style=\"color: #ff0000;\" href=\"https:\/\/still-academy.de\/\" target=\"_blank\" rel=\"noopener nofollow\">Osteopathen an der Still Academy<\/a><\/strong> absolviert, sowie Fachweiterbildungen f\u00fcr CMD-Behandlungen und Krankengymnastik am Ger\u00e4t.<\/p>\n<p>Seine neue Praxis ist modern und barrierefrei eingerichtet, mit viel Platz f\u00fcr aktive \u00dcbungen und individuell abgestimmte Behandlungen.\u00a0Dem Physiotherapeut ist es wichtig, dass Patienten sich wohlf\u00fchlen und motiviert werden, selbst aktiv zu werden.<\/p>\n<p>F\u00fcr \u201ealte Zweckeler\u201c: die Praxis befindet sich im Geb\u00e4ude der ehemaligen Gastst\u00e4tte Bertlich.<\/p>\n<p>Sie erreichen die Praxis unter <strong>Tel. 02043\/9465339<\/strong><\/p>\n<p><a style=\"color: #ff0000;\" href=\"https:\/\/neue-gladbecker-zeitung.de\" rel=\"nofollow noopener\" target=\"_blank\">Zur Startseite<\/a><\/p>\n<p>\t<script async src=\"\/\/www.instagram.com\/embed.js\"><\/script><\/p>\n","protected":false},"excerpt":{"rendered":"Blick in die Physiotherapiepraxis BewegungsRaum Gladbeck, Foto: Lukas Zahn Lukas Zahn sorgt f\u00fcr mehr Bewegung Gladbeck \u2013 16.04.2026&hellip;\n","protected":false},"author":2,"featured_media":950843,"comment_status":"","ping_status":"","sticky":false,"template":"","format":"standard","meta":{"footnotes":"","_share_on_mastodon":"0"},"categories":[1848],"tags":[206926,3364,29,548,663,3934,3658,30,17275,13,206927,14,15,1209,54463,12,30672],"class_list":["post-950842","post","type-post","status-publish","format-standard","has-post-thumbnail","category-gelsenkirchen","tag-bewegungsraum","tag-de","tag-deutschland","tag-eu","tag-europa","tag-europe","tag-gelsenkirchen","tag-germany","tag-gladbeck","tag-headlines","tag-lukas-zahn","tag-nachrichten","tag-news","tag-nordrhein-westfalen","tag-physiotherapie","tag-schlagzeilen","tag-zweckel"],"share_on_mastodon":{"url":"https:\/\/pubeurope.com\/@de\/116415919186473015","error":""},"_links":{"self":[{"href":"https:\/\/www.europesays.com\/de\/wp-json\/wp\/v2\/posts\/950842","targetHints":{"allow":["GET"]}}],"collection":[{"href":"https:\/\/www.europesays.com\/de\/wp-json\/wp\/v2\/posts"}],"about":[{"href":"https:\/\/www.europesays.com\/de\/wp-json\/wp\/v2\/types\/post"}],"author":[{"embeddable":true,"href":"https:\/\/www.europesays.com\/de\/wp-json\/wp\/v2\/users\/2"}],"replies":[{"embeddable":true,"href":"https:\/\/www.europesays.com\/de\/wp-json\/wp\/v2\/comments?post=950842"}],"version-history":[{"count":0,"href":"https:\/\/www.europesays.com\/de\/wp-json\/wp\/v2\/posts\/950842\/revisions"}],"wp:featuredmedia":[{"embeddable":true,"href":"https:\/\/www.europesays.com\/de\/wp-json\/wp\/v2\/media\/950843"}],"wp:attachment":[{"href":"https:\/\/www.europesays.com\/de\/wp-json\/wp\/v2\/media?parent=950842"}],"wp:term":[{"taxonomy":"category","embeddable":true,"href":"https:\/\/www.europesays.com\/de\/wp-json\/wp\/v2\/categories?post=950842"},{"taxonomy":"post_tag","embeddable":true,"href":"https:\/\/www.europesays.com\/de\/wp-json\/wp\/v2\/tags?post=950842"}],"curies":[{"name":"wp","href":"https:\/\/api.w.org\/{rel}","templated":true}]}}