{"id":950903,"date":"2026-04-16T19:31:44","date_gmt":"2026-04-16T19:31:44","guid":{"rendered":"https:\/\/www.europesays.com\/de\/950903\/"},"modified":"2026-04-16T19:31:44","modified_gmt":"2026-04-16T19:31:44","slug":"vollsperrung-der-tunnel-am-wochenende","status":"publish","type":"post","link":"https:\/\/www.europesays.com\/de\/950903\/","title":{"rendered":"Vollsperrung der Tunnel am Wochenende"},"content":{"rendered":"<p>Wegen Reinigungsarbeiten wird die Tunnelkette der A17 zwischen Cosch\u00fctz, D\u00f6lzschen und Altfranken f\u00fcr rund 18 Stunden in beiden Richtungen gesperrt. Umleitungen sind eingerichtet.<\/p>\n<p>Auf der A17 kommt es am Wochenende zu einer Vollsperrung der Tunnelkette Cosch\u00fctz, D\u00f6lzschen und Altfranken. Wie die zust\u00e4ndigen Stellen mitteilten, werden die Tunnel in beiden Fahrtrichtungen von Samstag, 18. April 2026, 20:00 Uhr, bis Sonntag, 19. April 2026, 14:00 Uhr, vollst\u00e4ndig gesperrt.<\/p>\n<p>Grund f\u00fcr die Ma\u00dfnahme sind geplante Reinigungs- und Wartungsarbeiten innerhalb der Tunnelanlagen. W\u00e4hrend der Sperrzeit wird der Verkehr gro\u00dfr\u00e4umig umgeleitet. In Fahrtrichtung Dresden erfolgt die Umleitung ab der Anschlussstelle Dresden-S\u00fcdvorstadt \u00fcber die ausgeschilderte Route U16 zur Anschlussstelle Dresden-Gorbitz.<\/p>\n<p>In der Gegenrichtung Richtung Prag wird der Verkehr ab der Anschlussstelle Dresden-Gorbitz \u00fcber die Umleitungsstrecke U15 zur Anschlussstelle Dresden-S\u00fcdvorstadt gef\u00fchrt. Die Verkehrsbeh\u00f6rden weisen darauf hin, dass es w\u00e4hrend der Sperrung zu Verkehrsverlagerungen und m\u00f6glichen Verz\u00f6gerungen im Stadtgebiet kommen kann.<\/p>\n<p>Verkehrsteilnehmer werden gebeten, den Bereich weitr\u00e4umig zu umfahren und die ausgeschilderten Umleitungen zu beachten. Nach Abschluss der Arbeiten soll die Tunnelkette planm\u00e4\u00dfig am Sonntagnachmittag wieder f\u00fcr den Verkehr freigegeben werden.<\/p>\n","protected":false},"excerpt":{"rendered":"Wegen Reinigungsarbeiten wird die Tunnelkette der A17 zwischen Cosch\u00fctz, D\u00f6lzschen und Altfranken f\u00fcr rund 18 Stunden in beiden&hellip;\n","protected":false},"author":2,"featured_media":950904,"comment_status":"","ping_status":"","sticky":false,"template":"","format":"standard","meta":{"footnotes":"","_share_on_mastodon":"0"},"categories":[1835],"tags":[25316,5543,87011,2461,80202,3364,29,2386,30,2859,859,206942,4733,206943,3043],"class_list":["post-950903","post","type-post","status-publish","format-standard","has-post-thumbnail","category-dresden","tag-a17","tag-autobahn","tag-autobahntunnel","tag-baustelle","tag-dlzschen","tag-de","tag-deutschland","tag-dresden","tag-germany","tag-prag","tag-sachsen","tag-straentunnel","tag-tunnel","tag-verkehrseinschrnkung","tag-vollsperrung"],"share_on_mastodon":{"url":"https:\/\/pubeurope.com\/@de\/116416053133482284","error":""},"_links":{"self":[{"href":"https:\/\/www.europesays.com\/de\/wp-json\/wp\/v2\/posts\/950903","targetHints":{"allow":["GET"]}}],"collection":[{"href":"https:\/\/www.europesays.com\/de\/wp-json\/wp\/v2\/posts"}],"about":[{"href":"https:\/\/www.europesays.com\/de\/wp-json\/wp\/v2\/types\/post"}],"author":[{"embeddable":true,"href":"https:\/\/www.europesays.com\/de\/wp-json\/wp\/v2\/users\/2"}],"replies":[{"embeddable":true,"href":"https:\/\/www.europesays.com\/de\/wp-json\/wp\/v2\/comments?post=950903"}],"version-history":[{"count":0,"href":"https:\/\/www.europesays.com\/de\/wp-json\/wp\/v2\/posts\/950903\/revisions"}],"wp:featuredmedia":[{"embeddable":true,"href":"https:\/\/www.europesays.com\/de\/wp-json\/wp\/v2\/media\/950904"}],"wp:attachment":[{"href":"https:\/\/www.europesays.com\/de\/wp-json\/wp\/v2\/media?parent=950903"}],"wp:term":[{"taxonomy":"category","embeddable":true,"href":"https:\/\/www.europesays.com\/de\/wp-json\/wp\/v2\/categories?post=950903"},{"taxonomy":"post_tag","embeddable":true,"href":"https:\/\/www.europesays.com\/de\/wp-json\/wp\/v2\/tags?post=950903"}],"curies":[{"name":"wp","href":"https:\/\/api.w.org\/{rel}","templated":true}]}}