{"id":951063,"date":"2026-04-16T20:57:46","date_gmt":"2026-04-16T20:57:46","guid":{"rendered":"https:\/\/www.europesays.com\/de\/951063\/"},"modified":"2026-04-16T20:57:46","modified_gmt":"2026-04-16T20:57:46","slug":"borussia-dortmund-kovac-verraet-gefaehrliche-bvb-wahrheit-sport","status":"publish","type":"post","link":"https:\/\/www.europesays.com\/de\/951063\/","title":{"rendered":"Borussia Dortmund: Kovac verr\u00e4t gef\u00e4hrliche BVB-Wahrheit | Sport"},"content":{"rendered":"<p><a class=\"skip-content skip-content--link\" href=\"#in-content-skip-link-target-v-0-0\">TTS-Player \u00fcberspringen\u21b5<\/a><a id=\"in-content-skip-link-target-v-0-0\" class=\"skip-content--target-link-hidden skip-content skip-content--target-link\" href=\"#in-content-skip-link-target-v-0-0\">Artikel weiterlesen<\/a><\/p>\n<p><b>Welche Schl\u00fcsse zieht <\/b><a href=\"https:\/\/www.bild.de\/sport\/fussball\/borussia-dortmund\/startseite-bvb-31074434.bild.html\" class=\"text-link\" rel=\"nofollow noopener\" target=\"_blank\"><b>Borussia Dortmund<\/b><\/a><b> aus dieser Trainer-Warnung?\u00a0Niko Kovac (54) sa\u00df am vergangenen Montag-Abend mit BVB-Pr\u00e4sident Hans-Joachim Watzke (66) in Reiner Calmunds (77) Talk-Format \u201eEin runder Abend mit Fu\u00dfball und Freunden.\u201c Dabei ging es auch um das spielerische Leistungs-Verm\u00f6gen der Mannschaft. Die Kritik im Umfeld: zu viel Rumpel-Fu\u00dfball trotz sehr guter Ergebniskonstanz in der Liga. Der Coach bezog dazu nun klar Stellung \u2013 durchaus ein verbaler Fingerzeig f\u00fcr die Zukunft des Klubs.<\/b><\/p>\n<p>Kovac verr\u00e4t gef\u00e4hrliche BVB-Wahrheit<\/p>\n<p>\u201eDas, was uns und den Fans vielleicht fehlt, ist vielleicht der Sancho, der Haaland, der Demb\u00e9l\u00e9, der Reus\u201c, analysierte Kovac. Und weiter: \u201eWir haben nicht mehr diese Spieler, die vielleicht der ein oder andere hier auch gerne sehen wollen w\u00fcrde, die mit den Extra-Skills. Die haben wir im Moment nicht.\u201c<\/p>\n<p>Die Zahlen geben Kovac Recht. In den vergangenen f\u00fcnf Jahren sank der Marktwert des Kaders deutlich \u2013 von 615,2 Millionen Anfang 2021 auf aktuell nur noch 498,4 Millionen Euro. Das Problem: Die Stars, die eigentlich das Potenzial haben, um Unterschiedsspieler und Aush\u00e4ngeschilder zu sein, sind derzeit weit von ihrem Top-Level entfernt. Die wenigen Beispiele sind die wechselwilligen Serhou Guirassy (29) und Karim Adeyemi (24).<\/p>\n<p>Mehr zum Thema<\/p>\n<p>Ist mit dem aktuellen Spieler-Material kein spektakul\u00e4rerer Fu\u00dfball m\u00f6glich? Die Bosse erkennen jedenfalls an, dass Kovac aus der Mannschaft das Maximum herausholt. Mit 64 Punkten nach 29 Spieltagen w\u00e4re der BVB ohne die derzeitige\u00a0\u00dcbermacht der Bayern (76 Z\u00e4hler) wohl mitten im Titelkampf. Kovac selbst sagt: \u201eAls Trainer muss man immer wieder sehen: Was hat man zur Verf\u00fcgung? Dann kann man nur das spielen, was m\u00f6glich ist.\u201c Und: \u201eDass die Mannschaft gut und erfolgreich spielt, kann uns keiner absprechen. Ich glaube, dass wir schon einen guten Job machen mit den Jungs, die wir haben. Die sind klasse. Ich bin froh, dass ich mit denen arbeiten darf. Aber wir wollen uns n\u00e4chstes Jahr auch wieder verbessern.\u201c<\/p>\n<p>Klar ist: Der Kader soll gro\u00dffl\u00e4chig <a href=\"https:\/\/www.bild.de\/sport\/fussball\/borussia-dortmund-diese-stars-will-der-bvb-wirklich-69de9c35eab662bbe2b78fb6\" class=\"text-link\" rel=\"nofollow noopener\" target=\"_blank\">umger\u00fcstet<\/a> werden. Nach BILD-Informationen nimmt die <a href=\"https:\/\/www.bild.de\/sport\/fussball\/borussia-dortmund\/startseite-bvb-31074434.bild.html\" class=\"text-link\" rel=\"nofollow noopener\" target=\"_blank\">BVB<\/a>-F\u00fchrung die Kovac-Gedanken \u00e4u\u00dferst ernst. Drei Faktoren d\u00fcrften bei den Sommer-Zug\u00e4ngen also in besonderer Art und Weise ber\u00fccksichtigt werden. Erstens: Die Mannschaft soll wieder mit Stars gest\u00e4rkt werden, die spielerisch den Unterschied ausmachen k\u00f6nnen. Zweitens: Anf\u00fchrer-Mentalit\u00e4t ist etwas, \u00fcber das der Kader aktuell nicht auf gen\u00fcgend Positionen verf\u00fcgt. Drittens: Der Klub ben\u00f6tigt Aush\u00e4ngeschilder, die vermarktbar sind und die Fans ins Stadion locken. Der zuletzt ausgepfiffene Nico Schlotterbeck (26\/neuer Vertrag bis 2031 inklusive WM-Klausel) reicht als solches allein nicht aus &#8230;<\/p>\n","protected":false},"excerpt":{"rendered":"TTS-Player \u00fcberspringen\u21b5Artikel weiterlesen Welche Schl\u00fcsse zieht Borussia Dortmund aus dieser Trainer-Warnung?\u00a0Niko Kovac (54) sa\u00df am vergangenen Montag-Abend mit&hellip;\n","protected":false},"author":2,"featured_media":951064,"comment_status":"","ping_status":"","sticky":false,"template":"","format":"standard","meta":{"footnotes":"","_share_on_mastodon":"0"},"categories":[1833],"tags":[888,3364,29,217,538,347,30,5133,134674,5131,1209,819,45,5132],"class_list":["post-951063","post","type-post","status-publish","format-standard","has-post-thumbnail","category-dortmund","tag-borussia-dortmund","tag-de","tag-deutschland","tag-dortmund","tag-erste-bundesliga","tag-fussball","tag-germany","tag-hueber-yannick","tag-klemm-constantin","tag-kovac-niko","tag-nordrhein-westfalen","tag-sport-leuchtturm-essen","tag-texttospeech","tag-weiler-joerg"],"share_on_mastodon":{"url":"https:\/\/pubeurope.com\/@de\/116416392453894984","error":""},"_links":{"self":[{"href":"https:\/\/www.europesays.com\/de\/wp-json\/wp\/v2\/posts\/951063","targetHints":{"allow":["GET"]}}],"collection":[{"href":"https:\/\/www.europesays.com\/de\/wp-json\/wp\/v2\/posts"}],"about":[{"href":"https:\/\/www.europesays.com\/de\/wp-json\/wp\/v2\/types\/post"}],"author":[{"embeddable":true,"href":"https:\/\/www.europesays.com\/de\/wp-json\/wp\/v2\/users\/2"}],"replies":[{"embeddable":true,"href":"https:\/\/www.europesays.com\/de\/wp-json\/wp\/v2\/comments?post=951063"}],"version-history":[{"count":0,"href":"https:\/\/www.europesays.com\/de\/wp-json\/wp\/v2\/posts\/951063\/revisions"}],"wp:featuredmedia":[{"embeddable":true,"href":"https:\/\/www.europesays.com\/de\/wp-json\/wp\/v2\/media\/951064"}],"wp:attachment":[{"href":"https:\/\/www.europesays.com\/de\/wp-json\/wp\/v2\/media?parent=951063"}],"wp:term":[{"taxonomy":"category","embeddable":true,"href":"https:\/\/www.europesays.com\/de\/wp-json\/wp\/v2\/categories?post=951063"},{"taxonomy":"post_tag","embeddable":true,"href":"https:\/\/www.europesays.com\/de\/wp-json\/wp\/v2\/tags?post=951063"}],"curies":[{"name":"wp","href":"https:\/\/api.w.org\/{rel}","templated":true}]}}