{"id":951379,"date":"2026-04-17T00:09:31","date_gmt":"2026-04-17T00:09:31","guid":{"rendered":"https:\/\/www.europesays.com\/de\/951379\/"},"modified":"2026-04-17T00:09:31","modified_gmt":"2026-04-17T00:09:31","slug":"union-berlin-so-erlebte-trainerin-eta-den-rummel-hecking-kritisiert-internet-hass","status":"publish","type":"post","link":"https:\/\/www.europesays.com\/de\/951379\/","title":{"rendered":"Union Berlin: So erlebte Trainerin Eta den Rummel \u2013 Hecking kritisiert Internet-Hass"},"content":{"rendered":"<p>Hecking kritisiert Kommentare\u00a0<\/p>\n<p>                                    <img decoding=\"async\" src=\"https:\/\/www.europesays.com\/de\/wp-content\/uploads\/2026\/04\/marie-louise-eta-union-berlin-2025-26-1776350286-194864.jpg\" title=\"Union Berlin: So erlebte Trainerin Eta den Rummel \u2013 Hecking kritisiert Internet-Hass\" alt=\"Union Berlin: So erlebte Trainerin Eta den Rummel \u2013 Hecking kritisiert Internet-Hass\"\/><\/p>\n<p>\n                                       \u00a9IMAGO\n                                    <\/p>\n<p><a title=\"Marie-Louise Eta\" href=\"https:\/\/www.transfermarkt.de\/marie-louise-eta\/profil\/trainer\/118097\" rel=\"nofollow noopener\" target=\"_blank\">Marie-Louise Eta<\/a> war in den vergangenen Tagen in aller Munde, jetzt sprach die erste Cheftrainerin in der Geschichte der Bundesliga der M\u00e4nner im prall gef\u00fcllten Medienraum des <a title=\"1.FC Union Berlin\" href=\"https:\/\/www.transfermarkt.de\/1-fc-union-berlin\/startseite\/verein\/89\" rel=\"nofollow noopener\" target=\"_blank\">1. FC Union Berlin<\/a> selbst. Nicht nur angesichts des Rummels um ihre Person ist sich die 34-J\u00e4hrige der Bedeutung ihrer Anstellung bewusst.<\/p>\n<p><\/p>\n<p>\u201eIch wei\u00df, dass das eine gesellschaftliche Wirkung und Bedeutung hat und irgendwie auch eine Signalwirkung vielleicht\u201c, sagte Eta vor dem wichtigen Spiel im Abstiegskampf gegen den <a title=\"VfL Wolfsburg\" href=\"https:\/\/www.transfermarkt.de\/vfl-wolfsburg\/startseite\/verein\/82\" rel=\"nofollow noopener\" target=\"_blank\">VfL Wolfsburg<\/a> am Samstag (15.30 Uhr\/Sky). \u201eEs ist auch sch\u00f6n, wenn sich dadurch vielleicht Wege und T\u00fcren \u00f6ffnen, Inspiration dadurch geschaffen wird, dass auch junge M\u00e4dchen vielleicht sehen, was alles m\u00f6glich ist.\u201c<\/p>\n<p><\/p>\n<p>Um die Bedeutung einer Vorreiterinnen-Rolle im Fu\u00dfball sei es ihr aber nie gegangen. \u201eMir geht es schon immer um Fu\u00dfball, mir geht es um die Zusammenarbeit mit Menschen. Und das, was mir am meisten Spa\u00df macht, dann auch in dem Zusammensein, in dem Miteinander maximal erfolgreich zu sein.\u201c Sie sei ja \u201eauch nicht die allererste Frau, die allgemein im Fu\u00dfball ruml\u00e4uft\u201c. Auch vor ihr habe es schon Cheftrainerinnen von M\u00e4nnerteams gegeben, wenn auch nicht in einer so hohen Spielklasse.<\/p>\n<p>\nDas sagt Eta \u00fcber ihr Union-Team<\/p>\n<p>\u00dcber ihre Aufgabe sagte Eta: \u201eIch finde es positiv, wie die Jungs auf dem Platz waren, wie sie auch im Zusammensein sind, wie sie sich gegenseitig auch in den Trainingseinheiten unterst\u00fctzt haben.\u201c Sie sp\u00fcre eine gute Energie im Team, aber \u201eklar, das Selbstvertrauen ist jetzt auch nicht riesig.\u201c <a href=\"https:\/\/www.transfermarkt.de\/verein-statistik\/formtabelle\/statistik\/stat\/plus\/0?sortierung=worst&amp;letzte=10&amp;continentIds%5B%5D=6&amp;limit=5&amp;leagueLevels%5B%5D=1&amp;typeIds%5B%5D=1\" target=\"_blank\" rel=\"nofollow noopener\">In den Top-5-Ligen gibt es nur elf formschw\u00e4chere Teams als Union<\/a>. Erster dieser unr\u00fchmlichen Tabelle ist der kommende Gegner aus Wolfsburg.<\/p>\n<p><\/p>\n<p>Der Absturz der Eisernen in diesem Jahr mit nur zwei Siegen aus 14 Spielen f\u00fchrte letztlich zur Trennung von Etas Vorg\u00e4nger <a title=\"Steffen Baumgart\" href=\"https:\/\/www.transfermarkt.de\/steffen-baumgart\/profil\/trainer\/9622\" rel=\"nofollow noopener\" target=\"_blank\">Steffen Baumgart<\/a>, trotz des immer noch komfortablen Vorsprungs auf die Abstiegsr\u00e4nge. Um \u201ealles auf den Kopf zu stellen\u201c, sei die Zeit zu kurz, sagte Eta. Es gehe nicht darum, \u201eauf einmal Tiki-Taka-Fu\u00dfball zu spielen.\u201c Defensive Stabilit\u00e4t und Intensit\u00e4t gegen den Ball nannte sie als Stichw\u00f6rter. Mit einem Sieg gegen die Niedersachsen h\u00e4tte Union zumindest den direkten Abstieg schon mal abgewendet, und auch der Abstand auf den Relegationsplatz w\u00fcrde bei mindestens sieben Z\u00e4hlern bleiben.<\/p>\n<p><a href=\"https:\/\/www.transfermarkt.de\/1-fc-union-berlin\/detail\/forum\/166\" target=\"_blank\" rel=\"nofollow noopener\"><img loading=\"lazy\" decoding=\"async\" src=\"https:\/\/www.europesays.com\/de\/wp-content\/uploads\/2026\/04\/banner-vereinsforum-2025-26-union-berlin-1776068611-194536.jpg\" alt=\"\u00a9 tm\/imago - Hier \u00fcber Union Berlin mitdiskutieren - Link zum Vereinsforum\" width=\"503\" height=\"148\"\/><\/a><\/p>\n<p>\nWie geht es im Sommer weiter mit Eta und Union Berlin?<\/p>\n<p>Und dann? \u201eIch bin n\u00e4chstes Jahr auf jeden Fall noch Trainerin, ja\u201c, nahm Eta eine etwas ungenau gestellte Frage gerne an. Eigentlich soll die 34-J\u00e4hrige zur kommenden Saison Cheftrainerin des Frauen-Bundesliga-Teams von Union werden. Doch Gesch\u00e4ftsf\u00fchrer <a title=\"Horst Heldt\" href=\"https:\/\/www.transfermarkt.de\/horst-heldt\/profil\/trainer\/3201\" rel=\"nofollow noopener\" target=\"_blank\">Horst Heldt<\/a> lie\u00df am Montag die T\u00fcr bewusst offen f\u00fcr ein Dauer-Engagement bei den M\u00e4nnern: \u201eZum jetzigen Zeitpunkt w\u00e4re das nicht sinnvoll, irgendwas auszuschlie\u00dfen. Wir haben grunds\u00e4tzlich einen Plan, wie es dann auch weitergeht. Aber das werden wir dann sehen.\u201c<\/p>\n<p>Die 34-J\u00e4hrige schloss ebenfalls nichts aus. \u201eIch habe tolle Gespr\u00e4che gehabt, ich habe mit voller \u00dcberzeugung den Vertrag unterschrieben und alles andere wird man sehen\u201c, sagte sie mit Blick auf ihr Arbeitspapier bei den Frauen. Bis zu ihrem Wechsel ins Bundesliga-Team hatte sie mit Unions U19 in 22 Spielen im Schnitt 1,95 Punkte geholt.<\/p>\n<p>So erlebte Eta die gro\u00dfe Aufmerksamkeit<\/p>\n<p>Die Bef\u00f6rderung der 34-J\u00e4hrigen zur Cheftrainerin, als erste Frau in Europas f\u00fcnf Top-Ligen der M\u00e4nner, hatte international f\u00fcr Aufsehen gesorgt. \u201eIhr k\u00f6nnt euch alle vorstellen, dass ich klar auch mitbekommen habe, dass au\u00dfen rum viel passiert, aber letztendlich ging es sofort los mit dem Arbeitsprozess\u201c, sagte die j\u00fcngste Trainerin der Bundesligisten. Ihr Kopf sei \u201evoll mit viel Fu\u00dfball und viel Arbeit und das ist auch gut so\u201c.<\/p>\n<p><a href=\"https:\/\/www.transfermarkt.de\/union-youngster-guther-erhalt-start-marktwert-eta-konnte-lange-bleiben-eichner-kandidat\/view\/news\/477991\" target=\"_blank\" rel=\"nofollow noopener\">Wie schon bei Etas erstem Training vor Medien<\/a> war der Andrang auch bei der Pressekonferenz in K\u00f6penick au\u00dfergew\u00f6hnlich hoch. Mehr als 40 Medienschaffende waren schon eine Viertelstunde vor Beginn in dem Raum, der sonst deutlich sp\u00e4rlicher gef\u00fcllt ist. Auch Journalisten aus Frankreich und \u00d6sterreich stellten Fragen. \u201eEs ist nat\u00fcrlich schon viel passiert am Handy. Ich habe tats\u00e4chlich schon sehr viel beiseitegelegt\u201c, sagte Eta. Besonders die Nachrichten von der Familie und den engsten Freunden h\u00e4tten ihr viel bedeutet. Ihr Vorg\u00e4nger Baumgart meldete sich auch, erz\u00e4hlte die 34-J\u00e4hrige. \u201eIch habe eine Sprachnachricht bekommen von Steffen und habe mich dar\u00fcber sehr gefreut. Er hat viel Gl\u00fcck gew\u00fcnscht f\u00fcr die n\u00e4chsten Spiele und war sehr positiv und leidenschaftlich.\u201c<\/p>\n<p><img loading=\"lazy\" decoding=\"async\" title=\"Marie-Louise Eta bei ihrem ersten Engagement als Bundesliga-Co-Trainerin Union Berlins 2023\/24\" src=\"https:\/\/www.europesays.com\/de\/wp-content\/uploads\/2026\/04\/marie-louise-eta-1fc-union-berlin-2023-1700041370-121896.jpg\" alt=\"\u00a9 imago - Marie-Louise Eta bei ihrem ersten Engagement als Bundesliga-Co-Trainerin Union Berlins 2023\/24\" width=\"503\" height=\"282\"\/><\/p>\n<p>\nHecking zu Internet-Kommentaren \u00fcber Eta: \u201eIQ gleich null\u201c<\/p>\n<p>Damit, dass sich insbesondere in den Sozialen Medien auch viele Sexisten berufen f\u00fchlten, ihre Ernennung mit Hassnachrichten zu kommentieren, besch\u00e4ftigte sich die Trainerin nicht. \u201eIch lese keine Kommentare, habe ich vorher auch nicht gemacht und jetzt eben war gar keine Zeit daf\u00fcr\u201c, sagte sie. Etas erster Gegner in der Bundesliga, Wolfsburg-Coach <a title=\"Dieter Hecking\" href=\"https:\/\/www.transfermarkt.de\/dieter-hecking\/profil\/trainer\/306\" rel=\"nofollow noopener\" target=\"_blank\">Dieter Hecking<\/a>, st\u00f6rte sich derweil deutlich an der Abwertung seiner Kollegin. \u201eDie, die sich da im Internet und in den Social-Media-Accounts auslassen: IQ gleich null\u201c, sagte der 61-J\u00e4hrige.<\/p>\n<p>\u201eIch kenne Marie-Louise Eta pers\u00f6nlich. Ich sch\u00e4tze sie als sehr kompetent ein. Sie wei\u00df sich zu artikulieren. Sie wei\u00df, eine Mannschaft zu f\u00fchren. Und das ist nur meine Meinung\u201c, sagte der Wolfsburger Trainer. \u201eWenn Union Berlin der Meinung ist \u2013 die sie jeden Tag sehen \u2013 dass sie die fachliche und die menschliche Kompetenz hat, das Team zu f\u00fchren, dann ist alles damit gesagt.\u201c Es sei zwar immer noch \u201eeine Besonderheit weltweit, dass eine Frau im M\u00e4nnerfu\u00dfball ist\u201c, so Hecking. \u201eAber meine \u00dcberzeugung ist: Wenn jemand gut ist \u2013 und das ist Marie-Louise Eta definitiv \u2013 dann hat sie genauso eine Chance verdient wie Dieter Hecking und wie jemand anderes.\u201c<\/p>\n<p><\/p>\n","protected":false},"excerpt":{"rendered":"Hecking kritisiert Kommentare\u00a0 \u00a9IMAGO Marie-Louise Eta war in den vergangenen Tagen in aller Munde, jetzt sprach die erste&hellip;\n","protected":false},"author":2,"featured_media":951380,"comment_status":"","ping_status":"","sticky":false,"template":"","format":"standard","meta":{"footnotes":"","_share_on_mastodon":"0"},"categories":[1825],"tags":[297,296,299,29,16846,30,7045,29549],"class_list":["post-951379","post","type-post","status-publish","format-standard","has-post-thumbnail","category-berlin","tag-1-fc-union-berlin","tag-berlin","tag-bundesliga","tag-deutschland","tag-dieter-hecking","tag-germany","tag-horst-heldt","tag-marie-louise-eta"],"share_on_mastodon":{"url":"https:\/\/pubeurope.com\/@de\/116417145741047239","error":""},"_links":{"self":[{"href":"https:\/\/www.europesays.com\/de\/wp-json\/wp\/v2\/posts\/951379","targetHints":{"allow":["GET"]}}],"collection":[{"href":"https:\/\/www.europesays.com\/de\/wp-json\/wp\/v2\/posts"}],"about":[{"href":"https:\/\/www.europesays.com\/de\/wp-json\/wp\/v2\/types\/post"}],"author":[{"embeddable":true,"href":"https:\/\/www.europesays.com\/de\/wp-json\/wp\/v2\/users\/2"}],"replies":[{"embeddable":true,"href":"https:\/\/www.europesays.com\/de\/wp-json\/wp\/v2\/comments?post=951379"}],"version-history":[{"count":0,"href":"https:\/\/www.europesays.com\/de\/wp-json\/wp\/v2\/posts\/951379\/revisions"}],"wp:featuredmedia":[{"embeddable":true,"href":"https:\/\/www.europesays.com\/de\/wp-json\/wp\/v2\/media\/951380"}],"wp:attachment":[{"href":"https:\/\/www.europesays.com\/de\/wp-json\/wp\/v2\/media?parent=951379"}],"wp:term":[{"taxonomy":"category","embeddable":true,"href":"https:\/\/www.europesays.com\/de\/wp-json\/wp\/v2\/categories?post=951379"},{"taxonomy":"post_tag","embeddable":true,"href":"https:\/\/www.europesays.com\/de\/wp-json\/wp\/v2\/tags?post=951379"}],"curies":[{"name":"wp","href":"https:\/\/api.w.org\/{rel}","templated":true}]}}