{"id":951481,"date":"2026-04-17T01:05:30","date_gmt":"2026-04-17T01:05:30","guid":{"rendered":"https:\/\/www.europesays.com\/de\/951481\/"},"modified":"2026-04-17T01:05:30","modified_gmt":"2026-04-17T01:05:30","slug":"grosskontrolle-der-polizei-auf-prager-strasse","status":"publish","type":"post","link":"https:\/\/www.europesays.com\/de\/951481\/","title":{"rendered":"Gro\u00dfkontrolle der Polizei auf Prager Stra\u00dfe"},"content":{"rendered":"<p>Rund 40 Beamte waren in der Innenstadt im Einsatz. Mehrere Personen hatten Bet\u00e4ubungsmittel und verbotene Gegenst\u00e4nde dabei.&#13;\n<\/p>\n<p>Bei einem mehrst\u00fcndigen Kontrolleinsatz in der Dresdner Innenstadt hat die Polizei am Mittwoch Drogen und verbotene Gegenst\u00e4nde sichergestellt. Zwischen 14:00 Uhr und 22:30 Uhr \u00fcberpr\u00fcften Einsatzkr\u00e4fte im Bereich der Prager Stra\u00dfe insgesamt 72 Personen. An dem Einsatz waren rund 40 Beamte beteiligt. In sieben F\u00e4llen leitete die Polizei Strafverfahren ein.<\/p>\n<p>Im Zuge der Kontrollen fanden die Beamten mehrfach Bet\u00e4ubungsmittel. Bei einem 23-J\u00e4hrigen entdeckten sie Amphetamine, ein 32-J\u00e4hriger hatte Cannabis dabei. Zudem trafen die Einsatzkr\u00e4fte auf einen 44-J\u00e4hrigen, der mehrere verschreibungspflichtige Tabletten ohne entsprechenden Nachweis mit sich f\u00fchrte.<\/p>\n<p>Auch Verst\u00f6\u00dfe gegen das Waffengesetz wurden festgestellt. Ein 20-J\u00e4hriger hatte einen Schlagring dabei, ein 34-J\u00e4hriger f\u00fchrte ein verbotenes Einhandmesser mit sich. Die Polizei stellte die Gegenst\u00e4nde sicher.<\/p>\n<p>W\u00e4hrend des Einsatzes kam es zudem zu einem Zwischenfall: Ein 35-J\u00e4hriger beleidigte die eingesetzten Beamten mit einer Geste. Auch gegen ihn wird ermittelt.<\/p>\n","protected":false},"excerpt":{"rendered":"Rund 40 Beamte waren in der Innenstadt im Einsatz. Mehrere Personen hatten Bet\u00e4ubungsmittel und verbotene Gegenst\u00e4nde dabei.&#13; Bei&hellip;\n","protected":false},"author":2,"featured_media":951482,"comment_status":"","ping_status":"","sticky":false,"template":"","format":"standard","meta":{"footnotes":"","_share_on_mastodon":"0"},"categories":[1835],"tags":[3364,29,2386,141343,174658,30,36116,8786,859,56282],"class_list":["post-951481","post","type-post","status-publish","format-standard","has-post-thumbnail","category-dresden","tag-de","tag-deutschland","tag-dresden","tag-dresden-news","tag-dresdner-polizeibericht","tag-germany","tag-polizeibericht","tag-prager-strae","tag-sachsen","tag-wiener-platz"],"share_on_mastodon":{"url":"https:\/\/pubeurope.com\/@de\/116417365878485392","error":""},"_links":{"self":[{"href":"https:\/\/www.europesays.com\/de\/wp-json\/wp\/v2\/posts\/951481","targetHints":{"allow":["GET"]}}],"collection":[{"href":"https:\/\/www.europesays.com\/de\/wp-json\/wp\/v2\/posts"}],"about":[{"href":"https:\/\/www.europesays.com\/de\/wp-json\/wp\/v2\/types\/post"}],"author":[{"embeddable":true,"href":"https:\/\/www.europesays.com\/de\/wp-json\/wp\/v2\/users\/2"}],"replies":[{"embeddable":true,"href":"https:\/\/www.europesays.com\/de\/wp-json\/wp\/v2\/comments?post=951481"}],"version-history":[{"count":0,"href":"https:\/\/www.europesays.com\/de\/wp-json\/wp\/v2\/posts\/951481\/revisions"}],"wp:featuredmedia":[{"embeddable":true,"href":"https:\/\/www.europesays.com\/de\/wp-json\/wp\/v2\/media\/951482"}],"wp:attachment":[{"href":"https:\/\/www.europesays.com\/de\/wp-json\/wp\/v2\/media?parent=951481"}],"wp:term":[{"taxonomy":"category","embeddable":true,"href":"https:\/\/www.europesays.com\/de\/wp-json\/wp\/v2\/categories?post=951481"},{"taxonomy":"post_tag","embeddable":true,"href":"https:\/\/www.europesays.com\/de\/wp-json\/wp\/v2\/tags?post=951481"}],"curies":[{"name":"wp","href":"https:\/\/api.w.org\/{rel}","templated":true}]}}