{"id":951629,"date":"2026-04-17T02:34:14","date_gmt":"2026-04-17T02:34:14","guid":{"rendered":"https:\/\/www.europesays.com\/de\/951629\/"},"modified":"2026-04-17T02:34:14","modified_gmt":"2026-04-17T02:34:14","slug":"bvb-dortmund-droht-naechster-millionen-schaden-sport","status":"publish","type":"post","link":"https:\/\/www.europesays.com\/de\/951629\/","title":{"rendered":"BVB: Dortmund droht n\u00e4chster Millionen-Schaden | Sport"},"content":{"rendered":"<p><b>Dortmunds Geld-Sorgen wachsen! Die herausfordernde Finanz-Situation beim BVB: Nach dem peinlichen Champions-League-Aus in Bergamo gab der Pott-Klub ein zu erwartendes Loch von bis zu 27 Millionen Euro im laufenden Gesch\u00e4ftsjahr bekannt. Das Budget f\u00fcr den dringend ben\u00f6tigten Kader-Umbruch im kommenden Sommer betr\u00e4gt gerade mal rund 25 Millionen Euro.<\/b><\/p>\n<p>Weiteres Problem: In absehbarer Zeit werden drei Flop-Personalien wieder auf den Tischen der Bosse landen, die zuletzt komplett aus dem Blickfeld geraten sind. F\u00fcr den Verein geht es darum, \u00fcber 32 Mio. Euro ungenutztes Kapital zu sichern. Doch das n\u00e4chste dicke Minus ist kaum noch zu verhindern.<\/p>\n<p><b>Dortmund droht der n\u00e4chste Millionen-Schaden! Lesen Sie hier weiter mit BILDplus.<\/b><\/p>\n","protected":false},"excerpt":{"rendered":"Dortmunds Geld-Sorgen wachsen! Die herausfordernde Finanz-Situation beim BVB: Nach dem peinlichen Champions-League-Aus in Bergamo gab der Pott-Klub ein&hellip;\n","protected":false},"author":2,"featured_media":951630,"comment_status":"","ping_status":"","sticky":false,"template":"","format":"standard","meta":{"footnotes":"","_share_on_mastodon":"0"},"categories":[1833],"tags":[1263,888,3364,29,217,538,30,5133,5131,1209,73392,803,819,45,1261,5132],"class_list":["post-951629","post","type-post","status-publish","format-standard","has-post-thumbnail","category-dortmund","tag-aufmacher-bereich","tag-borussia-dortmund","tag-de","tag-deutschland","tag-dortmund","tag-erste-bundesliga","tag-germany","tag-hueber-yannick","tag-kovac-niko","tag-nordrhein-westfalen","tag-schroeer-michel","tag-spielertransfer","tag-sport-leuchtturm-essen","tag-texttospeech","tag-toralarm-top-news","tag-weiler-joerg"],"share_on_mastodon":{"url":"https:\/\/pubeurope.com\/@de\/116417715771322767","error":""},"_links":{"self":[{"href":"https:\/\/www.europesays.com\/de\/wp-json\/wp\/v2\/posts\/951629","targetHints":{"allow":["GET"]}}],"collection":[{"href":"https:\/\/www.europesays.com\/de\/wp-json\/wp\/v2\/posts"}],"about":[{"href":"https:\/\/www.europesays.com\/de\/wp-json\/wp\/v2\/types\/post"}],"author":[{"embeddable":true,"href":"https:\/\/www.europesays.com\/de\/wp-json\/wp\/v2\/users\/2"}],"replies":[{"embeddable":true,"href":"https:\/\/www.europesays.com\/de\/wp-json\/wp\/v2\/comments?post=951629"}],"version-history":[{"count":0,"href":"https:\/\/www.europesays.com\/de\/wp-json\/wp\/v2\/posts\/951629\/revisions"}],"wp:featuredmedia":[{"embeddable":true,"href":"https:\/\/www.europesays.com\/de\/wp-json\/wp\/v2\/media\/951630"}],"wp:attachment":[{"href":"https:\/\/www.europesays.com\/de\/wp-json\/wp\/v2\/media?parent=951629"}],"wp:term":[{"taxonomy":"category","embeddable":true,"href":"https:\/\/www.europesays.com\/de\/wp-json\/wp\/v2\/categories?post=951629"},{"taxonomy":"post_tag","embeddable":true,"href":"https:\/\/www.europesays.com\/de\/wp-json\/wp\/v2\/tags?post=951629"}],"curies":[{"name":"wp","href":"https:\/\/api.w.org\/{rel}","templated":true}]}}