{"id":951661,"date":"2026-04-17T02:51:22","date_gmt":"2026-04-17T02:51:22","guid":{"rendered":"https:\/\/www.europesays.com\/de\/951661\/"},"modified":"2026-04-17T02:51:22","modified_gmt":"2026-04-17T02:51:22","slug":"angeklagter-berliner-palliativarzt-erzaehlte-ehefrau-vom-toeten","status":"publish","type":"post","link":"https:\/\/www.europesays.com\/de\/951661\/","title":{"rendered":"Angeklagter Berliner Palliativarzt erz\u00e4hlte Ehefrau vom T\u00f6ten"},"content":{"rendered":"<p class=\"tspBPlq tspBPlr\">Schweigend sitzt Pallitaivarzt Johannes M. seit neun Monaten im Mordprozess. Doch in Telefonaten mit seiner Ehefrau sprach er \u00fcber die Vorw\u00fcrfe \u2013 und best\u00e4rkte die Ermittler, die die Gespr\u00e4che mith\u00f6rten. Es sind neue Einblicke in die Gedankenwelt eines Mannes, der <a href=\"https:\/\/www.tagesspiegel.de\/berlin\/er-kam-auf-mich-zugelaufen-palliativarzt-war-laut-polizistin-am-brandort--aussage-im-prozess-in-berlin-14193203.html?icid=in-text-link_15486061\" class=\"link link--internal\" data-gtm-class=\"article-text-link\" data-gtm-val=\"internal\" rel=\"nofollow noopener\" target=\"_blank\">mindestens 15 Patientinnen und Patienten ermordet haben soll.<\/a> <\/p>\n<p class=\"tspBPlq\">Nicht von Schuld war nach Angaben eines Kriminalbeamten die Rede. Er habe \u201enicht wahllos get\u00f6tet\u201c, zitierte der Zeuge vor dem Landgericht. Es sei \u201egut durchdacht\u201c gewesen, er w\u00fcrde \u201ewieder so handeln\u201c.<\/p>\n<p><a href=\"http:\/\/checkpoint.tagesspiegel.de\/?icid=single-topic_15486061___\" data-gtm-class=\"article-mzt-link\" class=\"tspCTpu\" rel=\"nofollow noopener\" target=\"_blank\">Jeden Morgen ab 6 Uhr Herausgeber Lorenz Maroldt und sein Team berichten im Tagesspiegel-Newsletter Checkpoint \u00fcber Berlins Irrungen und Wirrungen. Hier kostenlos anmelden. <\/a><\/p>\n<p class=\"tspBPlq\">Zu den Gespr\u00e4chen war es nach der Festnahme von M. Anfang August 2024 gekommen. Aus der U-Haft heraus konnte der inzwischen 41-J\u00e4hrige mit seiner Frau telefonieren. Ihren Anschluss allerdings h\u00f6rte die zust\u00e4ndige Mordkommission ab. An etwa 25 Gespr\u00e4che k\u00f6nne er sich erinnern, sagte der Beamte im Zeugenstuhl. Das Paar habe die Anklage in den Gespr\u00e4chen am Telefon besprochen.<\/p>\n<p class=\"tspBPlq\">Get\u00e4tigt wurden \u00c4u\u00dferungen, die auf ein m\u00f6gliches Motiv Sterbehilfe des Palliativmediziners schlie\u00dfen lassen. Von einem \u201emoralischen Handeln mit falschen Mitteln\u201c habe M. seiner Frau gegen\u00fcber gesprochen. Die Gesellschaft sei noch nicht weit genug, es m\u00fcsse Gesetzes\u00e4nderungen geben, habe M. am Telefon gesagt.<\/p>\n<p>Mehr zu diesem Mordprozess<a href=\"https:\/\/www.tagesspiegel.de\/berlin\/bis-weit-ins-nachste-jahr-mordprozess-gegen-berliner-palliativarzt-wird-deutlich-langer-dauern-als-geplant-14966645.html?icid=topic-list_15486061___\" data-gtm-class=\"article-mzt-link\" data-hydrate-fingerprint=\"09740a54944caac75fd2c0c63fd5c5df\" data-hydrate-props=\"{&amp;escapedquot;element&amp;escapedquot;:{&amp;escapedquot;type&amp;escapedquot;:&amp;escapedquot;relatedContent&amp;escapedquot;,&amp;escapedquot;fieldMap&amp;escapedquot;:{},&amp;escapedquot;relation&amp;escapedquot;:{&amp;escapedquot;fields&amp;escapedquot;:{&amp;escapedquot;isPaid&amp;escapedquot;:null},&amp;escapedquot;href&amp;escapedquot;:&amp;escapedquot;\/berlin\/bis-weit-ins-nachste-jahr-mordprozess-gegen-berliner-palliativarzt-wird-deutlich-langer-dauern-als-geplant-14966645.html&amp;escapedquot;,&amp;escapedquot;teaserTitle&amp;escapedquot;:{&amp;escapedquot;kicker&amp;escapedquot;:&amp;escapedquot;Bis weit ins n\u00e4chste Jahr&amp;escapedquot;,&amp;escapedquot;headline&amp;escapedquot;:&amp;escapedquot;Mordprozess gegen Berliner Palliativarzt wird deutlich l\u00e4nger dauern als geplant&amp;escapedquot;},&amp;escapedquot;id&amp;escapedquot;:&amp;escapedquot;14966645&amp;escapedquot;,&amp;escapedquot;type&amp;escapedquot;:&amp;escapedquot;story&amp;escapedquot;},&amp;escapedquot;isPartOfList&amp;escapedquot;:true,&amp;escapedquot;topicListType&amp;escapedquot;:&amp;escapedquot;topic-list&amp;escapedquot;},&amp;escapedquot;showArrow&amp;escapedquot;:true}\" data-hydrate-slots=\"{&#039;default&#039;:[]}\" class=\"tspCTpu tspCVp2\" rel=\"nofollow noopener\" target=\"_blank\">Bis weit ins n\u00e4chste Jahr Mordprozess gegen Berliner Palliativarzt wird deutlich l\u00e4nger dauern als geplant <\/a><a href=\"https:\/\/www.tagesspiegel.de\/berlin\/mordprozess-gegen-berliner-palliativarzt-meine-mutter-wollte-weiterleben--hinterbliebener-sohn-sagt-aus-14369564.html?icid=topic-list_15486061___\" data-gtm-class=\"article-mzt-link\" data-hydrate-fingerprint=\"09740a54944caac75fd2c0c63fd5c5df\" data-hydrate-props=\"{&amp;escapedquot;element&amp;escapedquot;:{&amp;escapedquot;type&amp;escapedquot;:&amp;escapedquot;relatedContent&amp;escapedquot;,&amp;escapedquot;fieldMap&amp;escapedquot;:{},&amp;escapedquot;relation&amp;escapedquot;:{&amp;escapedquot;fields&amp;escapedquot;:{&amp;escapedquot;isPaid&amp;escapedquot;:null},&amp;escapedquot;href&amp;escapedquot;:&amp;escapedquot;\/berlin\/mordprozess-gegen-berliner-palliativarzt-meine-mutter-wollte-weiterleben--hinterbliebener-sohn-sagt-aus-14369564.html&amp;escapedquot;,&amp;escapedquot;teaserTitle&amp;escapedquot;:{&amp;escapedquot;kicker&amp;escapedquot;:&amp;escapedquot;Mordprozess gegen Berliner Palliativarzt&amp;escapedquot;,&amp;escapedquot;headline&amp;escapedquot;:&amp;escapedquot;\u201eMeine Mutter wollte weiterleben\u201c \u2013 hinterbliebener Sohn sagt aus&amp;escapedquot;},&amp;escapedquot;id&amp;escapedquot;:&amp;escapedquot;14369564&amp;escapedquot;,&amp;escapedquot;type&amp;escapedquot;:&amp;escapedquot;story&amp;escapedquot;},&amp;escapedquot;isPartOfList&amp;escapedquot;:true,&amp;escapedquot;topicListType&amp;escapedquot;:&amp;escapedquot;topic-list&amp;escapedquot;},&amp;escapedquot;showArrow&amp;escapedquot;:true}\" data-hydrate-slots=\"{&#039;default&#039;:[]}\" class=\"tspCTpu tspCVp2\" rel=\"nofollow noopener\" target=\"_blank\">Mordprozess gegen Berliner Palliativarzt \u201eMeine Mutter wollte weiterleben\u201c \u2013 hinterbliebener Sohn sagt aus <\/a><a href=\"https:\/\/www.tagesspiegel.de\/berlin\/ich-habe-nicht-mehr-an-zufalle-geglaubt-chefin-von-angeklagtem-palliativarzt-ging-zur-polizei--mordprozess-in-berlin-14073653.html?icid=topic-list_15486061___\" data-gtm-class=\"article-mzt-link\" data-hydrate-fingerprint=\"09740a54944caac75fd2c0c63fd5c5df\" data-hydrate-props=\"{&amp;escapedquot;element&amp;escapedquot;:{&amp;escapedquot;type&amp;escapedquot;:&amp;escapedquot;relatedContent&amp;escapedquot;,&amp;escapedquot;fieldMap&amp;escapedquot;:{},&amp;escapedquot;relation&amp;escapedquot;:{&amp;escapedquot;fields&amp;escapedquot;:{&amp;escapedquot;isPaid&amp;escapedquot;:null},&amp;escapedquot;href&amp;escapedquot;:&amp;escapedquot;\/berlin\/ich-habe-nicht-mehr-an-zufalle-geglaubt-chefin-von-angeklagtem-palliativarzt-ging-zur-polizei--mordprozess-in-berlin-14073653.html&amp;escapedquot;,&amp;escapedquot;teaserTitle&amp;escapedquot;:{&amp;escapedquot;kicker&amp;escapedquot;:&amp;escapedquot;\u201eIch habe nicht mehr an Zuf\u00e4lle geglaubt\u201c&amp;escapedquot;,&amp;escapedquot;headline&amp;escapedquot;:&amp;escapedquot;Chefin von angeklagtem Palliativarzt ging zur Polizei \u2013 Mordprozess in Berlin&amp;escapedquot;},&amp;escapedquot;id&amp;escapedquot;:&amp;escapedquot;14073653&amp;escapedquot;,&amp;escapedquot;type&amp;escapedquot;:&amp;escapedquot;story&amp;escapedquot;},&amp;escapedquot;isPartOfList&amp;escapedquot;:true,&amp;escapedquot;topicListType&amp;escapedquot;:&amp;escapedquot;topic-list&amp;escapedquot;},&amp;escapedquot;showArrow&amp;escapedquot;:true}\" data-hydrate-slots=\"{&#039;default&#039;:[]}\" class=\"tspCTpu tspCVp2\" rel=\"nofollow noopener\" target=\"_blank\">\u201eIch habe nicht mehr an Zuf\u00e4lle geglaubt\u201c Chefin von angeklagtem Palliativarzt ging zur Polizei \u2013 Mordprozess in Berlin <\/a><\/p>\n<p class=\"tspBPlq\">Er habe schon lange get\u00f6tet \u2013 ohne Freude, es habe ihn aber auch \u201enicht wirklich fertig gemacht\u201c, habe er seiner Frau im Gespr\u00e4ch \u00fcber die Vorw\u00fcrfe offenbart. Er habe immer Vorgespr\u00e4che mit den Patienten gef\u00fchrt. \u201eIch habe keinen Menschen ermordet\u201c, zitierte der Beamte weiter. Er habe darauf geachtet, dass es \u201enicht qualvoll\u201c war. Allerdings habe er \u201eso viele kriminalistische Fehler gemacht\u201c, das \u00e4rgere ihn.<\/p>\n<p class=\"tspBPlq\">Laut Anklage soll sich Johannes M. zwischen September 2021 und Juli 2024 als \u201eHerr \u00fcber Leben und Tod\u201c geriert haben. 15 schwer kranke Menschen soll er jeweils mit einem t\u00f6dlichen Medikamenten-Gemisch ermordet haben, um seine eigenen Vorstellungen von deren Sterben und Zeitpunkt des Lebensendes zu verwirklichen. Bei mehreren Taten habe er Feuer gelegt, um Spuren zu vertuschen. Ermittlungen zu weiteren F\u00e4llen laufen noch. Der Prozess geht am Montag weiter. <\/p>\n","protected":false},"excerpt":{"rendered":"Schweigend sitzt Pallitaivarzt Johannes M. seit neun Monaten im Mordprozess. Doch in Telefonaten mit seiner Ehefrau sprach er&hellip;\n","protected":false},"author":2,"featured_media":951662,"comment_status":"","ping_status":"","sticky":false,"template":"","format":"standard","meta":{"footnotes":"","_share_on_mastodon":"0"},"categories":[1825],"tags":[296,29,30,51704],"class_list":["post-951661","post","type-post","status-publish","format-standard","has-post-thumbnail","category-berlin","tag-berlin","tag-deutschland","tag-germany","tag-sterbehilfe"],"share_on_mastodon":{"url":"https:\/\/pubeurope.com\/@de\/116417782577043940","error":""},"_links":{"self":[{"href":"https:\/\/www.europesays.com\/de\/wp-json\/wp\/v2\/posts\/951661","targetHints":{"allow":["GET"]}}],"collection":[{"href":"https:\/\/www.europesays.com\/de\/wp-json\/wp\/v2\/posts"}],"about":[{"href":"https:\/\/www.europesays.com\/de\/wp-json\/wp\/v2\/types\/post"}],"author":[{"embeddable":true,"href":"https:\/\/www.europesays.com\/de\/wp-json\/wp\/v2\/users\/2"}],"replies":[{"embeddable":true,"href":"https:\/\/www.europesays.com\/de\/wp-json\/wp\/v2\/comments?post=951661"}],"version-history":[{"count":0,"href":"https:\/\/www.europesays.com\/de\/wp-json\/wp\/v2\/posts\/951661\/revisions"}],"wp:featuredmedia":[{"embeddable":true,"href":"https:\/\/www.europesays.com\/de\/wp-json\/wp\/v2\/media\/951662"}],"wp:attachment":[{"href":"https:\/\/www.europesays.com\/de\/wp-json\/wp\/v2\/media?parent=951661"}],"wp:term":[{"taxonomy":"category","embeddable":true,"href":"https:\/\/www.europesays.com\/de\/wp-json\/wp\/v2\/categories?post=951661"},{"taxonomy":"post_tag","embeddable":true,"href":"https:\/\/www.europesays.com\/de\/wp-json\/wp\/v2\/tags?post=951661"}],"curies":[{"name":"wp","href":"https:\/\/api.w.org\/{rel}","templated":true}]}}