{"id":952004,"date":"2026-04-17T06:05:15","date_gmt":"2026-04-17T06:05:15","guid":{"rendered":"https:\/\/www.europesays.com\/de\/952004\/"},"modified":"2026-04-17T06:05:15","modified_gmt":"2026-04-17T06:05:15","slug":"richter-gemaelde-ziehen-aus-einer-schule-ins-museum-haller-kreisblatt","status":"publish","type":"post","link":"https:\/\/www.europesays.com\/de\/952004\/","title":{"rendered":"Richter-Gem\u00e4lde ziehen aus einer Schule ins Museum | Haller Kreisblatt"},"content":{"rendered":"<p id=\"absatz1\" class=\"em_text\">Aus einer Berufsschule ins Museum: Das LWL-Museum f\u00fcr Kunst und Kultur in M\u00fcnster zeigt zwei gro\u00dfformatige \u00d6lgem\u00e4lde von Gerhard Richter. Die Werke \u00abStrich (auf Rot)\u00bb und \u00abStrich (auf Blau)\u00bb kommen als Dauerleihgaben aus dem Kreis Soest. Dort hingen die Bilder mit den Ma\u00dfen 1,90 mal 20 Meter nach Angaben des Landschaftsverbandes Westfalen-Lippe (LWL) bislang im Forum einer Berufsschule. Nun pr\u00e4sentierte das Museum die Werke erstmals in der Sammlung am Domplatz der \u00d6ffentlichkeit.<\/p>\n<p id=\"absatz2\" class=\"em_text\">Der heute 94 Jahre alte Richter gewann mit den beiden Gem\u00e4lden 1979 und 1980 den \u00abKunst am Bau\u00bb-Wettbewerb. Zuletzt war \u00abStrich (auf Rot)\u00bb noch in einer Richter-Ausstellung in Paris zu sehen.<\/p>\n<p id=\"absatz4\" class=\"em_text\">\u00abMit dem LWL-Museum f\u00fcr Kunst und Kultur haben wir einen benachbarten und renommierten Ort gefunden, an dem wir die Richter-Gem\u00e4lde in guten H\u00e4nden wissen\u00bb, sagt der Landrat des Kreises Soest, Heinrich Frieling. \u00abFast 50 Jahre schm\u00fcckten die Werke die Halle in unserer Berufsschule. Jetzt war es an der Zeit, einen neuen Standort zu finden mit klimatechnisch modernen Bedingungen, um die Werke dauerhaft zu sichern.\u00bb Soest bekomme Kopien in Originalgr\u00f6\u00dfe als Ersatz, sagte der Landrat.<\/p>\n<p id=\"absatz5\" class=\"em_text\">\u00abIm LWL-Museum haben wir beste Bedingungen f\u00fcr die zwei Richter-Werke. Restauratorisch und konservatorisch werden die Dauerleihgaben mit gro\u00dfer Sorgfalt betreut\u00bb, sagte LWL-Kulturdezernentin Barbara R\u00fcschoff-Parzinger. Im mit einer Fl\u00e4che von mit 290 Quadratmetern gr\u00f6\u00dften Ausstellungsraum des Hauses k\u00f6nnten die Bilder eine neue Wirkung entfalten.<\/p>\n<p id=\"absatz6\" class=\"em_text\">\u00abNeulich habe ich eine der beiden Arbeiten noch in der Richter-Retrospektive in Paris bewundert. Jetzt beleben die Bilder die Architektur unseres Ausstellungsraums, als w\u00e4ren sie daf\u00fcr gemacht\u00bb, sagte Hermann Arnhold, Direktor des LWL-Museums.<\/p>\n<p>Weltstar Gerhard Richter und seine Rekordpreise<\/p>\n<p id=\"absatz7\" class=\"em_text\">Richter, dessen Werke auf dem Kunstmarkt seit Jahrzehnten Rekordpreise erzielen, gilt als einer der weltweit bedeutendsten K\u00fcnstler. Der geb\u00fcrtige Dresdner lebt seit 1983 in K\u00f6ln. In M\u00fcnster ist seit 2018 sein Kunstwerk \u00abZwei Graue Doppelspiegel f\u00fcr ein Pendel\u00bb in der Dominikanerkirche zu sehen, das mit Hilfe eines Foucaultschen Pendels die Erdrotation aufzeigt. Der Maler und Bildhauer hatte das Werk der Stadt vor sechs Jahren geschenkt. <\/p>\n","protected":false},"excerpt":{"rendered":"Aus einer Berufsschule ins Museum: Das LWL-Museum f\u00fcr Kunst und Kultur in M\u00fcnster zeigt zwei gro\u00dfformatige \u00d6lgem\u00e4lde von&hellip;\n","protected":false},"author":2,"featured_media":952005,"comment_status":"","ping_status":"","sticky":false,"template":"","format":"standard","meta":{"footnotes":"","_share_on_mastodon":"0"},"categories":[1843],"tags":[38509,3364,29,14113,30,45161,8405,8970,1209,319,57339,207244,77713],"class_list":["post-952004","post","type-post","status-publish","format-standard","has-post-thumbnail","category-muenster","tag-berufsschule","tag-de","tag-deutschland","tag-gerhard-richter","tag-germany","tag-landschaftsverband-westfalen-lippe","tag-mnster","tag-muenster","tag-nordrhein-westfalen","tag-paris","tag-riesenbild","tag-schulforum","tag-soest"],"share_on_mastodon":{"url":"https:\/\/pubeurope.com\/@de\/116418545742723111","error":""},"_links":{"self":[{"href":"https:\/\/www.europesays.com\/de\/wp-json\/wp\/v2\/posts\/952004","targetHints":{"allow":["GET"]}}],"collection":[{"href":"https:\/\/www.europesays.com\/de\/wp-json\/wp\/v2\/posts"}],"about":[{"href":"https:\/\/www.europesays.com\/de\/wp-json\/wp\/v2\/types\/post"}],"author":[{"embeddable":true,"href":"https:\/\/www.europesays.com\/de\/wp-json\/wp\/v2\/users\/2"}],"replies":[{"embeddable":true,"href":"https:\/\/www.europesays.com\/de\/wp-json\/wp\/v2\/comments?post=952004"}],"version-history":[{"count":0,"href":"https:\/\/www.europesays.com\/de\/wp-json\/wp\/v2\/posts\/952004\/revisions"}],"wp:featuredmedia":[{"embeddable":true,"href":"https:\/\/www.europesays.com\/de\/wp-json\/wp\/v2\/media\/952005"}],"wp:attachment":[{"href":"https:\/\/www.europesays.com\/de\/wp-json\/wp\/v2\/media?parent=952004"}],"wp:term":[{"taxonomy":"category","embeddable":true,"href":"https:\/\/www.europesays.com\/de\/wp-json\/wp\/v2\/categories?post=952004"},{"taxonomy":"post_tag","embeddable":true,"href":"https:\/\/www.europesays.com\/de\/wp-json\/wp\/v2\/tags?post=952004"}],"curies":[{"name":"wp","href":"https:\/\/api.w.org\/{rel}","templated":true}]}}