{"id":952210,"date":"2026-04-17T08:02:16","date_gmt":"2026-04-17T08:02:16","guid":{"rendered":"https:\/\/www.europesays.com\/de\/952210\/"},"modified":"2026-04-17T08:02:16","modified_gmt":"2026-04-17T08:02:16","slug":"verkehr-in-nrw-flugausfaelle-in-duesseldorf-und-koeln-wegen-lufthansa-streik","status":"publish","type":"post","link":"https:\/\/www.europesays.com\/de\/952210\/","title":{"rendered":"Verkehr in NRW: Flugausf\u00e4lle in D\u00fcsseldorf und K\u00f6ln wegen Lufthansa-Streik"},"content":{"rendered":"<p>          Aktuelle Verkehrslage        Flugausf\u00e4lle in D\u00fcsseldorf und K\u00f6ln wegen Lufthansa-Streik<\/p>\n<p class=\"text-50 desktop:text-70 park-container-small px-6 mb-10 desktop:mb-14\">D\u00fcsseldorf \u00b7 <strong data-cy=\"intro\" data-readtime-content=\"\">Der f\u00fcnfte Streiktag der Lufthansa macht sich in Nordrhein-Westfalen auch an den Flugh\u00e4fen D\u00fcsseldorf und K\u00f6ln\/Bonn bemerkbar. Mehrere Inlandsfl\u00fcge fallen am Freitag aus. Mehr \u00fcber die Verkehrslage in NRW lesen Sie hier.<\/strong><\/p>\n<p>                        <a class=\"absolute bottom-0 inset-x-0 z-10 group\/link before:float-left after:clear-both flex justify-end items-end print:hidden\" href=\"https:\/\/rp-online.de\/imgs\/32\/2\/2\/9\/1\/6\/0\/8\/3\/7\/tok_e6bbc9a4618e9490ff1fb5cdcf5f5ca2\/w1900_h1237_x1024_y667_DPA_dpa_oua4ehr3rd-v3-ax-s2048-2ea38ed4f219f7af.jpeg\" title=\"Vergr\u00f6\u00dferte Ansicht\" aria-describedby=\"park-figure-\" data-enlargable=\"image\" rel=\"nofollow noopener\" target=\"_blank\"><\/p>\n<p>                            <\/a><\/p>\n<p>                <img class=\"inset-0 w-full h-full object-cover opacity-0 transition-opacity animated\" onload=\"this.style.opacity = '1';\" src=\"https:\/\/www.europesays.com\/de\/wp-content\/uploads\/2026\/04\/w2048_h1334_x1024_y667_DPA_dpa_oua4ehr3rd-v3-ax-s2048-2ea38ed4f219f7af.jpeg\"   alt=\"Flugzeuge der Lufthansa stehen am Frankfurter Flughafen. Die Gewerkschaft Ufo hat das Kabinenpersonal der Lufthansa und der Tochter Lufthansa Cityline zu einem Streik aufgerufen. (Symbolbild)\" width=\"2048\" height=\"1334\" fetchpriority=\"high\" decoding=\"async\" data-park-image-img=\"\"\/><\/p>\n<p class=\"block font-sans text-30 text-black-almost dark:text-white-almost desktop:text-40 desktop:[.floated_&amp;]:text-30 mt-3 desktop:[.floated_&amp;]:mt-3 desktop:mt-4\" data-readtime-content=\"\">\n        Flugzeuge der Lufthansa stehen am Frankfurter Flughafen. Die Gewerkschaft Ufo hat das Kabinenpersonal der Lufthansa und der Tochter Lufthansa Cityline zu einem Streik aufgerufen. (Symbolbild)\n    <\/p>\n<p>    Foto: Hannes P. Albert\/dpa\/Hannes P Albert  <\/p>\n<p>                  (alb\/felt\/top\/amro\/kag\/albu\/dpa)<\/p>\n","protected":false},"excerpt":{"rendered":"Aktuelle Verkehrslage Flugausf\u00e4lle in D\u00fcsseldorf und K\u00f6ln wegen Lufthansa-Streik D\u00fcsseldorf \u00b7 Der f\u00fcnfte Streiktag der Lufthansa macht sich&hellip;\n","protected":false},"author":2,"featured_media":952211,"comment_status":"","ping_status":"","sticky":false,"template":"","format":"standard","meta":{"footnotes":"","_share_on_mastodon":"0"},"categories":[1831],"tags":[48,4074,147,3364,29,3405,30,207261,692,1268,1209,158282,67221,20214,20213,601,207262,67499,207260,12863],"class_list":["post-952210","post","type-post","status-publish","format-standard","has-post-thumbnail","category-duesseldorf","tag-48","tag-adac","tag-ausland","tag-de","tag-deutschland","tag-duesseldorf","tag-germany","tag-gruendonnerstagsverkehr","tag-hamburg","tag-muenchen","tag-nordrhein-westfalen","tag-rechnet","tag-rueckreiseverkehr","tag-stauprognose","tag-staus","tag-verkehr","tag-verkehrsdichte","tag-verkehrsinformationen","tag-verkehrsreichste","tag-voraussichtlich"],"share_on_mastodon":{"url":"https:\/\/pubeurope.com\/@de\/116419005596304420","error":""},"_links":{"self":[{"href":"https:\/\/www.europesays.com\/de\/wp-json\/wp\/v2\/posts\/952210","targetHints":{"allow":["GET"]}}],"collection":[{"href":"https:\/\/www.europesays.com\/de\/wp-json\/wp\/v2\/posts"}],"about":[{"href":"https:\/\/www.europesays.com\/de\/wp-json\/wp\/v2\/types\/post"}],"author":[{"embeddable":true,"href":"https:\/\/www.europesays.com\/de\/wp-json\/wp\/v2\/users\/2"}],"replies":[{"embeddable":true,"href":"https:\/\/www.europesays.com\/de\/wp-json\/wp\/v2\/comments?post=952210"}],"version-history":[{"count":0,"href":"https:\/\/www.europesays.com\/de\/wp-json\/wp\/v2\/posts\/952210\/revisions"}],"wp:featuredmedia":[{"embeddable":true,"href":"https:\/\/www.europesays.com\/de\/wp-json\/wp\/v2\/media\/952211"}],"wp:attachment":[{"href":"https:\/\/www.europesays.com\/de\/wp-json\/wp\/v2\/media?parent=952210"}],"wp:term":[{"taxonomy":"category","embeddable":true,"href":"https:\/\/www.europesays.com\/de\/wp-json\/wp\/v2\/categories?post=952210"},{"taxonomy":"post_tag","embeddable":true,"href":"https:\/\/www.europesays.com\/de\/wp-json\/wp\/v2\/tags?post=952210"}],"curies":[{"name":"wp","href":"https:\/\/api.w.org\/{rel}","templated":true}]}}