{"id":952351,"date":"2026-04-17T09:20:37","date_gmt":"2026-04-17T09:20:37","guid":{"rendered":"https:\/\/www.europesays.com\/de\/952351\/"},"modified":"2026-04-17T09:20:37","modified_gmt":"2026-04-17T09:20:37","slug":"hallo-leipzig-so-startet-freitag-der-17-april-%c2%b7-leipziger-zeitung","status":"publish","type":"post","link":"https:\/\/www.europesays.com\/de\/952351\/","title":{"rendered":"Hallo Leipzig: So startet Freitag, der 17. April \u00b7 Leipziger Zeitung"},"content":{"rendered":"<p>Leipzigs Handballer bleiben weiterhin erfolglos und verlieren erneut. Auf der Alten Messe kommt der Wiederaufbau der einstigen Halle 12 in die Endphase, die Neue Messe l\u00e4dt ab heute die Fans von Computerspielen aller Art zu einem gro\u00dfen Game-Festival ein. Die Spritpreis-Wut treibt Kraftfahrer auf die Stra\u00dfe und in Halle gibt es ab morgen im neu er\u00f6ffneten Bahn-Museum historische Eisenbahnen zu bestaunen. Zudem einen exklusiven Blick in die Zukunft.<\/p>\n<p>Sowjet-Pavillon bekommt Bio-Zentrum\u00a0<\/p>\n<p>Einer geht noch, ein Grundstein passt noch rein! Jahre lang stand der einstige Sowjetische Messepavillon mit der markanten goldenen Turmspritze leer. 2019 er\u00f6ffnete im vorderen, sanierten Bereich das <a href=\"https:\/\/www.l-iz.de\/tag\/stadtarchiv\" target=\"_blank\" rel=\"noopener nofollow\">Leipziger Stadtarchiv<\/a> seine neue Dienststelle. Der zweite Bauabschnitt wird k\u00fcnftig das Jugendamt beherbergen. Mit dem heutigen Tag beginnt der Bau des dritten Teils der ehemaligen Messehalle 12.<\/p>\n<p>Er besitzt eine markante, denkmalgesch\u00fctzte Gew\u00f6lbekonstruktion aus Stahl, um die herum nun das neue Innovationszentrum der <a href=\"https:\/\/www.l-iz.de\/tag\/BioCityLeipzig\" target=\"_blank\" rel=\"noopener nofollow\">BioCity<\/a> errichtet wird. Wirtschaftsb\u00fcrgermeister Clemens Sch\u00fclke und Kai Thalmann, Gesch\u00e4ftsf\u00fchrer der Leipziger Gewerbehof GmbH, legen daf\u00fcr heute symbolisch den dritten Grundstein auf dem Baugrundst\u00fcck im Herzen der <a href=\"https:\/\/www.l-iz.de\/tag\/alte-messe\" target=\"_blank\" rel=\"noopener nofollow\">Alten Messe<\/a>. \u201eMit dem neuen Innovationszentrum in der historischen Messehalle 12 schlagen wir ein weiteres Kapitel in Leipzigs Erfolgsgeschichte auf. Auf 10.000 Quadratmetern entstehen hier die Ideen von morgen \u2013 und die L\u00f6sungen f\u00fcr ein l\u00e4ngeres, ges\u00fcnderes Leben\u201d, verspricht Sch\u00fclke in der Einladung zum Termin.<img decoding=\"async\" src=\"https:\/\/www.europesays.com\/de\/wp-content\/uploads\/2026\/04\/328519ede0564df1a2fe2bfd5627bbba.gif\" alt=\"\" width=\"https:\/\/www.l-iz.de\/der-tag\/2026\/04\/1\" height=\"https:\/\/www.l-iz.de\/der-tag\/2026\/04\/1\"\/><\/p>\n<p><a href=\"https:\/\/www.europesays.com\/de\/wp-content\/uploads\/2026\/04\/Vogelperspektive_5-scaled-1.jpg\"><img loading=\"lazy\" decoding=\"async\" class=\"size-full wp-image-654033\" src=\"https:\/\/www.europesays.com\/de\/wp-content\/uploads\/2026\/04\/Vogelperspektive_5-scaled-1.jpg\" alt=\"\" width=\"2560\" height=\"1440\"  \/><\/a>Sieht bald wieder aus wie fr\u00fcher, nur sch\u00f6ner. Die Messehalle wird endlich wieder komplettiert. Abbildung: leap:up GmbH<\/p>\n<p>Der Campus werde mit Einrichtungen wie BioCity, BioCube, dem Fraunhofer IZI, dem City Lab Leipzig, dem Forschungszentrum iDiv und dem BioSquare weiter gest\u00e4rkt. Gerade f\u00fcr Gr\u00fcnderinnen und Gr\u00fcnder entstehe ein Ort, an dem Forschung, Kliniken und Spitzenmedizin eng zusammenr\u00fcckten.<\/p>\n<p>F\u00fcr das Projekt stellt die Stadt Leipzig rund 7,4 Millionen Euro \u00fcber Kapitalr\u00fccklagen der Leipziger Gewerbehof GmbH (LGH) bereit, weitere 14,5 Millionen Euro kommen als F\u00f6rdermittel des Freistaats hinzu. Das Innovationszentrum ist der dritte Bauabschnitt der Messehalle 12 und soll ab 2028 in Betrieb gehen. Dann w\u00e4re die denkmalgerecht umgebaute Halle vollst\u00e4ndig revitalisiert. Urspr\u00fcnglich als Achilleion bezeichnet, war das\u00a0 1923\u20131924 errichtete Geb\u00e4ude eine Ausstellungshalle, die auch als Sportpalast genutzt wurde. Der Bau wurde im <a href=\"https:\/\/www.l-iz.de\/tag\/zweiter-weltkrieg\" target=\"_blank\" rel=\"noopener nofollow\">2. Weltkrieg<\/a> stark besch\u00e4digt, Anfang der 1950er Jahre als Sowjetischer Pavillon neugestaltet.<\/p>\n<p><a href=\"https:\/\/www.europesays.com\/de\/wp-content\/uploads\/2026\/04\/Deutsche-Fotothek_08_Bild_0001.jpg\"><img loading=\"lazy\" decoding=\"async\" class=\"size-full wp-image-654032\" src=\"https:\/\/www.europesays.com\/de\/wp-content\/uploads\/2026\/04\/Deutsche-Fotothek_08_Bild_0001.jpg\" alt=\"\" width=\"1600\" height=\"1029\"  \/><\/a>Das historische Gew\u00f6lbe wird nach dem Wiederaufbau wieder erlebbar sein. Foto: leap:up GmbH\/Deutsche Fotothek<br \/>\nSpritpreis-Demo legt City-Ring lahm<\/p>\n<p>Die Kraftstoffpreise sind seit <a href=\"https:\/\/www.l-iz.de\/tag\/donald-trump\" target=\"_blank\" rel=\"noopener nofollow\">Trumps<\/a> kriegerischem Plutonium-Poker um das iranische Atomprogramm in einen Bereich gestiegen, der sich nicht nur f\u00fcr direkte Nutzer der Verbrennertechnologie bemerkbar macht. Denn neben den Spritkosten selbst steigen auch jene f\u00fcr den Transport von Menschen und Waren sowie f\u00fcr Heizung und Grundversorgung. Die Bundesregierung stellte ein nicht nur kontrovers diskutiertes, sondern bereits in der Vergangenheit gescheitertes Konzept vor, das dem Ernst der Lage nach Ansicht vieler nicht gerecht wird.<\/p>\n<p>Ein Leipziger Spediteur hat wegen dieser Umst\u00e4nde f\u00fcr heute eine Kundgebung mit anschlie\u00dfendem Korso \u00fcber die <a href=\"https:\/\/www.l-iz.de\/tag\/prager-strasse\" target=\"_blank\" rel=\"noopener nofollow\">Prager Stra\u00df<\/a>e und den Stadtring angemeldet, wie Polizei und Versammlungsbeh\u00f6rde gestern Abend auf LZ-Anfrage best\u00e4tigten. Unter dem Motto \u201eOhne uns l\u00e4uft nichts\u201c (was inhaltlich nicht so ganz richtig ist, denn ohne Busse und Taxis wird eher gelaufen als gefahren) treffen sich seit 8:30 Uhr die Teilnehmenden auf dem Parkplatz vor dem <a href=\"https:\/\/www.l-iz.de\/tag\/voelkerschlachtdenkmal\" target=\"_blank\" rel=\"noopener nofollow\">V\u00f6lkerschlachtdenkmal<\/a>.<\/p>\n<p>Um zehn Uhr ist der Start eines Korsos \u00fcber die Prager Stra\u00dfe in Richtung Innenstadt geplant. Nach einem Zwischenstopp auf dem Augustusplatz geht es zur\u00fcck zu dem Ort, dessen eigentlicher Sinn in der Erinnerung an 100.000 Kriegsopfer der \u201eV\u00f6lkerschlacht\u201c am 18. Oktober 1813 liegt.<\/p>\n<p>Direkt am Haupteingang zum benachbarten <a href=\"https:\/\/www.l-iz.de\/tag\/suedfriedhof\" target=\"_blank\" rel=\"noopener nofollow\">S\u00fcdfriedhof<\/a>, dem zweitgr\u00f6\u00dften Friedhof Deutschlands (82 Hektar), drehen dann gegen Mittag noch einmal die Verbrennungsmotoren ordentlich auf, um auf die Kosten f\u00fcr deren Betrieb aufmerksam zu machen. Eine Form des Protests, die m\u00f6glicherweise nicht jedermanns Gefallen findet, obgleich sie notwendig erscheint, betrifft das Problem ja eben weit mehr Menschen, als jene hinterm Lenkrad.<\/p>\n<p><a href=\"https:\/\/www.europesays.com\/de\/wp-content\/uploads\/2026\/04\/251901_naumann1.jpg\"><img loading=\"lazy\" decoding=\"async\" class=\"size-full wp-image-654066\" src=\"https:\/\/www.europesays.com\/de\/wp-content\/uploads\/2026\/04\/251901_naumann1.jpg\" alt=\"\" width=\"6048\" height=\"4032\"  \/><\/a>F\u00fcr ihren berechtigten Protest haben sich die Anmelder den falschen Ort ausgesucht. Foto: Benjamin Weinkauf<br \/>\nSpieler unter Strom<\/p>\n<p>Diese Teenager bleiben n\u00e4chtelang wach. Ab heute zahlen sie daf\u00fcr sogar Eintritt. Doch keine Sorge: Ihre Kinder sind in guten H\u00e4nden\u2026 Das Wort GamesConvention ist den Leipzigern noch immer ein Begriff. Auch wenn diese Messe bereits 2009 nach K\u00f6ln abwanderte.<\/p>\n<p>Mit der heute startenden \u201eCAGGTUS\u201c zeigt Leipzig jedoch erneut, dass L\u00f6cher durchaus geflickt und repariert werden k\u00f6nnen. Der Name verweist dabei bewusst auf die Wurzeln der Veranstaltung: die Leipziger \u201eCastle Area Gaming Group\u201c (CAGG). Erg\u00e4nzt um den Kaktus als augenzwinkerndes Symbol f\u00fcr Ausdauer und Humor entstand eine Marke, die perfekt zur Gamer-Szene passt \u2013 ein Ort f\u00fcr lange Sessions, gemeinsames Erleben und die Leidenschaft am Spielen.<\/p>\n<p>Mehrere B\u00fchnen bieten ein dichtes Live-Programm, Talks und Shows, w\u00e4hrend parallel die gr\u00f6\u00dfte LAN-Party im deutschsprachigen Raum l\u00e4uft. Das ist, kurz erkl\u00e4rt, ein Treffen, bei dem unz\u00e4hlige Menschen ihre Computer oder Konsolen in einem lokalen Netzwerk (Local Area Network, kurz LAN) verbinden, um gemeinsam Spiele zu spielen. Im Mittelpunkt stehen dabei das direkte Miteinander vor Ort, kurze Reaktionszeiten ohne Internetverz\u00f6gerung und das damit einhergehende Erlebnis eines riesigen Zeltplatzes \u2013 nur eben ohne offenes Feuer und bem\u00fchte Interpretationen alter Bob-Dylan-Songs. <\/p>\n<p>An diesem Wochenende geht\u2019s nicht ums Herz, sondern um Hertz. In einer eigenen Halle wird 70 Stunden am St\u00fcck gespielt \u2013 von den insgesamt 2.360 verf\u00fcgbaren Pl\u00e4tzen d\u00fcrften heute kaum noch welche buchbar sein. Gesund ist das nicht, deswegen ist \u2013 im Gegensatz zum Rest der Messe \u2013 der Zugang zu diesem Abenteuer Menschen ab 18 Jahren vorbehalten. Alle anderen k\u00f6nnen sich \u00fcber neue Aussteller freuen. <\/p>\n<p>Ein zentraler Baustein ist die sogenannte FYNG City: Auf 610 Quadratmetern bringt Webedia mit \u201eFind Your Next Game\u201c zahlreiche Titel erstmals nach Leipzig. Ein Riese aus dem Kommunikations- und Spiele-Sektor kehrt mit einem gro\u00dfen Stand zur\u00fcck. Spannend wird die Pr\u00e4sentation eines Gebrauchthandels, der auch im sonstigen Alltag gegenw\u00e4rtig ist: \u201eeBay Live\u201c gewinnt besonders f\u00fcr Sammelkartenfans und Streaming-Formate an Bedeutung. Verk\u00e4ufer pr\u00e4sentieren ihre Produkte in Echtzeit per Livestream, Zuschauer k\u00f6nnen w\u00e4hrend der \u00dcbertragung Fragen stellen, Gebote abgeben oder Artikel sofort kaufen, wodurch ein interaktives Einkaufserlebnis entsteht. <\/p>\n<p>Eine Art \u201eSotheby\u2019s\u201c f\u00fcr Dinge, die man nicht anfassen kann \u2013 gekauft von Menschen, die in Schlafs\u00e4cken zwischen Festplatten schlafen. Wenn \u00fcberhaupt. Der Zugang bleibt bewusst niedrigschwellig: Tickets gibt es ab 29 Euro, erm\u00e4\u00dfigt 19 Euro. Der Eintritt ist ab 12 Jahren m\u00f6glich, f\u00fcr die LAN-Party gilt, wie geschrieben, ein Mindestalter von 18 Jahren.<\/p>\n<p><a href=\"https:\/\/www.europesays.com\/de\/wp-content\/uploads\/2026\/04\/IMG_0128.jpeg\"><img loading=\"lazy\" decoding=\"async\" class=\"size-full wp-image-653972\" src=\"https:\/\/www.europesays.com\/de\/wp-content\/uploads\/2026\/04\/IMG_0128.jpeg\" alt=\"\" width=\"7755\" height=\"5170\"  \/><\/a>Riesen-Schlafsaal mit Computerspielstra\u00dfen. \u00dcber 2000 Freaks nahmen 2025 an Deutschlands gr\u00f6\u00dfter LAN-Party teil. Foto: Niclas Schmidt \/ Leipziger Messe<br \/>\nAlte Eisen in neuem Glanz<\/p>\n<p>Am Sonnabend \u00f6ffnet nach Umbau und \u00a0Sanierung das \u201eDB Museum\u201c in Leipzigs charmanter Nachbarstadt <a href=\"https:\/\/www.l-iz.de\/tag\/halle-saale\" target=\"_blank\" rel=\"noopener nofollow\">Halle<\/a> seine Lokschuppen. Die Geschichte der Eisenbahn, erz\u00e4hlt von ihren einstigen Hauptdarstellern. Erlebbar durch die Begegnung mit originalen Triebwagen, deren F\u00fchrerst\u00e4nde betretbar sind, und Nachbauten in Modellbaugr\u00f6\u00dfe. Weil die R\u00fcckschau\u00a0 auch eine Aussicht in die Moderne verdient, erm\u00f6glicht die <a href=\"https:\/\/www.l-iz.de\/tag\/deutsche-bahn\" target=\"_blank\" rel=\"noopener nofollow\">\u201eDB Regio\u201c<\/a> morgen zwischen 10 und 12 zus\u00e4tzlich einen exklusiven Blick in den Elektrobetriebszug \u201eMireo\u201c, der ab Dezember im mitteldeutschen S-Bahn-Netz unterwegs sein wird. Eine Chance, die es zu nutzen gilt. Denn w\u00e4hrend des regul\u00e4ren Betriebes im Nahverkehr sind Besuche im Triebwagen schlicht verboten. Ab dem 18. April 2026 ist die Einrichtung damit wieder regelm\u00e4\u00dfig samstags von 10 bis 16 Uhr ge\u00f6ffnet.<\/p>\n<p>Wenig Hoffnung f\u00fcr den SC DHfK<\/p>\n<p>Da half selbst der Zuspruch des Gegners nichts (<a href=\"https:\/\/www.l-iz.de\/der-tag\/2026\/04\/hallo-leipzig-so-startet-donnerstag-der-16-april-2026-653951\" target=\"_blank\" rel=\"noopener nofollow\">LZ berichtete<\/a>) \u2013 der Leipziger M\u00e4nnerhandball bleibt im Keller.\u00a0 Zum achten Mal in Folge verlor die Mannschaft um Trainer Frank Carstens. Gestern mit 31:37 (12:21) gegen den VfL Gummersbach vor fast viereinhalbtausend Zuschauern in der heimischen Arena an der Jahnallee. Die G\u00e4ste aus Nordrhein-Westfalen erzielten hingegen ihren elften Sieg\u00a0 in Serie und behaupten sich somit weiterhin souver\u00e4n auf dem vierten Platz der Bundesliga.\u00a0<\/p>\n<p>Ob sich der drohende Abstieg in die Zweitklassigkeit noch verhindern l\u00e4\u00dft, wird sich am 25. April zeigen. Dann sind die Leipziger in Kiel zu Gast. Der \u201eTurnverein Hassee-Winterbeck\u201c (THW) wurde 1904 gegr\u00fcndet und besticht vor allem durch die Qualit\u00e4t seiner Handballer. Derzeit belegt das Team Platz 5 der Bundesliga.<\/p>\n<ul class=\"swiper-wrapper kf-gallery-photos\">\n<li class=\"swiper-slide\"><img decoding=\"async\" width=\"698\" height=\"465\" src=\"https:\/\/www.europesays.com\/de\/wp-content\/uploads\/2026\/04\/DHfK-v-Gummersbach-Jan_Kaefer-00008367-698x465.jpg\" class=\"attachment-large size-large\" alt=\"\" loading=\"lazy\"  \/>Lukas Binder (11, SC DHfK Leipzig) reagiert mit Unverst\u00e4ndnis. Foto: Jan Kaefer<\/li>\n<li class=\"swiper-slide\"><img decoding=\"async\" width=\"698\" height=\"465\" src=\"https:\/\/www.europesays.com\/de\/wp-content\/uploads\/2026\/04\/DHfK-v-Gummersbach-Jan_Kaefer-00008527-698x465.jpg\" class=\"attachment-large size-large\" alt=\"\" loading=\"lazy\"  \/>Kentin Mahe (22, VfL Gummersbach) hat das Trikot seines Gegners im Griff. Foto: Jan Kaefer<\/li>\n<li class=\"swiper-slide\"><img decoding=\"async\" width=\"698\" height=\"465\" src=\"https:\/\/www.europesays.com\/de\/wp-content\/uploads\/2026\/04\/DHfK-v-Gummersbach-Jan_Kaefer-00008257-698x465.jpg\" class=\"attachment-large size-large\" alt=\"\" loading=\"lazy\"  \/>Dean Bombac (67, SC DHfK Leipzig) wird von Lukas Blohme (8, VfL Gummersbach) bedr\u00e4ngt. Foto: Jan Kaefer<\/li>\n<li class=\"swiper-slide\"><img decoding=\"async\" width=\"698\" height=\"465\" src=\"https:\/\/www.europesays.com\/de\/wp-content\/uploads\/2026\/04\/DHfK-v-Gummersbach-Jan_Kaefer-00008306-698x465.jpg\" class=\"attachment-large size-large\" alt=\"\" loading=\"lazy\"  \/>William Bogojevic (20, SC DHfK Leipzig). Foto: Jan Kaefer<\/li>\n<li class=\"swiper-slide\"><img decoding=\"async\" width=\"698\" height=\"465\" src=\"https:\/\/www.europesays.com\/de\/wp-content\/uploads\/2026\/04\/DHfK-v-Gummersbach-Jan_Kaefer-00008315-698x465.jpg\" class=\"attachment-large size-large\" alt=\"\" loading=\"lazy\"  \/>Franz Semper (32, SC DHfK Leipzig) wirft. Foto: Jan Kaefer<\/li>\n<li class=\"swiper-slide\"><img decoding=\"async\" width=\"698\" height=\"465\" src=\"https:\/\/www.europesays.com\/de\/wp-content\/uploads\/2026\/04\/DHfK-v-Gummersbach-Jan_Kaefer-00008339-698x465.jpg\" class=\"attachment-large size-large\" alt=\"\" loading=\"lazy\"  \/>Blaer Hinriksson (44, SC DHfK Leipzig) in der Luft, Stepan Zeman (66, VfL Gummersbach) verteidigt. Foto: Jan Kaefer<\/li>\n<li class=\"swiper-slide\"><img decoding=\"async\" width=\"698\" height=\"465\" src=\"https:\/\/www.europesays.com\/de\/wp-content\/uploads\/2026\/04\/DHfK-v-Gummersbach-Jan_Kaefer-00008404-698x465.jpg\" class=\"attachment-large size-large\" alt=\"\" loading=\"lazy\"  \/>Lukas Binder (11, SC DHfK Leipzig) wirft. Foto: Jan Kaefer<\/li>\n<li class=\"swiper-slide\"><img decoding=\"async\" width=\"698\" height=\"465\" src=\"https:\/\/www.europesays.com\/de\/wp-content\/uploads\/2026\/04\/DHfK-v-Gummersbach-Jan_Kaefer-00008520-698x465.jpg\" class=\"attachment-large size-large\" alt=\"\" loading=\"lazy\"  \/>Torwart Dominik Kuzmanovic (1, VfL Gummersbach) erwartet den Wurf von Tomas Piroch (7, SC DHfK Leipzig). Foto: Jan Kaefer<\/li>\n<li class=\"swiper-slide\"><img decoding=\"async\" width=\"698\" height=\"465\" src=\"https:\/\/www.europesays.com\/de\/wp-content\/uploads\/2026\/04\/DHfK-v-Gummersbach-Jan_Kaefer-00008497-698x465.jpg\" class=\"attachment-large size-large\" alt=\"\" loading=\"lazy\"  \/>Cheftrainer Frank Carstens (SC DHfK Leipzig). Foto: Jan Kaefer<\/li>\n<li class=\"swiper-slide\"><img decoding=\"async\" width=\"698\" height=\"465\" src=\"https:\/\/www.europesays.com\/de\/wp-content\/uploads\/2026\/04\/DHfK-v-Gummersbach-Jan_Kaefer-00008622-698x465.jpg\" class=\"attachment-large size-large\" alt=\"\" loading=\"lazy\"  \/>Tilen Kodrin (5, VfL Gummersbach), Torwart Bertram Obling (16, VfL Gummersbach) und ihr Team applaudieren den mitgereisten Fans und feiern den Sieg. Foto: Jan Kaefer<\/li>\n<li class=\"swiper-slide\"><img decoding=\"async\" width=\"698\" height=\"465\" src=\"https:\/\/www.europesays.com\/de\/wp-content\/uploads\/2026\/04\/DHfK-v-Gummersbach-Jan_Kaefer-00008421-698x465.jpg\" class=\"attachment-large size-large\" alt=\"\" loading=\"lazy\"  \/>Freiwurf gegen die gesamte Abwehr-Mauer der Leipziger. Foto: Jan Kaefer<\/li>\n<li class=\"swiper-slide\"><img decoding=\"async\" width=\"698\" height=\"465\" src=\"https:\/\/www.europesays.com\/de\/wp-content\/uploads\/2026\/04\/T24-DHfK-v-Gummersbach-Jan_Kaefer-00008117-698x465.jpg\" class=\"attachment-large size-large\" alt=\"\" loading=\"lazy\"  \/>GEMEINSAM ERSTKLASSIG &#8211; so lautet das Thema bei den Handballern des SC DHfK Leipzig &#8211; nicht nur auf den Klatschpappen. Foto: Jan Kaefer<\/li>\n<\/ul>\n","protected":false},"excerpt":{"rendered":"Leipzigs Handballer bleiben weiterhin erfolglos und verlieren erneut. Auf der Alten Messe kommt der Wiederaufbau der einstigen Halle&hellip;\n","protected":false},"author":2,"featured_media":952352,"comment_status":"","ping_status":"","sticky":false,"template":"","format":"standard","meta":{"footnotes":"","_share_on_mastodon":"0"},"categories":[1832],"tags":[3364,2409,29,30,17332,71,47,15466,859,44076,14713],"class_list":["post-952351","post","type-post","status-publish","format-standard","has-post-thumbnail","category-leipzig","tag-de","tag-der-tag","tag-deutschland","tag-germany","tag-halle-saale","tag-leipzig","tag-messe","tag-prager-strasse","tag-sachsen","tag-sc-dhfk","tag-voelkerschlachtdenkmal"],"share_on_mastodon":{"url":"https:\/\/pubeurope.com\/@de\/116419313457957132","error":""},"_links":{"self":[{"href":"https:\/\/www.europesays.com\/de\/wp-json\/wp\/v2\/posts\/952351","targetHints":{"allow":["GET"]}}],"collection":[{"href":"https:\/\/www.europesays.com\/de\/wp-json\/wp\/v2\/posts"}],"about":[{"href":"https:\/\/www.europesays.com\/de\/wp-json\/wp\/v2\/types\/post"}],"author":[{"embeddable":true,"href":"https:\/\/www.europesays.com\/de\/wp-json\/wp\/v2\/users\/2"}],"replies":[{"embeddable":true,"href":"https:\/\/www.europesays.com\/de\/wp-json\/wp\/v2\/comments?post=952351"}],"version-history":[{"count":0,"href":"https:\/\/www.europesays.com\/de\/wp-json\/wp\/v2\/posts\/952351\/revisions"}],"wp:featuredmedia":[{"embeddable":true,"href":"https:\/\/www.europesays.com\/de\/wp-json\/wp\/v2\/media\/952352"}],"wp:attachment":[{"href":"https:\/\/www.europesays.com\/de\/wp-json\/wp\/v2\/media?parent=952351"}],"wp:term":[{"taxonomy":"category","embeddable":true,"href":"https:\/\/www.europesays.com\/de\/wp-json\/wp\/v2\/categories?post=952351"},{"taxonomy":"post_tag","embeddable":true,"href":"https:\/\/www.europesays.com\/de\/wp-json\/wp\/v2\/tags?post=952351"}],"curies":[{"name":"wp","href":"https:\/\/api.w.org\/{rel}","templated":true}]}}